{"id":319415,"date":"2025-08-14T21:02:13","date_gmt":"2025-08-14T21:02:13","guid":{"rendered":"https:\/\/www.europesays.com\/fr\/319415\/"},"modified":"2025-08-14T21:02:13","modified_gmt":"2025-08-14T21:02:13","slug":"le-plus-long-telepherique-urbain-deurope-bientot-mis-en-service","status":"publish","type":"post","link":"https:\/\/www.europesays.com\/fr\/319415\/","title":{"rendered":"le plus long t\u00e9l\u00e9ph\u00e9rique urbain d&rsquo;Europe bient\u00f4t mis en service"},"content":{"rendered":"<p class=\"article-p mdl\">Un t\u00e9l\u00e9ph\u00e9rique va devenir un transport en commun. Dans le Val-de-Marne, le premier t\u00e9l\u00e9ph\u00e9rique urbain d&rsquo;\u00cele-de-France va transporter des passagers d\u00e8s la fin de l&rsquo;ann\u00e9e 2025 entre Cr\u00e9teil et Villeneuve-Saint-Georges, en passant par Valenton et Limeil-Br\u00e9vannes, avec des arr\u00eats dans cinq stations.\u00a0<\/p>\n<p class=\"article-p mdl\">Le trac\u00e9 de <strong>4,5 km <\/strong>en fait le<strong> plus long t\u00e9l\u00e9ph\u00e9rique urbain d&rsquo;Europe.<\/strong> Le trac\u00e9 est jalonn\u00e9 de 36 pyl\u00f4nes blancs fins de 25 \u00e0 40 m\u00e8tres de haut, qui se d\u00e9doublent au sommet pour rappeler les ailes d&rsquo;un oiseau. Les premiers tests sur les c\u00e2bles tress\u00e9s d&rsquo;acier et de plastique ont commenc\u00e9.\u00a0<\/p>\n<p class=\"article-p mdl\">Les 105 cabines circulent encore emmaillot\u00e9es dans leur b\u00e2che blanche. Les tests en conditions r\u00e9elles auront lieu \u00e0 la rentr\u00e9e. Il y a <strong>10 places assises par cabine<\/strong>, les si\u00e8ges peuvent \u00eatre relev\u00e9s pour laisser entrer un fauteuil roulant, une poussette, des valises. Il est <strong>interdit de voyager debout.<\/strong><\/p>\n<p class=\"article-p mdl\">Ce t\u00e9l\u00e9ph\u00e9rique 100% \u00e9lectrique va \u00eatre un transport en commun comme les autres gr\u00e2ce \u00e0 sa fr\u00e9quence. Avec son service en continu, une <strong>cabine entrera en station toutes les 23 secondes<\/strong>, avec pas plus de 30 secondes d&rsquo;attente. Au moment de la mise en service, <strong>11.000 passagers doivent \u00eatre transport\u00e9s par jour.<\/strong> L&rsquo;objectif est de d\u00e9senclaver ce secteur en mettant\u00a0<a class=\"link\" href=\"https:\/\/www.rtl.fr\/actu\/justice-faits-divers\/creteil-un-mort-et-de-nombreuses-interpellations-apres-une-rixe-7900404210\" target=\"_blank\" rel=\"noopener\">Cr\u00e9teil<\/a>\u00a0au c\u0153ur d&rsquo;un croisement de r\u00e9seau.<\/p>\n<p>            Pourquoi un t\u00e9l\u00e9ph\u00e9rique ?<\/p>\n<p class=\"article-p mdl\">La ligne\u00a08 du\u00a0<a class=\"link\" href=\"https:\/\/www.rtl.fr\/actu\/debats-societe\/quelles-sont-les-stations-de-metro-et-de-rer-qui-seront-fermees-au-mois-d-aout-7900526964\" target=\"_blank\" rel=\"noopener\">m\u00e9tro parisien<\/a>\u00a0s&rsquo;arr\u00eate \u00e0 Cr\u00e9teil. La prolonger aurait co\u00fbt\u00e9 plus cher que l&rsquo;option a\u00e9rienne. En moyenne, le <strong>prolongement d&rsquo;une ligne de m\u00e9tro co\u00fbte 100 millions d&rsquo;euros le kilom\u00e8tre<\/strong>, explique \u00cele-de-France Mobilit\u00e9s, le gestionnaire des transports en commun de la r\u00e9gion.\u00a0<\/p>\n<p class=\"article-p mdl\">Le co\u00fbt des travaux du t\u00e9l\u00e9ph\u00e9rique s&rsquo;\u00e9l\u00e8ve \u00e0 <strong>132 millions d&rsquo;euros pour la totalit\u00e9 des infrastructures <\/strong>et le chantier n&rsquo;a dur\u00e9 que trois ans. <strong>En bus<\/strong>, un trajet de Cr\u00e9teil \u00e0\u00a0<a class=\"link\" href=\"https:\/\/www.rtl.fr\/actu\/debats-societe\/desinfecter-et-parfumer-l-etonnante-solution-de-la-mairie-de-villeneuve-saint-georges-face-aux-urinoirs-sauvages-7900524670\" target=\"_blank\" rel=\"noopener\">Villeneuve-Saint-Georges<\/a>\u00a0prend entre <strong>40 et 55 minutes<\/strong> en fonction du trafic routier, souvent dense dans ce secteur. Cela prendra <strong>18 minutes en t\u00e9l\u00e9ph\u00e9rique.\u00a0<\/strong><\/p>\n<p class=\"article-p mdl\">Les cabines vont passer au-dessus d&rsquo;une nationale deux fois deux voies, au-dessus des lignes de fret ferroviaire, d&rsquo;une gare de triage. Le TGV sud-est circule aussi. Pas besoin de gros d\u00e9nivel\u00e9s pour installer un t\u00e9l\u00e9ph\u00e9rique, tout est vallonn\u00e9.\u00a0<\/p>\n<p class=\"article-p mdl\">Les travaux ont \u00e9t\u00e9 <strong>financ\u00e9s \u00e0\u00a049% par la r\u00e9gion \u00cele-de-France<\/strong>, 30% par le d\u00e9partement du Val-de-Marne et 21% par l&rsquo;\u00c9tat. \u00cele-de-France Mobilit\u00e9s a achet\u00e9 les cabines et a confi\u00e9 l&rsquo;exploitation de la ligne \u00e0 la soci\u00e9t\u00e9 Transdev, concurrente de la\u00a0<a class=\"link\" href=\"https:\/\/www.rtl.fr\/actu\/economie-consommation\/ratp-peut-on-se-faire-verbaliser-si-on-emmene-une-valise-trop-grosse-dans-le-metro-7900502933\" target=\"_blank\" rel=\"noopener\">RATP<\/a>\u00a0dans les transports publics.\u00a0<\/p>\n<p>            Inclus dans l&rsquo;abonnement Pass Navigo<\/p>\n<p class=\"article-p mdl\">Le co\u00fbt de fonctionnement est \u00e9valu\u00e9 \u00e0 <strong>5,5 millions d&rsquo;euros par an, avec un taux de rentabilit\u00e9 autour de 4%<\/strong>, donc le t\u00e9l\u00e9ph\u00e9rique devrait rapporter plus qu&rsquo;il ne co\u00fbte. Le prix du ticket \u00e0 l&rsquo;unit\u00e9 est le m\u00eame que celui actuel du bus, 2 euros, avec une r\u00e9duction de 20% avec la carte Libert\u00e9 Plus. Le t\u00e9l\u00e9ph\u00e9rique sera inclus dans l&rsquo;abonnement Navigo.\u00a0<\/p>\n<p>Mais le projet ne fait pas que des heureux. Des habitants du quartier Sarrazins \u00e0 Cr\u00e9teil <strong>redoutaient un t\u00e9l\u00e9ph\u00e9rique trop bruyant et trop proche<\/strong> de leur habitation au m\u00e9pris de leur intimit\u00e9. Leur recours en justice a \u00e9t\u00e9 rejet\u00e9, mais les pyl\u00f4nes dans ce secteur ont \u00e9t\u00e9 rehauss\u00e9s pour passer largement au-dessus des immeubles.\u00a0<\/p>\n<p>La partie basse des vitres des cabines est opaque pour \u00e9viter la vue plongeante chez les uns et les autres. \u00cele-de-France Mobilit\u00e9s assure que <strong>la technologie permet un transport silencieux<\/strong>. Ce premier t\u00e9l\u00e9ph\u00e9rique d&rsquo;\u00cele-de-France <strong>s&rsquo;appelle C\u00e2ble C1 <\/strong>parce qu&rsquo;il n&rsquo;est pas impossible qu&rsquo;il y ait un jour quelque part dans la r\u00e9gion un C2.<\/p>\n<p>    La r\u00e9daction vous recommande<\/p>\n<p class=\"s-newsletter__title\">\n                L\u2019actualit\u00e9 par la r\u00e9daction de RTL dans votre bo\u00eete mail.\n            <\/p>\n<p class=\"s-newsletter__subtitle\">\n                Gr\u00e2ce \u00e0 votre compte RTL abonnez-vous \u00e0 la newsletter RTL info pour suivre toute l&rsquo;actualit\u00e9 au quotidien\n            <\/p>\n<p>\n                                    Lire la suite\n                                <\/p>\n","protected":false},"excerpt":{"rendered":"Un t\u00e9l\u00e9ph\u00e9rique va devenir un transport en commun. Dans le Val-de-Marne, le premier t\u00e9l\u00e9ph\u00e9rique urbain d&rsquo;\u00cele-de-France va transporter&hellip;\n","protected":false},"author":2,"featured_media":319416,"comment_status":"","ping_status":"","sticky":false,"template":"","format":"standard","meta":{"footnotes":""},"categories":[1592],"tags":[1111,11,1777,674,107,1011,27,662,12,626,362,25,800,1125],"class_list":{"0":"post-319415","1":"post","2":"type-post","3":"status-publish","4":"format-standard","5":"has-post-thumbnail","7":"category-ile-de-france","8":"tag-actu","9":"tag-actualites","10":"tag-eu","11":"tag-europe","12":"tag-fil-info","13":"tag-fr","14":"tag-france","15":"tag-ile-de-france","16":"tag-news","17":"tag-paris","18":"tag-replay","19":"tag-republique-francaise","20":"tag-transports","21":"tag-val-de-marne"},"share_on_mastodon":{"url":"https:\/\/pubeurope.com\/@fr\/115029143994794541","error":""},"_links":{"self":[{"href":"https:\/\/www.europesays.com\/fr\/wp-json\/wp\/v2\/posts\/319415","targetHints":{"allow":["GET"]}}],"collection":[{"href":"https:\/\/www.europesays.com\/fr\/wp-json\/wp\/v2\/posts"}],"about":[{"href":"https:\/\/www.europesays.com\/fr\/wp-json\/wp\/v2\/types\/post"}],"author":[{"embeddable":true,"href":"https:\/\/www.europesays.com\/fr\/wp-json\/wp\/v2\/users\/2"}],"replies":[{"embeddable":true,"href":"https:\/\/www.europesays.com\/fr\/wp-json\/wp\/v2\/comments?post=319415"}],"version-history":[{"count":0,"href":"https:\/\/www.europesays.com\/fr\/wp-json\/wp\/v2\/posts\/319415\/revisions"}],"wp:featuredmedia":[{"embeddable":true,"href":"https:\/\/www.europesays.com\/fr\/wp-json\/wp\/v2\/media\/319416"}],"wp:attachment":[{"href":"https:\/\/www.europesays.com\/fr\/wp-json\/wp\/v2\/media?parent=319415"}],"wp:term":[{"taxonomy":"category","embeddable":true,"href":"https:\/\/www.europesays.com\/fr\/wp-json\/wp\/v2\/categories?post=319415"},{"taxonomy":"post_tag","embeddable":true,"href":"https:\/\/www.europesays.com\/fr\/wp-json\/wp\/v2\/tags?post=319415"}],"curies":[{"name":"wp","href":"https:\/\/api.w.org\/{rel}","templated":true}]}}