{"id":319417,"date":"2025-08-14T21:03:12","date_gmt":"2025-08-14T21:03:12","guid":{"rendered":"https:\/\/www.europesays.com\/fr\/319417\/"},"modified":"2025-08-14T21:03:12","modified_gmt":"2025-08-14T21:03:12","slug":"un-ministre-israelien-dextreme-droite-veut-accelerer-la-colonisation-en-cisjordanie","status":"publish","type":"post","link":"https:\/\/www.europesays.com\/fr\/319417\/","title":{"rendered":"un ministre isra\u00e9lien d&rsquo;extr\u00eame droite veut acc\u00e9l\u00e9rer la colonisation en Cisjordanie"},"content":{"rendered":"<p class=\"c-chapo \">\n  Ce dernier a \u00e9galement appel\u00e9 \u00e0 annexer le territoire palestinien occup\u00e9 par Isra\u00ebl, en riposte aux annonces de plusieurs pays de reconna\u00eetre un Etat palestinien.\n<\/p>\n<p>            lire plus tard<\/p>\n<p id=\"dialog__title\" class=\"dialog__title\">Pour sauvegarder cet article, connectez-vous ou cr\u00e9ez un compte franceinfo<\/p>\n<p class=\"dialog__description\">Sans paiement. Sans abonnement.<\/p>\n<p>        Fermer la fen\u00eatre d\u2019activation des notifications France Info<\/p>\n<p>            cr\u00e9er votre compte<\/p>\n<p>            se connecter<\/p>\n<p>        Fermer la fen\u00eatre de pr\u00e9sentation<\/p>\n<p>    <img loading=\"lazy\" decoding=\"async\" class=\"signature__image lazyload\" width=\"100\" height=\"100\" data- alt=\"\" src=\"https:\/\/www.europesays.com\/fr\/wp-content\/uploads\/2025\/05\/64a68815cd1a7_placeholder-36b69ec8.png\"\/><\/p>\n<p>    Publi\u00e9 le 14\/08\/2025 21:28<\/p>\n<p>      Mis \u00e0 jour le 14\/08\/2025 21:52<\/p>\n<p>        Temps de lecture : 1min<\/p>\n<p>    <img decoding=\"async\"  alt=\"L'entr\u00e9e de la colonie ill\u00e9gale d'Alon, en Cisjordanie, le 25 ao\u00fbt 2023. (FREDERIC PETRY \/ HANS LUCAS \/ AFP)\" width=\"432\" height=\"243\" src=\"https:\/\/www.europesays.com\/fr\/wp-content\/uploads\/2025\/08\/080-hl-fpetry-2231854-689e388c11a54122927961.jpg\" fetchpriority=\"high\"\/><\/p>\n<p>      L&rsquo;entr\u00e9e de la colonie ill\u00e9gale d&rsquo;Alon, en Cisjordanie, le 25 ao\u00fbt 2023. (FREDERIC PETRY \/ HANS LUCAS \/ AFP)<\/p>\n<p>Un ministre isra\u00e9lien d&rsquo;extr\u00eame droite a appel\u00e9, jeudi 14 ao\u00fbt, \u00e0 acc\u00e9l\u00e9rer un projet de construction de 3\u00a0400 logements en Cisjordanie et \u00e0 annexer ce territoire palestinien occup\u00e9 par Isra\u00ebl, en riposte aux <a href=\"https:\/\/www.franceinfo.fr\/monde\/proche-orient\/israel-palestine\/reconnaissance-de-l-etat-de-palestine-a-quoi-va-servir-la-conference-a-l-onu-presidee-par-la-france-et-l-arabie-saoudite_7402258.html\" rel=\"nofollow noopener\" target=\"_blank\">annonces de plusieurs pays de reconna\u00eetre un Etat palestinien<\/a>. Ce projet cl\u00e9, baptis\u00e9 E1, couperait la Cisjordanie en deux et emp\u00eacherait d\u00e9finitivement la cr\u00e9ation d&rsquo;un \u00e9ventuel Etat palestinien disposant d&rsquo;une continuit\u00e9 territoriale, selon ses d\u00e9tracteurs.<\/p>\n<p>\u00ab\u00a0Si vous reconnaissez un Etat palestinien en septembre, notre r\u00e9ponse sera l&rsquo;application de la souverainet\u00e9 isra\u00e9lienne sur toutes les parties de Jud\u00e9e-Samarie\u00a0\u00bb, a d\u00e9clar\u00e9 le ministre des Finances, Bezalel Smotrich. Le patron de l&rsquo;ONU, Antonio Guterres, a averti que ce projet, \u00ab\u00a0s&rsquo;il se concr\u00e9tisait mettrait fin aux perspectives d&rsquo;une solution \u00e0 deux Etats et couperait le nord du sud de la Cisjordanie\u00a0\u00bb, selon son porte-parole, St\u00e9phane Dujarric. La cheffe de la diplomatie de l&rsquo;Union europ\u00e9enne, Kaja Kallas, a aussi appel\u00e9 Isra\u00ebl \u00e0 \u00ab\u00a0renoncer\u00a0\u00bb \u00e0 poursuivre son projet, qui \u00ab\u00a0sape davantage la solution \u00e0 deux Etats tout en constituant une violation du droit international\u00a0\u00bb.<\/p>\n<p>L&rsquo;Autorit\u00e9 palestinienne bas\u00e9e \u00e0 Ramallah en Cisjordanie a \u00ab\u00a0condamn\u00e9 fermement\u00a0\u00bb ce projet et \u00ab\u00a0appel\u00e9 \u00e0 une intervention internationale et des sanctions pour arr\u00eater sa mise en \u0153uvre\u00a0\u00bb. \u00ab\u00a0La construction dans la zone E1 est une continuation des plans d&rsquo;occupation visant \u00e0 an\u00e9antir toute possibilit\u00e9 d&rsquo;\u00e9tablir l&rsquo;Etat palestinien\u00a0\u00bb, a-t-elle affirm\u00e9. Isra\u00ebl occupe la Cisjordanie depuis 1967. Quelque trois millions de Palestiniens y vivent, aux c\u00f4t\u00e9s d&rsquo;environ 500\u00a0000 Isra\u00e9liens install\u00e9s dans des colonies, ill\u00e9gales au regard du droit international.\u00a0<\/p>\n<p class=\"related-tags__title\" role=\"heading\" aria-level=\"2\">les mots-cl\u00e9s associ\u00e9s \u00e0 cet article\n    <\/p>\n","protected":false},"excerpt":{"rendered":"Ce dernier a \u00e9galement appel\u00e9 \u00e0 annexer le territoire palestinien occup\u00e9 par Isra\u00ebl, en riposte aux annonces de&hellip;\n","protected":false},"author":2,"featured_media":319418,"comment_status":"","ping_status":"","sticky":false,"template":"","format":"standard","meta":{"footnotes":""},"categories":[1888],"tags":[1111,1928,11,1927,1777,674,1011,27,12,1926,626,1925,25],"class_list":{"0":"post-319417","1":"post","2":"type-post","3":"status-publish","4":"format-standard","5":"has-post-thumbnail","7":"category-paris","8":"tag-actu","9":"tag-actu-paris","10":"tag-actualites","11":"tag-actualites-paris","12":"tag-eu","13":"tag-europe","14":"tag-fr","15":"tag-france","16":"tag-news","17":"tag-news-paris","18":"tag-paris","19":"tag-paris-news","20":"tag-republique-francaise"},"share_on_mastodon":{"url":"https:\/\/pubeurope.com\/@fr\/115029148219368039","error":""},"_links":{"self":[{"href":"https:\/\/www.europesays.com\/fr\/wp-json\/wp\/v2\/posts\/319417","targetHints":{"allow":["GET"]}}],"collection":[{"href":"https:\/\/www.europesays.com\/fr\/wp-json\/wp\/v2\/posts"}],"about":[{"href":"https:\/\/www.europesays.com\/fr\/wp-json\/wp\/v2\/types\/post"}],"author":[{"embeddable":true,"href":"https:\/\/www.europesays.com\/fr\/wp-json\/wp\/v2\/users\/2"}],"replies":[{"embeddable":true,"href":"https:\/\/www.europesays.com\/fr\/wp-json\/wp\/v2\/comments?post=319417"}],"version-history":[{"count":0,"href":"https:\/\/www.europesays.com\/fr\/wp-json\/wp\/v2\/posts\/319417\/revisions"}],"wp:featuredmedia":[{"embeddable":true,"href":"https:\/\/www.europesays.com\/fr\/wp-json\/wp\/v2\/media\/319418"}],"wp:attachment":[{"href":"https:\/\/www.europesays.com\/fr\/wp-json\/wp\/v2\/media?parent=319417"}],"wp:term":[{"taxonomy":"category","embeddable":true,"href":"https:\/\/www.europesays.com\/fr\/wp-json\/wp\/v2\/categories?post=319417"},{"taxonomy":"post_tag","embeddable":true,"href":"https:\/\/www.europesays.com\/fr\/wp-json\/wp\/v2\/tags?post=319417"}],"curies":[{"name":"wp","href":"https:\/\/api.w.org\/{rel}","templated":true}]}}