{"id":319419,"date":"2025-08-14T21:04:15","date_gmt":"2025-08-14T21:04:15","guid":{"rendered":"https:\/\/www.europesays.com\/fr\/319419\/"},"modified":"2025-08-14T21:04:15","modified_gmt":"2025-08-14T21:04:15","slug":"verif-paris-est-elle-reellement-la-capitale-europeenne-la-plus-mortelle-en-cas-de-canicule","status":"publish","type":"post","link":"https:\/\/www.europesays.com\/fr\/319419\/","title":{"rendered":"V\u00c9RIF&rsquo; \u2013 Paris est-elle r\u00e9ellement la capitale europ\u00e9enne \u00ab\u00a0la plus mortelle\u00a0\u00bb en cas de canicule ?"},"content":{"rendered":"<ul class=\"jsx-862013697 ArticleChapo__List\">\n<li class=\"jsx-862013697 ArticleChapo__List_Item flex\">La r\u00e9gion parisienne a \u00e9t\u00e9 plac\u00e9e en vigilance orange canicule depuis mardi.<\/li>\n<li class=\"jsx-862013697 ArticleChapo__List_Item flex\">Or la ville serait la \u00ab\u00a0capitale europ\u00e9enne la plus mortelle en cas de canicule\u00a0\u00bb, d&rsquo;apr\u00e8s Rachida Dati.<\/li>\n<li class=\"jsx-862013697 ArticleChapo__List_Item flex\">Une information authentique, mais qui ne permet pas de juger d&rsquo;un quelconque bilan politique r\u00e9cent.<\/li>\n<\/ul>\n<p><a href=\"https:\/\/www.tf1info.fr\/actualite\/les-verificateurs-12325\/\" rel=\"noopener\" class=\"jsx-484472199 Link jsx-1428418400 jsx-1910851033\" target=\"_blank\"><\/p>\n<p style=\"font-weight:400\" class=\"jsx-1837267516\">Suivez la couverture compl\u00e8te<\/p>\n<p style=\"font-weight:800\" class=\"jsx-1837267516\">L&rsquo;info pass\u00e9e au crible des V\u00e9rificateurs<\/p>\n<p><\/a><\/p>\n<p data-module=\"article-paragraph\" class=\"jsx-3046738180 Paragraph Paragraph__End\">Paris sous le soleil peut sembler id\u00e9al pour visiter la capitale. Mais \u00e7a l&rsquo;est moins lorsque le mercure monte. Sur son compte X, Rachida Dati a regrett\u00e9 ce lundi 11 ao\u00fbt que la ville soit \u00ab\u00a0la capitale europ\u00e9enne la plus mortelle en cas de canicule\u00a0\u00bb. Selon la ministre de la Culture, candidate pour prendre les r\u00eanes de la ville <a href=\"https:\/\/www.tf1info.fr\/actualite\/elections-municipales-12363\/\" target=\"_blank\" rel=\"noopener\">aux prochaines municipales (nouvelle fen\u00eatre)<\/a>, les Parisiens paieraient le \u00ab\u00a0bilan de la politique d&rsquo;Anne Hidalgo\u00a0\u00bb. \u00ab\u00a0Quatre plans climats et des centaines d&rsquo;annonces apr\u00e8s, Paris n&rsquo;a jamais \u00e9t\u00e9 autant une fournaise\u00a0\u00bb, <a href=\"https:\/\/archive.ph\/jpT4M  \" target=\"_blank\" rel=\"nofollow noopener\">a-t-elle \u00e9crit (nouvelle fen\u00eatre)<\/a>, ironisant sur les \u00ab\u00a0donneurs de le\u00e7ons\u00a0\u00bb. Mais qu&rsquo;en est-il r\u00e9ellement ? Nous avons v\u00e9rifi\u00e9.<\/p>\n<p>Paris pr\u00e9sente le \u00ab\u00a0risque le plus important\u00a0\u00bb<\/p>\n<p data-module=\"article-paragraph\" class=\"jsx-3046738180 Paragraph\">Cette information, on la retrouve bien dans une \u00e9tude du <a href=\"https:\/\/www.thelancet.com\/journals\/lanplh\/article\/PIIS2542-5196(23)00023-2\/fulltext  \" target=\"_blank\" rel=\"nofollow noopener\">Lancet Planetary Health. (nouvelle fen\u00eatre)<\/a> Publi\u00e9e en mars 2023, elle analyse la \u00ab\u00a0surmortalit\u00e9 attribu\u00e9e \u00e0 la chaleur et au froid\u00a0\u00bb dans 854 villes europ\u00e9ennes. Pour ce faire, les chercheurs du d\u00e9partement de sant\u00e9 publique, environnement et soci\u00e9t\u00e9 de l&rsquo;Universit\u00e9 de Londres ont examin\u00e9 les relev\u00e9s m\u00e9t\u00e9o, les statistiques d\u00e9mographiques et les relev\u00e9s topographiques, socio-\u00e9conomiques et environnementaux des villes. Et le constat est sans appel. Tandis que Londres est la ville la plus meurtri\u00e8re en cas de vague de froid, Paris affiche bien le risque de mortalit\u00e9 le plus \u00e9lev\u00e9 <a href=\"https:\/\/www.tf1info.fr\/meteo\/meteo-canicule-la-france-connait-sa-douzieme-vague-de-chaleur-aoutienne-depuis-1947-2388075.html\" target=\"_blank\" rel=\"noopener\">lors des pics de chaleur  (nouvelle fen\u00eatre)<\/a>par rapport aux autres capitales. Seules les villes de Bologne, Milan, Salamanque et Capri pr\u00e9sentent un risque plus \u00e9lev\u00e9.<\/p>\n<p data-module=\"article-paragraph\" class=\"jsx-3046738180 Paragraph Paragraph__End\">Reste qu&rsquo;il faut apporter plusieurs nuances \u00e0 cette conclusion. Et c&rsquo;est l&rsquo;auteur de ces travaux qui nous les donne. D&rsquo;abord, les r\u00e9sultats de cette \u00ab\u00a0\u00e9tude \u00e9pid\u00e9miologique\u00a0\u00bb s&rsquo;appuient sur les temp\u00e9ratures enregistr\u00e9es entre 2000 et 2019, souligne Pierre Masselot. Or, la capitale fran\u00e7ais a enregistr\u00e9 \u00ab\u00a0des vagues de chaleur extr\u00eame\u00a0\u00bb sur cette p\u00e9riode, rappelle le professeur au d\u00e9partement de la Sant\u00e9 publique, de l&rsquo;environnement et de la soci\u00e9t\u00e9, citant par exemple \u00ab\u00a0la vague de chaleur meurtri\u00e8re d&rsquo;ao\u00fbt 2003\u00a0\u00bb.<\/p>\n<p>Construction, v\u00e9g\u00e9talisation : des solutions durables contre la chaleurSource : JT 20h Semaine<\/p>\n<p><img decoding=\"async\" src=\"https:\/\/www.europesays.com\/fr\/wp-content\/uploads\/2025\/08\/construction-vegetalisation-des-solutions-durables-contre-la-chaleur-2-2624ea-0@1x.jpeg\" alt=\"Construction, v\u00e9g\u00e9talisation : des solutions durables contre la chaleur\" loading=\"lazy\" importance=\"low\" fetchpriority=\"low\" class=\"\"\/><img decoding=\"async\" src=\"https:\/\/www.tf1info.fr\/images\/icons\/player-logo-play.svg\" alt=\"Logo lecture\" class=\"jsx-d0de44c05fe3042c PlayerLazyload__Play\"\/><\/p>\n<p data-module=\"article-paragraph\" class=\"jsx-3046738180 Paragraph\">Ensuite, \u00ab\u00a0Paris a une situation sp\u00e9ciale\u00a0\u00bb, rel\u00e8ve le chercheur. Notamment \u00e0 cause de l&rsquo;impact de l'\u00a0\u00bb\u00eelot de chaleur urbain\u00a0\u00bb. Comme nous l&rsquo;expliquions dans <a href=\"https:\/\/www.tf1info.fr\/environnement-ecologie\/canicule-ilot-de-chaleur-pourquoi-fait-il-plus-chaud-dans-certains-quartiers-des-villes-2223134.html\" target=\"_blank\" rel=\"noopener\">cet article (nouvelle fen\u00eatre)<\/a>, ce ph\u00e9nom\u00e8ne transforme certains centres urbains \u00ab\u00a0en v\u00e9ritables radiateurs\u00a0\u00bb. Il peut \u00eatre li\u00e9 \u00e0 diff\u00e9rents param\u00e8tres, dont la densit\u00e9 de la ville, les propri\u00e9t\u00e9s d&rsquo;absorption des mat\u00e9riaux, les activit\u00e9s humaines et la rar\u00e9faction d&rsquo;espaces verts. Une <a href=\"https:\/\/www.apur.org\/sites\/default\/files\/icu_cahier5.pdf?openfile_analytics=4481\" target=\"_blank\" rel=\"nofollow noopener\">\u00e9tude de l&rsquo;atelier parisien d&rsquo;urbanisme  (nouvelle fen\u00eatre)<\/a>montre que dans la capitale, cet \u00e9cart s&rsquo;\u00e9levait \u00e0 8,4 \u00b0C entre le centre de Paris et Melun lors d&rsquo;une nuit de canicule en 2012.<\/p>\n<p data-module=\"article-paragraph\" class=\"jsx-3046738180 Paragraph Paragraph__End\">Une sp\u00e9cificit\u00e9 qu&rsquo;elle partage avec une autre capitale : Londres. Sauf que si la ville britannique a une \u00ab\u00a0tr\u00e8s forte vuln\u00e9rabilit\u00e9\u00a0\u00bb \u00e0 la chaleur, \u00ab\u00a0elle enregistre beaucoup moins de hautes temp\u00e9ratures\u00a0\u00bb. \u00ab\u00a0Les temp\u00e9ratures enregistr\u00e9es sont plus \u00e9lev\u00e9es \u00e0 Paris qu&rsquo;\u00e0 Londres, donc m\u00e9caniquement le risque est plus important\u00a0\u00bb, conclut notre interlocuteur.<\/p>\n<p><a href=\"https:\/\/www.tf1info.fr\/meteo\/meteo-canicule-habitez-vous-dans-un-ilot-de-chaleur-2380495.html\" rel=\"noopener\" class=\"jsx-3308031228 Link flex\" target=\"_blank\"><img decoding=\"async\" src=\"https:\/\/www.europesays.com\/fr\/wp-content\/uploads\/2025\/08\/paris-canicule-illustr-30-juin-2025-f6fe57-0@1x.jpeg\" alt=\"Emma DA SILVA \/ AFP\" loading=\"lazy\" importance=\"low\" fetchpriority=\"low\" class=\"\" aria-hidden=\"true\"\/><\/p>\n<p class=\"jsx-3657663356 ReadMoreArticle__Title\">Lire aussi<\/p>\n<p class=\"jsx-3657663356\">Habitez-vous dans un \u00eelot de chaleur ?<\/p>\n<p><\/a><\/p>\n<p data-module=\"article-paragraph\" class=\"jsx-3046738180 Paragraph\">\u00c0 noter enfin que les travaux commencent en 2000 pour s&rsquo;arr\u00eater \u00e0 2019. Ce qui signifie que la majorit\u00e9 des donn\u00e9es ont \u00e9t\u00e9 collect\u00e9es <a href=\"https:\/\/www.tf1info.fr\/actualite\/anne-hidalgo-10094\/\" target=\"_blank\" rel=\"noopener\">avant le mandat d&rsquo;Anne Hidalgo (nouvelle fen\u00eatre)<\/a>, qui a d\u00e9but\u00e9 en 2014. Depuis, la municipalit\u00e9 a fix\u00e9 plusieurs objectifs, dont la 3\u1d49 \u00e9dition du \u00ab\u00a0Plan Climat\u00a0\u00bb qui transpose \u00e0 l&rsquo;\u00e9chelle de la ville les objectifs de la Cop21. Des ambitions dont certaines ont \u00e9t\u00e9 salu\u00e9es par la Cour des comptes. <a href=\"https:\/\/www.ccomptes.fr\/sites\/default\/files\/2024-03\/20240312-RPA-2024-CDVI-adaptation-villes-changement-climatique.pdf \" target=\"_blank\" rel=\"nofollow noopener\">Dans son rapport  (nouvelle fen\u00eatre)<\/a>sur l&rsquo;adaptation des villes au changement climatique, il d\u00e9crit par exemple comme \u00ab\u00a0prometteurs\u00a0\u00bb les r\u00e9sultats du r\u00e9seau de froid urbain cr\u00e9\u00e9 dans la ville.<\/p>\n<p data-module=\"article-paragraph\" class=\"jsx-3046738180 Paragraph Paragraph__End\">En r\u00e9sum\u00e9, si Paris est bien la capitale europ\u00e9enne o\u00f9 la chaleur montre le risque le plus \u00e9lev\u00e9 de mortalit\u00e9, \u00ab\u00a0ces r\u00e9sultats ne peuvent pas \u00eatre utilis\u00e9s pour juger d&rsquo;un bilan politique\u00a0\u00bb, comme le r\u00e9sume le chercheur Pierre Masselot. La seule ambition de l&rsquo;\u00e9tude cit\u00e9e par Rachida Dati n&rsquo;est pas de dresser un bilan d&rsquo;une politique locale, mais de \u00ab\u00a0fournir des informations pr\u00e9cieuses aux \u00e9lus pour l&rsquo;\u00e9laboration de politiques climatiques et de sant\u00e9 publique nationales, r\u00e9gionales et locales\u00a0\u00bb.<\/p>\n<p data-module=\"article-paragraph\" class=\"jsx-3046738180 Paragraph Paragraph__End\"><strong>Vous souhaitez nous poser des questions ou nous soumettre une information qui ne vous para\u00eet pas fiable ? N&rsquo;h\u00e9sitez pas \u00e0 nous \u00e9crire \u00e0 l&rsquo;adresse lesverificateurs@tf1.fr. Retrouvez-nous \u00e9galement sur X : notre \u00e9quipe y est pr\u00e9sente derri\u00e8re le compte @verif_TF1LCI.<\/strong><\/p>\n<p>Felicia SIDERIS<\/p>\n","protected":false},"excerpt":{"rendered":"La r\u00e9gion parisienne a \u00e9t\u00e9 plac\u00e9e en vigilance orange canicule depuis mardi. Or la ville serait la \u00ab\u00a0capitale&hellip;\n","protected":false},"author":2,"featured_media":319420,"comment_status":"","ping_status":"","sticky":false,"template":"","format":"standard","meta":{"footnotes":""},"categories":[1888],"tags":[1111,1928,11,1927,2618,1921,6698,4188,1777,674,1011,27,1922,7541,45357,12,1926,626,1925,5735,417,25,5699,133,11009],"class_list":{"0":"post-319419","1":"post","2":"type-post","3":"status-publish","4":"format-standard","5":"has-post-thumbnail","7":"category-paris","8":"tag-actu","9":"tag-actu-paris","10":"tag-actualites","11":"tag-actualites-paris","12":"tag-anne-hidalgo","13":"tag-article-video","14":"tag-canicule","15":"tag-elections-municipales","16":"tag-eu","17":"tag-europe","18":"tag-fr","19":"tag-france","20":"tag-info","21":"tag-linfo-passee-au-crible-des-verificateurs","22":"tag-la-france-touchee-par-une-nouvelle-canicule-exceptionnelle-en-2025","23":"tag-news","24":"tag-news-paris","25":"tag-paris","26":"tag-paris-news","27":"tag-protection-de-lenvironnement","28":"tag-rachida-dati","29":"tag-republique-francaise","30":"tag-sante-publique","31":"tag-video","32":"tag-video-meteo-et-intemperies"},"share_on_mastodon":{"url":"https:\/\/pubeurope.com\/@fr\/115029151902563583","error":""},"_links":{"self":[{"href":"https:\/\/www.europesays.com\/fr\/wp-json\/wp\/v2\/posts\/319419","targetHints":{"allow":["GET"]}}],"collection":[{"href":"https:\/\/www.europesays.com\/fr\/wp-json\/wp\/v2\/posts"}],"about":[{"href":"https:\/\/www.europesays.com\/fr\/wp-json\/wp\/v2\/types\/post"}],"author":[{"embeddable":true,"href":"https:\/\/www.europesays.com\/fr\/wp-json\/wp\/v2\/users\/2"}],"replies":[{"embeddable":true,"href":"https:\/\/www.europesays.com\/fr\/wp-json\/wp\/v2\/comments?post=319419"}],"version-history":[{"count":0,"href":"https:\/\/www.europesays.com\/fr\/wp-json\/wp\/v2\/posts\/319419\/revisions"}],"wp:featuredmedia":[{"embeddable":true,"href":"https:\/\/www.europesays.com\/fr\/wp-json\/wp\/v2\/media\/319420"}],"wp:attachment":[{"href":"https:\/\/www.europesays.com\/fr\/wp-json\/wp\/v2\/media?parent=319419"}],"wp:term":[{"taxonomy":"category","embeddable":true,"href":"https:\/\/www.europesays.com\/fr\/wp-json\/wp\/v2\/categories?post=319419"},{"taxonomy":"post_tag","embeddable":true,"href":"https:\/\/www.europesays.com\/fr\/wp-json\/wp\/v2\/tags?post=319419"}],"curies":[{"name":"wp","href":"https:\/\/api.w.org\/{rel}","templated":true}]}}