{"id":319425,"date":"2025-08-14T21:07:11","date_gmt":"2025-08-14T21:07:11","guid":{"rendered":"https:\/\/www.europesays.com\/fr\/319425\/"},"modified":"2025-08-14T21:07:11","modified_gmt":"2025-08-14T21:07:11","slug":"donald-trump-croit-que-vladimir-poutine-et-volodymyr-zelensky-sont-prets-a-la-paix","status":"publish","type":"post","link":"https:\/\/www.europesays.com\/fr\/319425\/","title":{"rendered":"Donald Trump croit que Vladimir Poutine et Volodymyr Zelensky \u00absont pr\u00eats \u00e0 la paix\u00bb"},"content":{"rendered":"<p class=\"intro \">Lors d&rsquo;une prise de parole dans le Bureau Ovale \u00e0 la veille de sa rencontre avec Vladimir Poutine, Donald Trump a dit croire que le pr\u00e9sident russe et Volodymyr Zelensky \u00ab\u00a0sont pr\u00eats \u00e0 la paix\u00a0\u00bb. Le locataire de la Maison Blanche affirme que \u00ab\u00a0nous allons sauver \u00e9norm\u00e9ment de vies de soldats russes et ukrainiens\u00a0\u00bb. <\/p>\n<p>\u00c0 la veille de sa rencontre avec <a href=\"https:\/\/www.europe1.fr\/dossiers\/vladimir-poutine\" target=\"_blank\" rel=\"nofollow noopener\">Vladimir Poutine<\/a> en Alaska pour \u00e9voquer la fin de la guerre en Ukraine, Donald Trump a dit croire que son homologue russe ainsi que Volodymyr Zelensky \u00ab\u00a0sont pr\u00eats \u00e0 la paix\u00a0\u00bb. Il a \u00e9galement affirm\u00e9 qu&rsquo;avec cette premi\u00e8re rencontre avec le ma\u00eetre du Kremlin \u00ab\u00a0nous allons sauver \u00e9norm\u00e9ment de vies, de soldats russes et ukrainiens\u00a0\u00bb.\u00a0<\/p>\n<p>    La suite apr\u00e8s cette publicit\u00e9<\/p>\n<p>    La suite apr\u00e8s cette publicit\u00e9<\/p>\n<p>\u00ab\u00a0La r\u00e9union la plus importante sera la seconde\u00a0\u00bb<\/p>\n<p>\u00ab\u00a0Si nous arrivons \u00e0 r\u00e9soudre cette guerre, nous serons tr\u00e8s heureux\u00a0\u00bb, a-t-il ajout\u00e9. Si le pr\u00e9sident am\u00e9ricain estim\u00e9 que la r\u00e9union de ce vendredi sera \u00ab\u00a0tr\u00e8s importante\u00a0\u00bb, il estime que \u00ab\u00a0la r\u00e9union la plus importante sera la seconde\u00a0\u00bb. Il \u00e9voque ici l&rsquo;id\u00e9e qu&rsquo;il avait lanc\u00e9e d&rsquo;un sommet trilat\u00e9ral entre lui, Vladimir Poutine et Volodymyr Zelensky.\u00a0<\/p>\n<p>Une r\u00e9union \u00e0 laquelle il pourrait y avoir \u00ab\u00a0des partenaires europ\u00e9ens\u00a0\u00bb. Toujours dans le Bureau Ovale, <a href=\"https:\/\/www.europe1.fr\/dossiers\/donald-trump\" target=\"_blank\" rel=\"nofollow noopener\">Donald Trump<\/a> a affirm\u00e9 que le \u00ab\u00a0pr\u00e9sident Poutine et le pr\u00e9sident Zelensky sont pr\u00eats \u00e0 la paix. Et que si nous y parvenons, je pourrais dire que j&rsquo;ai r\u00e9solu six guerres en six mois\u00a0\u00bb.\u00a0<\/p>\n<p>    La suite apr\u00e8s cette publicit\u00e9<\/p>\n<p>    La suite apr\u00e8s cette publicit\u00e9<\/p>\n<p>Plus t\u00f4t dans la journ\u00e9e, le pr\u00e9sident am\u00e9ricain avait estim\u00e9 \u00e0 \u00ab\u00a025%\u00a0\u00bb le risque d&rsquo;\u00e9chec de sa rencontre avec Vladimir Poutine. Si une telle chose devait se produire, Donald Trump retournerait s&rsquo;occuper de diriger les \u00c9tats-Unis. Il avait \u00e9galement averti la veille son homologue russe de \u00ab\u00a0cons\u00e9quences tr\u00e8s graves\u00a0\u00bb si la Russie n&rsquo;acceptait pas de mettre fin \u00e0 la guerre en Ukraine.\u00a0<\/p>\n","protected":false},"excerpt":{"rendered":"Lors d&rsquo;une prise de parole dans le Bureau Ovale \u00e0 la veille de sa rencontre avec Vladimir Poutine,&hellip;\n","protected":false},"author":2,"featured_media":319426,"comment_status":"","ping_status":"","sticky":false,"template":"","format":"standard","meta":{"footnotes":""},"categories":[1591],"tags":[11,1887,12,1885,1886,132],"class_list":{"0":"post-319425","1":"post","2":"type-post","3":"status-publish","4":"format-standard","5":"has-post-thumbnail","7":"category-russie","8":"tag-actualites","9":"tag-federation-de-russie","10":"tag-news","11":"tag-russia","12":"tag-russian-federation","13":"tag-russie"},"share_on_mastodon":{"url":"https:\/\/pubeurope.com\/@fr\/115029163584640176","error":""},"_links":{"self":[{"href":"https:\/\/www.europesays.com\/fr\/wp-json\/wp\/v2\/posts\/319425","targetHints":{"allow":["GET"]}}],"collection":[{"href":"https:\/\/www.europesays.com\/fr\/wp-json\/wp\/v2\/posts"}],"about":[{"href":"https:\/\/www.europesays.com\/fr\/wp-json\/wp\/v2\/types\/post"}],"author":[{"embeddable":true,"href":"https:\/\/www.europesays.com\/fr\/wp-json\/wp\/v2\/users\/2"}],"replies":[{"embeddable":true,"href":"https:\/\/www.europesays.com\/fr\/wp-json\/wp\/v2\/comments?post=319425"}],"version-history":[{"count":0,"href":"https:\/\/www.europesays.com\/fr\/wp-json\/wp\/v2\/posts\/319425\/revisions"}],"wp:featuredmedia":[{"embeddable":true,"href":"https:\/\/www.europesays.com\/fr\/wp-json\/wp\/v2\/media\/319426"}],"wp:attachment":[{"href":"https:\/\/www.europesays.com\/fr\/wp-json\/wp\/v2\/media?parent=319425"}],"wp:term":[{"taxonomy":"category","embeddable":true,"href":"https:\/\/www.europesays.com\/fr\/wp-json\/wp\/v2\/categories?post=319425"},{"taxonomy":"post_tag","embeddable":true,"href":"https:\/\/www.europesays.com\/fr\/wp-json\/wp\/v2\/tags?post=319425"}],"curies":[{"name":"wp","href":"https:\/\/api.w.org\/{rel}","templated":true}]}}