{"id":319427,"date":"2025-08-14T21:08:12","date_gmt":"2025-08-14T21:08:12","guid":{"rendered":"https:\/\/www.europesays.com\/fr\/319427\/"},"modified":"2025-08-14T21:08:12","modified_gmt":"2025-08-14T21:08:12","slug":"trump-assure-quun-sommet-trilateral-avec-zelensky-est-necessaire-pour-signer-un-accord","status":"publish","type":"post","link":"https:\/\/www.europesays.com\/fr\/319427\/","title":{"rendered":"Trump assure qu&rsquo;un sommet trilat\u00e9ral avec Zelensky est n\u00e9cessaire pour signer un accord"},"content":{"rendered":"<p>                Le chef de la diplomatie am\u00e9ricaine a \u00ab\u00a0bon espoir\u00a0\u00bb avant les pourparlers entre trump et poutine<\/p>\n<p>Le ministre des Affaires \u00e9trang\u00e8res Marco Rubio a d\u00e9clar\u00e9, ce jeudi, qu&rsquo;il avait \u00ab\u00a0bon espoir\u00a0\u00bb avant le sommet vendredi en Alaska entre les pr\u00e9sidents am\u00e9ricain Donald Trump et russe Vladimir Poutine.<\/p>\n<p>\u00ab\u00a0Il faudra bien discuter, entre autres, des diff\u00e9rends territoriaux, des revendications et des raisons qui motivent les combats\u00a0\u00bb, a \u00e9galement ajout\u00e9 le chef de la Diplomatie am\u00e9ricaine, concernant les sujets \u00e0 aborder avec Vladimir Poutine, vendredi 15 ao\u00fbt.<\/p>\n<p>\u00c0 propos de ces prochains pourparlers, il a enfin ajout\u00e9 qu'\u00a0\u00bben fin de compte, c&rsquo;est \u00e0 l&rsquo;Ukraine et \u00e0 la Russie de s&rsquo;entendre\u00a0\u00bb pour parvenir \u00e0 la paix.<\/p>\n<p>    Partager<\/p>\n","protected":false},"excerpt":{"rendered":"Le chef de la diplomatie am\u00e9ricaine a \u00ab\u00a0bon espoir\u00a0\u00bb avant les pourparlers entre trump et poutine Le ministre&hellip;\n","protected":false},"author":2,"featured_media":319428,"comment_status":"","ping_status":"","sticky":false,"template":"","format":"standard","meta":{"footnotes":""},"categories":[1590],"tags":[11,898,75,73,1777,674,107,131,12,220,135,134],"class_list":{"0":"post-319427","1":"post","2":"type-post","3":"status-publish","4":"format-standard","5":"has-post-thumbnail","7":"category-ukraine","8":"tag-actualites","9":"tag-alerte","10":"tag-donald-trump","11":"tag-etats-unis","12":"tag-eu","13":"tag-europe","14":"tag-fil-info","15":"tag-guerre-en-ukraine","16":"tag-news","17":"tag-ukraine","18":"tag-vladimir-poutine","19":"tag-volodymyr-zelensky"},"share_on_mastodon":{"url":"https:\/\/pubeurope.com\/@fr\/115029167549304457","error":""},"_links":{"self":[{"href":"https:\/\/www.europesays.com\/fr\/wp-json\/wp\/v2\/posts\/319427","targetHints":{"allow":["GET"]}}],"collection":[{"href":"https:\/\/www.europesays.com\/fr\/wp-json\/wp\/v2\/posts"}],"about":[{"href":"https:\/\/www.europesays.com\/fr\/wp-json\/wp\/v2\/types\/post"}],"author":[{"embeddable":true,"href":"https:\/\/www.europesays.com\/fr\/wp-json\/wp\/v2\/users\/2"}],"replies":[{"embeddable":true,"href":"https:\/\/www.europesays.com\/fr\/wp-json\/wp\/v2\/comments?post=319427"}],"version-history":[{"count":0,"href":"https:\/\/www.europesays.com\/fr\/wp-json\/wp\/v2\/posts\/319427\/revisions"}],"wp:featuredmedia":[{"embeddable":true,"href":"https:\/\/www.europesays.com\/fr\/wp-json\/wp\/v2\/media\/319428"}],"wp:attachment":[{"href":"https:\/\/www.europesays.com\/fr\/wp-json\/wp\/v2\/media?parent=319427"}],"wp:term":[{"taxonomy":"category","embeddable":true,"href":"https:\/\/www.europesays.com\/fr\/wp-json\/wp\/v2\/categories?post=319427"},{"taxonomy":"post_tag","embeddable":true,"href":"https:\/\/www.europesays.com\/fr\/wp-json\/wp\/v2\/tags?post=319427"}],"curies":[{"name":"wp","href":"https:\/\/api.w.org\/{rel}","templated":true}]}}