{"id":319429,"date":"2025-08-14T21:09:15","date_gmt":"2025-08-14T21:09:15","guid":{"rendered":"https:\/\/www.europesays.com\/fr\/319429\/"},"modified":"2025-08-14T21:09:15","modified_gmt":"2025-08-14T21:09:15","slug":"accord-ue-usa-sur-les-droits-de-douane-la-declaration-conjointe-se-precise","status":"publish","type":"post","link":"https:\/\/www.europesays.com\/fr\/319429\/","title":{"rendered":"Accord UE-USA sur les droits de douane\u00a0: la d\u00e9claration conjointe se pr\u00e9cise"},"content":{"rendered":"<p>  \tLes \u00c9tats-Unis et l\u2019Union europ\u00e9enne se rapprochent d\u2019une d\u00e9claration conjointe sur l\u2019accord des droits de douane annonc\u00e9 fin juillet, visant \u00e0 mettre fin \u00e0 la guerre commerciale initi\u00e9e par Donald Trump. Si la plupart des points sont d\u00e9j\u00e0 r\u00e9gl\u00e9s, le texte officiel reste \u00e0 finaliser et devra pr\u00e9ciser les produits b\u00e9n\u00e9ficiant d\u2019exemptions et la r\u00e9duction des surtaxes sur l\u2019automobile, l\u2019acier et l\u2019aluminium.<\/p>\n<p>&#13;<br \/>\n&#13;<\/p>\n<p>Les \u00c9tats-Unis et l\u2019Union europ\u00e9enne se rapprochent doucement d\u2019une d\u00e9claration conjointe sur l\u2019accord autour des droits de douane am\u00e9ricains que les deux parties ont annonc\u00e9 fin juillet. C\u2019est ce qu\u2019a d\u00e9clar\u00e9 jeudi un porte-parole de la Commission europ\u00e9enne.<\/p>\n<p>La pr\u00e9sidente de la Commission europ\u00e9enne Ursula von der Leyen et son homologue de Washington Donald Trump ont conclu le 27 juillet dernier en \u00c9cosse un accord visant \u00e0 mettre fin \u00e0 la guerre commerciale d\u00e9clench\u00e9e par le dirigeant am\u00e9ricain. Les deux parties se sont mises d\u2019accord sur un plafond de 15\u00a0% de surtaxes, contre les 30\u00a0% brandis auparavant par Donald Trump. L\u2019UE a, en \u00e9change, promis de futurs investissements et l\u2019achat aux \u00c9tats-Unis de gaz naturel liqu\u00e9fi\u00e9 (GNL).<\/p>\n<p>&#13;<br \/>\n&#13;<\/p>\n<p>&#13;<br \/>\n&#13;<\/p>\n<p>Beaucoup de points autour de cet accord restent toutefois flous, faute d\u2019une \u00ab\u00a0d\u00e9claration conjointe\u00a0\u00bb officielle des deux parties. Cette d\u00e9claration, qui n\u2019a pas de valeur juridique contraignante, doit ensuite servir de feuille de route pour un accord commercial qui sera, lui, juridiquement contraignant.<\/p>\n<p>Le document devra notamment pr\u00e9ciser quels produits europ\u00e9ens b\u00e9n\u00e9ficieront d\u2019exemption, et si une r\u00e9duction des surtaxes sur les voitures et pi\u00e8ces automobiles, actuellement de 25\u00a0%, sera r\u00e9ellement appliqu\u00e9e. Les droits de douane sur l\u2019acier et l\u2019aluminium s\u2019\u00e9l\u00e8vent en effet aujourd\u2019hui \u00e0 50\u00a0% alors qu\u2019une r\u00e9duction devait normalement \u00eatre mise en place.<\/p>\n<p>Une source au sein de la Commission europ\u00e9enne avait indiqu\u00e9 la semaine derni\u00e8re que la d\u00e9claration \u00e9tait \u00ab\u00a0finalis\u00e9e \u00e0 90 ou 95\u00a0%\u00a0\u00bb.<\/p>\n<p>Un porte-parole de la Commission a d\u00e9clar\u00e9 jeudi que \u00ab\u00a0la balle est toujours dans le camp des \u00c9tats-Unis\u00a0\u00bb. \u00ab\u00a0Nous avons entretemps re\u00e7u un texte avec leurs suggestions\u00a0\u00bb, a-t-il ajout\u00e9. \u00ab\u00a0Nous allons l\u2019examiner, transmettre nos remarques et continuer nos efforts pour obtenir une d\u00e9claration pr\u00eate au plus vite\u00a0\u00bb.<\/p>\n<p>&#13;<br \/>\n&#13;<\/p>\n<p>&#13;<br \/>\n&#13;<\/p>\n","protected":false},"excerpt":{"rendered":"Les \u00c9tats-Unis et l\u2019Union europ\u00e9enne se rapprochent d\u2019une d\u00e9claration conjointe sur l\u2019accord des droits de douane annonc\u00e9 fin&hellip;\n","protected":false},"author":2,"featured_media":319430,"comment_status":"","ping_status":"","sticky":false,"template":"","format":"standard","meta":{"footnotes":""},"categories":[1589],"tags":[29950,11,73,1866,12,1864,1865,1863,308],"class_list":{"0":"post-319429","1":"post","2":"type-post","3":"status-publish","4":"format-standard","5":"has-post-thumbnail","7":"category-etats-unis","8":"tag-nodefield_freetags","9":"tag-actualites","10":"tag-etats-unis","11":"tag-etats-unis-damerique","12":"tag-news","13":"tag-united-states","14":"tag-united-states-of-america","15":"tag-us","16":"tag-usa"},"share_on_mastodon":{"url":"https:\/\/pubeurope.com\/@fr\/115029171572393945","error":""},"_links":{"self":[{"href":"https:\/\/www.europesays.com\/fr\/wp-json\/wp\/v2\/posts\/319429","targetHints":{"allow":["GET"]}}],"collection":[{"href":"https:\/\/www.europesays.com\/fr\/wp-json\/wp\/v2\/posts"}],"about":[{"href":"https:\/\/www.europesays.com\/fr\/wp-json\/wp\/v2\/types\/post"}],"author":[{"embeddable":true,"href":"https:\/\/www.europesays.com\/fr\/wp-json\/wp\/v2\/users\/2"}],"replies":[{"embeddable":true,"href":"https:\/\/www.europesays.com\/fr\/wp-json\/wp\/v2\/comments?post=319429"}],"version-history":[{"count":0,"href":"https:\/\/www.europesays.com\/fr\/wp-json\/wp\/v2\/posts\/319429\/revisions"}],"wp:featuredmedia":[{"embeddable":true,"href":"https:\/\/www.europesays.com\/fr\/wp-json\/wp\/v2\/media\/319430"}],"wp:attachment":[{"href":"https:\/\/www.europesays.com\/fr\/wp-json\/wp\/v2\/media?parent=319429"}],"wp:term":[{"taxonomy":"category","embeddable":true,"href":"https:\/\/www.europesays.com\/fr\/wp-json\/wp\/v2\/categories?post=319429"},{"taxonomy":"post_tag","embeddable":true,"href":"https:\/\/www.europesays.com\/fr\/wp-json\/wp\/v2\/tags?post=319429"}],"curies":[{"name":"wp","href":"https:\/\/api.w.org\/{rel}","templated":true}]}}