{"id":319431,"date":"2025-08-14T21:10:20","date_gmt":"2025-08-14T21:10:20","guid":{"rendered":"https:\/\/www.europesays.com\/fr\/319431\/"},"modified":"2025-08-14T21:10:20","modified_gmt":"2025-08-14T21:10:20","slug":"royaume-uni-un-reseau-de-trafic-de-drogue-demantele-grace-a-un-perroquet-un-peu-trop-bavard","status":"publish","type":"post","link":"https:\/\/www.europesays.com\/fr\/319431\/","title":{"rendered":"Royaume-Uni. Un r\u00e9seau de trafic de drogue d\u00e9mantel\u00e9 gr\u00e2ce \u00e0 un perroquet un peu trop bavard"},"content":{"rendered":"<p>Il n&rsquo;a vraisemblablement pas r\u00e9ussi \u00e0 tenir sa langue.\u00a0Au Royaume-Uni, dans le Lancashire, le perroquet d&rsquo;un meneur de gang\u00a0a permis aux policiers\u00a0de d\u00e9manteler un r\u00e9seau de trafic de stup\u00e9fiants, comme le rapporte <a href=\"https:\/\/www.tf1info.fr\/justice-faits-divers\/reportage-video-au-royaume-uni-un-trafic-de-drogue-demantele-grace-a-un-perroquet-un-peu-trop-bavard-2388532.html\" target=\"_blank\" rel=\"nofollow noopener\">TF1<\/a>\u00a0en reprenant un <a href=\"https:\/\/news.lancashire.police.uk\/news\/2025\/august\/gang-who-ran-drugs-line-from-prison-for-more-than-103-years\/\" target=\"_blank\" rel=\"nofollow noopener\">communiqu\u00e9<\/a>\u00a0de la police locale.\u00a0Mais comment le volatile a-t-il pu autant aider les forces de l&rsquo;ordre ?<\/p>\n<p>Ce contenu est bloqu\u00e9 car vous n&rsquo;avez pas accept\u00e9 les cookies et autres traceurs.<\/p>\n<p>En cliquant sur \u00ab J\u2019accepte \u00bb, les cookies et autres traceurs seront d\u00e9pos\u00e9s et vous pourrez visualiser les contenus  (<a href=\"\" class=\"consentModule_policy\" target=\"_blank\" title=\"Consulter la politique de protection des donn\u00e9es du fournisseur\">plus d&rsquo;informations<\/a>).<\/p>\n<p>En cliquant sur \u00ab J\u2019accepte tous les cookies \u00bb, vous autorisez des d\u00e9p\u00f4ts de cookies et autres traceurs pour le stockage de vos donn\u00e9es sur nos sites et applications \u00e0 des fins de personnalisation et de ciblage publicitaire.<\/p>\n<p class=\"consentModule_secondaryText\">Vous gardez la possibilit\u00e9 de retirer votre consentement \u00e0 tout moment en consultant notre <a href=\"https:\/\/www.ledauphine.com\/protection-des-donnees\" target=\"_blank\" title=\"Consulter notre politique de protection des donn\u00e9es\" rel=\"nofollow noopener\">politique de protection des donn\u00e9es<\/a>. <br \/>&#13;<br \/>\n            <a href=\"https:\/\/www.ledauphine.com\/faits-divers-justice\/2025\/08\/14\/javascript:Didomi.notice.show()\" class=\"consentModule_cmp\" rel=\"nofollow noopener\" target=\"_blank\">G\u00e9rer mes choix<\/a>&#13;\n        <\/p>\n<p>&#13;<br \/>\n                        J&rsquo;accepte&#13;<br \/>\n            J&rsquo;accepte tous les cookies&#13;\n        <\/p>\n<p>  Des billets dans le bec<\/p>\n<p>Des soup\u00e7ons pesaient d\u00e9j\u00e0 sur un r\u00e9seau op\u00e9rant \u00e0 distance depuis la prison par Adam Garnett, purgeant d\u00e9j\u00e0 une peine de 15 ans pour trafic de drogue.<\/p>\n<p>Apr\u00e8s avoir d\u00e9couvert dans sa cellule des t\u00e9l\u00e9phones portables et un routeur Wi-Fi, les enqu\u00eateurs se sont pench\u00e9s sur des vid\u00e9os retrouv\u00e9es dans les appareils.\u00a0Ils ont alors d\u00e9couvert des \u00e9changes avec sa femme et son perroquet, Mango. Le volatile r\u00e9p\u00e9tant\u00a0\u00ab\u00a0deux pour 25\u00a0\u00bb en r\u00e9f\u00e9rence aux tarifs de la drogue, o\u00f9 \u00e9tant film\u00e9 avec des billets du trafic dans le bec.<\/p>\n<p>D\u00e9cidemment bien trop bavard, le fameux Mango\u00a0a permis d&rsquo;arr\u00eater 11 membres du gang. Tous ont \u00e9t\u00e9 condamn\u00e9s \u00e0 de la prison ferme, et Adam Garnett a \u00e9t\u00e9 condamn\u00e9 \u00e0 19\u00a0ans et six mois de prison suppl\u00e9mentaire \u00e0 sa peine actuelle de 15 ans.\u00a0<\/p>\n<p class=\"note\">&gt;&gt; Lire l&rsquo;article de <a href=\"https:\/\/www.tf1info.fr\/justice-faits-divers\/reportage-video-au-royaume-uni-un-trafic-de-drogue-demantele-grace-a-un-perroquet-un-peu-trop-bavard-2388532.html\" target=\"_blank\" rel=\"nofollow noopener\">TF1<\/a>.<\/p>\n","protected":false},"excerpt":{"rendered":"Il n&rsquo;a vraisemblablement pas r\u00e9ussi \u00e0 tenir sa langue.\u00a0Au Royaume-Uni, dans le Lancashire, le perroquet d&rsquo;un meneur de&hellip;\n","protected":false},"author":2,"featured_media":319432,"comment_status":"","ping_status":"","sticky":false,"template":"","format":"standard","meta":{"footnotes":""},"categories":[1588],"tags":[11,1867,1777,674,274,107,329,1757,12,473,1853,1851,1850,1852],"class_list":{"0":"post-319431","1":"post","2":"type-post","3":"status-publish","4":"format-standard","5":"has-post-thumbnail","7":"category-royaume-uni","8":"tag-actualites","9":"tag-animaux","10":"tag-eu","11":"tag-europe","12":"tag-faits-divers-justice","13":"tag-fil-info","14":"tag-france-monde","15":"tag-insolite","16":"tag-news","17":"tag-royaume-uni","18":"tag-royaume-uni-de-grande-bretagne-et-dirlande-du-nord","19":"tag-uk","20":"tag-united-kingdom","21":"tag-united-kingdom-of-great-britain-and-northern-ireland"},"share_on_mastodon":{"url":"https:\/\/pubeurope.com\/@fr\/115029175425504819","error":""},"_links":{"self":[{"href":"https:\/\/www.europesays.com\/fr\/wp-json\/wp\/v2\/posts\/319431","targetHints":{"allow":["GET"]}}],"collection":[{"href":"https:\/\/www.europesays.com\/fr\/wp-json\/wp\/v2\/posts"}],"about":[{"href":"https:\/\/www.europesays.com\/fr\/wp-json\/wp\/v2\/types\/post"}],"author":[{"embeddable":true,"href":"https:\/\/www.europesays.com\/fr\/wp-json\/wp\/v2\/users\/2"}],"replies":[{"embeddable":true,"href":"https:\/\/www.europesays.com\/fr\/wp-json\/wp\/v2\/comments?post=319431"}],"version-history":[{"count":0,"href":"https:\/\/www.europesays.com\/fr\/wp-json\/wp\/v2\/posts\/319431\/revisions"}],"wp:featuredmedia":[{"embeddable":true,"href":"https:\/\/www.europesays.com\/fr\/wp-json\/wp\/v2\/media\/319432"}],"wp:attachment":[{"href":"https:\/\/www.europesays.com\/fr\/wp-json\/wp\/v2\/media?parent=319431"}],"wp:term":[{"taxonomy":"category","embeddable":true,"href":"https:\/\/www.europesays.com\/fr\/wp-json\/wp\/v2\/categories?post=319431"},{"taxonomy":"post_tag","embeddable":true,"href":"https:\/\/www.europesays.com\/fr\/wp-json\/wp\/v2\/tags?post=319431"}],"curies":[{"name":"wp","href":"https:\/\/api.w.org\/{rel}","templated":true}]}}