{"id":319437,"date":"2025-08-14T21:13:14","date_gmt":"2025-08-14T21:13:14","guid":{"rendered":"https:\/\/www.europesays.com\/fr\/319437\/"},"modified":"2025-08-14T21:13:14","modified_gmt":"2025-08-14T21:13:14","slug":"lunion-europeenne-appelle-israel-a-ne-pas-poursuivre-son-projet-de-constructions-en-cisjordanie","status":"publish","type":"post","link":"https:\/\/www.europesays.com\/fr\/319437\/","title":{"rendered":"L&rsquo;Union europ\u00e9enne appelle Isra\u00ebl \u00e0 ne pas poursuivre son projet de constructions en Cisjordanie"},"content":{"rendered":"<p>Un projet de constructions, soutenu par le ministre isra\u00e9lien des Finances, pourrait couper la Cisjordanie en deux et emp\u00eacherait d\u00e9finitivement la cr\u00e9ation d\u2019un \u00e9ventuel \u00c9tat palestinien disposant d\u2019une continuit\u00e9 territoriale.<\/p>\n<p class=\"fig-paragraph\">La cheffe de la diplomatie de l&rsquo;Union europ\u00e9enne\u00a0<a href=\"http:\/\/www.lefigaro.fr\/international\/kaja-kallas-la-russie-a-ete-humiliee-en-syrie-20241212\" target=\"_blank\" data-fig-type=\"Article\" rel=\"noopener\" data-gtm-custom-categorie=\"navigation\" data-gtm-custom-action=\"crossclick\" data-gtm-custom-label=\"Contextuel\" data-gtm-event=\"customEventSPE\" data-fig-domain=\"LEFIGARO\">Kaja Kallas<\/a>\u00a0a appel\u00e9 jeudi Isra\u00ebl \u00e0 \u00abrenoncer\u00bb \u00e0 poursuivre son projet de constructions en\u00a0<a href=\"http:\/\/www.lefigaro.fr\/international\/ils-veulent-nous-effacer-en-cisjordanie-la-violence-impunie-des-colons-israeliens-contre-les-palestiniens-20250807\" target=\"_blank\" data-fig-type=\"Article\" rel=\"noopener\" data-gtm-custom-categorie=\"navigation\" data-gtm-custom-action=\"crossclick\" data-gtm-custom-label=\"Contextuel\" data-gtm-event=\"customEventSPE\" data-fig-domain=\"LEFIGARO\">Cisjordanie<\/a>\u00a0occup\u00e9e soutenu par le\u00a0<a href=\"http:\/\/www.lefigaro.fr\/international\/le-ministre-israelien-des-finances-appelle-a-accelerer-la-colonisation-en-cisjordanie-20250814\" target=\"_blank\" data-fig-type=\"NewsFlash\" rel=\"noopener\" data-gtm-custom-categorie=\"navigation\" data-gtm-custom-action=\"crossclick\" data-gtm-custom-label=\"Contextuel\" data-gtm-event=\"customEventSPE\" data-fig-domain=\"LEFIGARO\">ministre isra\u00e9lien des Finances d&rsquo;extr\u00eame droite<\/a>.<\/p>\n<p class=\"fig-paragraph\">\u00abLa d\u00e9cision des autorit\u00e9s isra\u00e9liennes de faire avancer le plan de colonisation E1 sape davantage la solution \u00e0 deux \u00c9tats tout en constituant une violation du droit international\u00bb, a d\u00e9clar\u00e9 Kaja Kallas dans un communiqu\u00e9, avant d&rsquo;ajouter que \u00abl&rsquo;UE exhorte Isra\u00ebl \u00e0 renoncer \u00e0 poursuivre cette d\u00e9cision, notant ses implications de grande port\u00e9e\u00bb.<\/p>\n<p>                                    <a class=\"fig-a11y-skip a11y-hidden\" href=\"#fig-a11y-skip-main-inarticle\"><br \/>\n        Passer la publicit\u00e9<br \/>\n    <\/a><\/p>\n<p>L\u2019Allemagne s\u2019oppose<\/p>\n<p class=\"fig-paragraph\">L\u2019Allemagne s\u2019oppose \u00e9galement \u00abfermement\u00bb \u00e0 la poursuite par Isra\u00ebl du projet, et demande au gouvernement isra\u00e9lien de \u00abcesser la construction de colonies\u00bb dans le territoire palestinien, a affirm\u00e9 jeudi son minist\u00e8re des Affaires \u00e9trang\u00e8res.<\/p>\n<p class=\"fig-paragraph\">Berlin \u00abrejette fermement les annonces du gouvernement isra\u00e9lien concernant l\u2019approbation de milliers de nouveaux logements dans les colonies isra\u00e9liennes en Cisjordanie\u00bb, a d\u00e9clar\u00e9 le minist\u00e8re dans un communiqu\u00e9, apr\u00e8s l\u2019appel lanc\u00e9 par le ministre isra\u00e9lien des Finances Bezalel Smotrich pour acc\u00e9l\u00e9rer ce projet de construction de 3400 logements.<\/p>\n","protected":false},"excerpt":{"rendered":"Un projet de constructions, soutenu par le ministre isra\u00e9lien des Finances, pourrait couper la Cisjordanie en deux et&hellip;\n","protected":false},"author":2,"featured_media":319438,"comment_status":"","ping_status":"","sticky":false,"template":"","format":"standard","meta":{"footnotes":""},"categories":[1586],"tags":[11,2486,1777,674,1779,1011,27,12,25,1778,364],"class_list":{"0":"post-319437","1":"post","2":"type-post","3":"status-publish","4":"format-standard","5":"has-post-thumbnail","7":"category-europe","8":"tag-actualites","9":"tag-cisjordanie","10":"tag-eu","11":"tag-europe","12":"tag-european-union","13":"tag-fr","14":"tag-france","15":"tag-news","16":"tag-republique-francaise","17":"tag-ue","18":"tag-union-europeenne"},"share_on_mastodon":{"url":"https:\/\/pubeurope.com\/@fr\/115029187136477410","error":""},"_links":{"self":[{"href":"https:\/\/www.europesays.com\/fr\/wp-json\/wp\/v2\/posts\/319437","targetHints":{"allow":["GET"]}}],"collection":[{"href":"https:\/\/www.europesays.com\/fr\/wp-json\/wp\/v2\/posts"}],"about":[{"href":"https:\/\/www.europesays.com\/fr\/wp-json\/wp\/v2\/types\/post"}],"author":[{"embeddable":true,"href":"https:\/\/www.europesays.com\/fr\/wp-json\/wp\/v2\/users\/2"}],"replies":[{"embeddable":true,"href":"https:\/\/www.europesays.com\/fr\/wp-json\/wp\/v2\/comments?post=319437"}],"version-history":[{"count":0,"href":"https:\/\/www.europesays.com\/fr\/wp-json\/wp\/v2\/posts\/319437\/revisions"}],"wp:featuredmedia":[{"embeddable":true,"href":"https:\/\/www.europesays.com\/fr\/wp-json\/wp\/v2\/media\/319438"}],"wp:attachment":[{"href":"https:\/\/www.europesays.com\/fr\/wp-json\/wp\/v2\/media?parent=319437"}],"wp:term":[{"taxonomy":"category","embeddable":true,"href":"https:\/\/www.europesays.com\/fr\/wp-json\/wp\/v2\/categories?post=319437"},{"taxonomy":"post_tag","embeddable":true,"href":"https:\/\/www.europesays.com\/fr\/wp-json\/wp\/v2\/tags?post=319437"}],"curies":[{"name":"wp","href":"https:\/\/api.w.org\/{rel}","templated":true}]}}