{"id":319445,"date":"2025-08-14T21:17:22","date_gmt":"2025-08-14T21:17:22","guid":{"rendered":"https:\/\/www.europesays.com\/fr\/319445\/"},"modified":"2025-08-14T21:17:22","modified_gmt":"2025-08-14T21:17:22","slug":"langlais-marco-penge-soffre-la-tete-et-un-potentiel-record-a-10-000-dollars","status":"publish","type":"post","link":"https:\/\/www.europesays.com\/fr\/319445\/","title":{"rendered":"L&rsquo;Anglais Marco Penge s\u2019offre la t\u00eate et un potentiel record \u00e0 10 000 dollars"},"content":{"rendered":"<p>\t\t\t\t\t\t<img width=\"770\" height=\"557\" src=\"https:\/\/www.europesays.com\/fr\/wp-content\/uploads\/2025\/08\/marcopenge-770x557.jpg\" class=\"img-responsive wp-post-image\" alt=\"\" decoding=\"async\" fetchpriority=\"high\"  \/>\t\t\t\t\t<\/p>\n<p>\t\t\t\t\t\t Partager cet article <\/p>\n<p class=\"screen-reader-text juiz_sps_maybe_hidden_text\">Partager la publication \u00ab\u00a0L\u2019Anglais Marco Penge s\u2019offre la t\u00eate et un potentiel record \u00e0 10 000 dollars\u00a0\u00bb<\/p>\n<p><strong>Cinqui\u00e8me de la Race to Duba\u00ef, Marco Penge lance parfaitement sa semaine danoise en prenant les commandes du Danish Golf Championship avec une carte de 64 (-7) sans erreur. Un nouveau record du parcours qui pourrait lui permettre d\u2019empocher une prime de 10 000 dollars \u00e0 l\u2019issue du tournoi si personne ne fait mieux. Tenant du titre, Fr\u00e9d\u00e9ric Lacroix d\u00e9marre avec un bon 69 (-2). Il pointe \u00e0 la 23e place avec Bastien Amat. \u00a0<\/strong><\/p>\n<p>\t\t\t\t\t<a id=\"181426\" href=\"https:\/\/leclub-golf.com\/fr\/green-fees?online=1&amp;utm_source=golf+planete&amp;utm_medium=referral&amp;utm_campaign=green+fee+en+ligne&amp;utm_id=green+fee+en+ligne_golf+planete_referral_banner\" target=\"_blank\" rel=\"sponsorised nofollow noopener\"><img decoding=\"async\" src=\"data:image\/svg+xml,%3Csvg%20xmlns=\" http:=\"\" class=\"img-responsive\" alt=\"\" data-lazy-src=\"https:\/\/www.europesays.com\/fr\/wp-content\/uploads\/2025\/08\/leclubgolf-e09-effet-classique-1170x275png.png\"\/><\/a><\/p>\n<p><strong>L.V.<\/strong><\/p>\n<p>Entame id\u00e9ale au Danemark pour <strong>Marco Penge<\/strong>, 27 ans, auteur d\u2019une magnifique carte de 64 (-7) sans bogey sur le par 71 du <strong>Fures\u00f8 Golf Klub<\/strong>, pr\u00e8s de Copenhague. L\u2019Anglais qui, on s\u2019en souvient peut-\u00eatre, avait sauv\u00e9 sa carte en novembre dernier en Cor\u00e9e du Sud au <strong>Genesis Championship<\/strong> en plantant un birdie salvateur sur le green du 18, poursuit sa tr\u00e8s belle campagne 2025, aur\u00e9ol\u00e9e notamment d\u2019une victoire au <strong>Hainan Classic<\/strong> au mois d\u2019avril ou encore d\u2019une 2e place au <strong>Genesis Scottish Open<\/strong> le 13 juillet dernier. \u00a0<\/p>\n<p><a href=\"https:\/\/www.europeantour.com\/dpworld-tour\/danish-golf-championship-2025\/leaderboard?round=2\" target=\"_blank\" rel=\"noopener nofollow\">Retrouvez le classement complet et les tee times du 2e tour<\/a><\/p>\n<p>En signant cet excellent 64, Penge pourrait \u00e9galement empocher une belle prime de 10\u00a0000 dollars dimanche au soir du 4e tour si personne ne fait mieux d\u2019ici-l\u00e0. <a href=\"https:\/\/www.golfplanete.com\/actualites\/une-prime-de-10-000-a-chaque-record-de-parcours-sur-le-tour-europeen\/\" target=\"_blank\" rel=\"noopener nofollow\">Une belle carotte instaur\u00e9e la semaine pass\u00e9e en Ecosse, au Nexo Championship<\/a>.<\/p>\n<p>L\u2019actuel 97e joueur mondial, 28e au <strong>PGA Championship<\/strong> en mai mais incapable de passer le cut du dernier <strong>The Open<\/strong> au <strong>Royal Portrush<\/strong>, poss\u00e8de deux coups d\u2019avance sur un quintet de poursuivants compos\u00e9 entre autres du h\u00e9ros de la <strong>Ryder Cup 2018<\/strong> au <strong>Golf<\/strong> <strong>National<\/strong>, l\u2019Italien <strong>Francesco Molinari<\/strong>, et du grand favori \u00e0 la victoire chez lui \u00e0 la maison, <strong>Rasmus H\u00f8jgaard<\/strong>.<\/p>\n<blockquote class=\"twitter-tweet\">\n<p dir=\"ltr\" lang=\"en\">Francesco Molinari eagles the last and is T2 \ud83d\udc4f<a href=\"https:\/\/twitter.com\/hashtag\/DanishGolf?src=hash&amp;ref_src=twsrc%5Etfw\" rel=\"nofollow noopener\" target=\"_blank\">#DanishGolf<\/a> <a href=\"https:\/\/t.co\/vkfxFCsyPo\" rel=\"nofollow\">pic.twitter.com\/vkfxFCsyPo<\/a><\/p>\n<p>\u2014 DP World Tour (@DPWorldTour) <a href=\"https:\/\/twitter.com\/DPWorldTour\/status\/1956039766949900631?ref_src=twsrc%5Etfw\" rel=\"nofollow noopener\" target=\"_blank\">August 14, 2025<\/a><\/p>\n<\/blockquote>\n<p>\t\t\t\t\t<a id=\"181452\" href=\"https:\/\/www.fourseasonsmegevecollectionproam.com\/\" target=\"_blank\" rel=\"sponsorised nofollow noopener\"><img decoding=\"async\" src=\"data:image\/svg+xml,%3Csvg%20xmlns=\" http:=\"\" class=\"img-responsive\" alt=\"\" data-lazy-src=\"https:\/\/www.europesays.com\/fr\/wp-content\/uploads\/2025\/08\/swing-e05-proam-megeve25-1170x275-1.gif\"\/><\/a><\/p>\n<p>Son fr\u00e8re jumeau, <strong>Nicolai<\/strong>, lui aussi \u00e0 la recherche d\u2019une \u00ab\u00a0s\u00e9lection\u00a0\u00bb au sein de l\u2019\u00e9quipe europ\u00e9enne de Ryder Cup fin septembre \u00e0 <strong>Bethpage Black<\/strong>, s\u2019est \u00e9galement distingu\u00e9 lors de ce premier tour devant une foule d\u00e9j\u00e0 nombreuse de spectateurs. S\u2019il s\u2019est, certes, content\u00e9 d\u2019une carte de 68 (-3) mais il a fait le show en r\u00e9ussissant <a href=\"https:\/\/www.golfplanete.com\/actualites\/video-deux-eagles-en-deux-trous-pour-nicolai-hojgaard\/\" target=\"_blank\" rel=\"noopener nofollow\">deux eagles en trois trous (au 12 puis au 14)<\/a>.<\/p>\n<blockquote><p>\nLe public a \u00e9t\u00e9 g\u00e9nial avec moi. Cela a \u00e9t\u00e9 cool de les voir s\u2019emballer, tout comme moi. On ne sait pas comment r\u00e9agir quand on fait des choses comme \u00e7a.<\/p>\n<p>Nicolai H\u00f8jgaard, sur ses deux eagles en trois trous<\/p>\n<\/blockquote>\n<p>\u00ab C\u2019\u00e9tait plut\u00f4t sp\u00e9cial, avoue-t-il \u00e0 la sortie du recording. D\u00e9j\u00e0 au 11, j\u2019ai r\u00e9ussi un tr\u00e8s bon quatre. Et puis il y a eu ces deux coups incroyables. Le public a \u00e9t\u00e9 g\u00e9nial avec moi. Cela a \u00e9t\u00e9 cool de les voir s\u2019emballer, tout comme moi. On ne sait pas comment r\u00e9agir quand on fait des choses comme \u00e7a. Bref, je tr\u00e8s satisfait de ce r\u00e9sultat.\u00a0\u00bb<\/p>\n<p><a href=\"https:\/\/www.golfplanete.com\/actualites\/frederic-lacroix-ca-ressemble-plus-a-un-tournoi-que-lon-na-jamais-joue-avant\/\" target=\"_blank\" rel=\"noopener nofollow\">Tenant du titre<\/a>, <strong>Fr\u00e9d\u00e9ric Lacroix<\/strong>, de retour apr\u00e8s quatre semaines de repos, m\u00e8ne le clan tricolore \u00e0 -2 (69) en compagnie de <strong>Bastien<\/strong> <strong>Amat<\/strong>. Les deux hommes sont 23es juste devant <strong>Martin Trainer<\/strong>, <strong>Adrien Saddier<\/strong> et <strong>Julien Guerrier<\/strong>, 42es \u00e0 -1.<\/p>\n<p>\t\t\t\t\t<a id=\"181417\" href=\"https:\/\/cabotbordeaux.com\/fr\/booking\/training-golf\" target=\"_blank\" rel=\"sponsorised nofollow noopener\"><img decoding=\"async\" src=\"data:image\/svg+xml,%3Csvg%20xmlns=\" http:=\"\" class=\"img-responsive\" alt=\"\" data-lazy-src=\"https:\/\/www.europesays.com\/fr\/wp-content\/uploads\/2025\/08\/cabot-e04-stage-septembre-1170x275-1.gif\"\/><\/a><br \/>\nLe leaderboard<\/p>\n<p><img loading=\"lazy\" decoding=\"async\" class=\"alignnone wp-image-182303 size-large\" src=\"data:image\/svg+xml,%3Csvg%20xmlns=\" http:=\"\" alt=\"\" width=\"770\" height=\"501\" data-lazy- data-lazy- data-lazy-src=\"https:\/\/www.europesays.com\/fr\/wp-content\/uploads\/2025\/08\/capture1-4-770x501.jpg\"\/><\/p>\n<p><img loading=\"lazy\" decoding=\"async\" class=\"alignnone wp-image-182304 size-large\" src=\"data:image\/svg+xml,%3Csvg%20xmlns=\" http:=\"\" alt=\"\" width=\"770\" height=\"200\" data-lazy- data-lazy- data-lazy-src=\"https:\/\/www.europesays.com\/fr\/wp-content\/uploads\/2025\/08\/capture2-2-770x200.jpg\"\/><\/p>\n<p>\t\t\t\t\t<a id=\"177181\" href=\"http:\/\/charleskent-golf.com\/andalucia-majors\/\" target=\"_blank\" rel=\"sponsorised nofollow noopener\"><img decoding=\"async\" src=\"data:image\/svg+xml,%3Csvg%20xmlns=\" http:=\"\" class=\"img-responsive\" alt=\"\" data-lazy-src=\"https:\/\/www.europesays.com\/fr\/wp-content\/uploads\/2025\/06\/charleskent-e03-andalucia-majors-1170x275-1.gif\"\/><\/a><br \/>\nLe leaderboard des Fran\u00e7ais<\/p>\n<p><img loading=\"lazy\" decoding=\"async\" class=\"alignnone wp-image-182305 size-large\" src=\"data:image\/svg+xml,%3Csvg%20xmlns=\" http:=\"\" alt=\"\" width=\"770\" height=\"507\" data-lazy- data-lazy- data-lazy-src=\"https:\/\/www.europesays.com\/fr\/wp-content\/uploads\/2025\/08\/capture3-1-770x507.jpg\"\/><\/p>\n<p>\t\t\t\t\t<a id=\"181434\" href=\"https:\/\/www.omegaeuropeanmasters.com\/fr\/tickets\/tickets\" target=\"_blank\" rel=\"sponsorised nofollow noopener\"><img decoding=\"async\" src=\"data:image\/svg+xml,%3Csvg%20xmlns=\" http:=\"\" class=\"img-responsive\" alt=\"\" data-lazy-src=\"https:\/\/www.europesays.com\/fr\/wp-content\/uploads\/2025\/08\/omegamasters-e02-billetterie-om25-1170x275-1.jpg\"\/><\/a><\/p>\n<p>Photo : Jan Kruger\/Getty Images<\/p>\n<p>\t\t\t<script async src=\"https:\/\/platform.twitter.com\/widgets.js\" charset=\"utf-8\"><\/script><\/p>\n","protected":false},"excerpt":{"rendered":"Partager cet article Partager la publication \u00ab\u00a0L\u2019Anglais Marco Penge s\u2019offre la t\u00eate et un potentiel record \u00e0 10&hellip;\n","protected":false},"author":2,"featured_media":319446,"comment_status":"","ping_status":"","sticky":false,"template":"","format":"standard","meta":{"footnotes":""},"categories":[1418],"tags":[1011,27,1472,60],"class_list":{"0":"post-319445","1":"post","2":"type-post","3":"status-publish","4":"format-standard","5":"has-post-thumbnail","7":"category-golf","8":"tag-fr","9":"tag-france","10":"tag-golf","11":"tag-sports"},"share_on_mastodon":{"url":"https:\/\/pubeurope.com\/@fr\/115029202902770914","error":""},"_links":{"self":[{"href":"https:\/\/www.europesays.com\/fr\/wp-json\/wp\/v2\/posts\/319445","targetHints":{"allow":["GET"]}}],"collection":[{"href":"https:\/\/www.europesays.com\/fr\/wp-json\/wp\/v2\/posts"}],"about":[{"href":"https:\/\/www.europesays.com\/fr\/wp-json\/wp\/v2\/types\/post"}],"author":[{"embeddable":true,"href":"https:\/\/www.europesays.com\/fr\/wp-json\/wp\/v2\/users\/2"}],"replies":[{"embeddable":true,"href":"https:\/\/www.europesays.com\/fr\/wp-json\/wp\/v2\/comments?post=319445"}],"version-history":[{"count":0,"href":"https:\/\/www.europesays.com\/fr\/wp-json\/wp\/v2\/posts\/319445\/revisions"}],"wp:featuredmedia":[{"embeddable":true,"href":"https:\/\/www.europesays.com\/fr\/wp-json\/wp\/v2\/media\/319446"}],"wp:attachment":[{"href":"https:\/\/www.europesays.com\/fr\/wp-json\/wp\/v2\/media?parent=319445"}],"wp:term":[{"taxonomy":"category","embeddable":true,"href":"https:\/\/www.europesays.com\/fr\/wp-json\/wp\/v2\/categories?post=319445"},{"taxonomy":"post_tag","embeddable":true,"href":"https:\/\/www.europesays.com\/fr\/wp-json\/wp\/v2\/tags?post=319445"}],"curies":[{"name":"wp","href":"https:\/\/api.w.org\/{rel}","templated":true}]}}