{"id":319450,"date":"2025-08-14T21:22:18","date_gmt":"2025-08-14T21:22:18","guid":{"rendered":"https:\/\/www.europesays.com\/fr\/319450\/"},"modified":"2025-08-14T21:22:18","modified_gmt":"2025-08-14T21:22:18","slug":"je-mangeais-comme-un-fou","status":"publish","type":"post","link":"https:\/\/www.europesays.com\/fr\/319450\/","title":{"rendered":"je mangeais comme un fou"},"content":{"rendered":"<p><a href=\"https:\/\/fr.motorsport.com\/driver\/jorge-martin\/109391\/\" target=\"_blank\" rel=\"noopener\">Jorge Mart\u00edn<\/a> n&rsquo;a pas cach\u00e9 avoir tr\u00e8s mal v\u00e9cu le d\u00e9but de l&rsquo;ann\u00e9e 2025, en particulier les semaines qui ont suivi sa chute au Qatar. Bless\u00e9 pour la troisi\u00e8me fois de l&rsquo;ann\u00e9e, il est rest\u00e9 \u00e9loign\u00e9 des circuits pendant trois mois, avant son retour r\u00e9ussi au Grand Prix de R\u00e9publique tch\u00e8que. Trois mois de doutes, pendant lesquels il a m\u00eame cherch\u00e9 \u00e0 se d\u00e9faire de son contrat avec Aprilia en fin d&rsquo;ann\u00e9e, pour finalement se r\u00e9soudre \u00e0 continuer l&rsquo;aventure.<\/p>\n<p>Au d\u00e9but de sa convalescence, Mart\u00edn a d\u00fb rester alit\u00e9 et il a vite perdu sa condition physique, pas seulement \u00e0 cause de la fonte de ses muscles. \u00ab\u00a0Apr\u00e8s la blessure, j&rsquo;ai pris une dizaine de kilos\u00a0\u00bb, a confi\u00e9 le champion du monde en titre \u00e0 Spielberg. \u00ab\u00a0Apr\u00e8s ma troisi\u00e8me blessure, j&rsquo;ai coup\u00e9 et je mangeais comme un fou, j&rsquo;avais beaucoup d&rsquo;anxi\u00e9t\u00e9, c&rsquo;\u00e9tait tr\u00e8s mauvais.\u00a0\u00bb<\/p>\n<p>Lire aussi :<\/p>\n<p>\u00ab\u00a0Puis j&rsquo;ai perdu ces kilos, j&rsquo;en ai perdu un peu plus parce que je fais beaucoup de v\u00e9lo. Je me sens mieux, je me sens mieux maintenant. Alpinestars doit travailler sur ma combinaison pour enlever quelques parties ! C&rsquo;est bien. Je sens que la moto est rapide en ligne droite, je peux freiner tr\u00e8s tard. Le poids est toujours important.\u00a0\u00bb<\/p>\n<p>Mart\u00edn a confi\u00e9 faire \u00ab\u00a0peut-\u00eatre 1,5 kg de moins maintenant\u00a0\u00bb qu&rsquo;au moment de son titre, fin 2024. Le poids est souvent d\u00e9sign\u00e9 comme l&rsquo;ennemi de la performance dans les sports m\u00e9caniques, et on a aussi vu un <a href=\"https:\/\/fr.motorsport.com\/driver\/marc-marquez\/92646\/\" target=\"_blank\" rel=\"noopener\">Marc M\u00e1rquez<\/a> aminci cette ann\u00e9e. Mart\u00edn a conscience de l&rsquo;importance de cet aspect.<\/p>\n<p>\u00ab\u00a0On est l&rsquo;\u00e9lite des sports m\u00e9caniques et on travaille sur tous les d\u00e9tails. Le poids en fait partie. Je pense que l&rsquo;on travaille tous sur \u00e7a. Nous sommes tous tr\u00e8s fins. J&rsquo;essaie d&rsquo;\u00eatre fort, avec une bonne r\u00e9sistance, mais moins de poids. C&rsquo;est toujours une lutte pour cet \u00e9quilibre. Celui qui p\u00e8se plus de 70 kg a du souci \u00e0 se faire.\u00a0\u00bb<\/p>\n<p>   <img decoding=\"async\" draggable=\"false\" src=\"https:\/\/www.europesays.com\/fr\/wp-content\/uploads\/2025\/08\/1755206536_256_jorge-martin-aprilia-racing-te.jpg\" alt=\"Jorge Mart\u00edn (Aprilia).\" width=\"1200\" height=\"800\" loading=\"lazy\"\/> <\/p>\n<p class=\"title\">Jorge Mart\u00edn (Aprilia).<\/p>\n<p class=\"photographer\">Photo de: Michal Cizek \/ AFP via Getty Images<\/p>\n<p>Pour parfaire sa condition physique, Mart\u00edn a ainsi renonc\u00e9 \u00e0 son canap\u00e9 et aux transats pendant la tr\u00eave estivale\u00a0: \u00ab\u00a0En fait, normalement apr\u00e8s un week-end, avant j&rsquo;allais \u00e0 la plage pour me d\u00e9tendre, et cette fois je suis rentr\u00e9 en Andorre pour m&rsquo;entra\u00eener comme un fou. Je voulais plus de courses mais c&rsquo;est comme \u00e7a. Maintenant, je suis content qu&rsquo;on retrouve une routine normale.\u00a0\u00bb<\/p>\n<p>Pour autant, Mart\u00edn n&rsquo;est pas encore totalement remis de ses blessures\u00a0:\u00a0\u00ab\u00a0Je me sens tr\u00e8s proche de 100%, j&rsquo;ai juste besoin de temps sur la moto. J&rsquo;ai encore mal \u00e0 la main en fait, un petit peu, donc je suis peut-\u00eatre \u00e0 95%. Je vais tirer les 100% de ces 95% !\u00a0\u00bb.<\/p>\n<p>Un \u00e9t\u00e9 aux allures de pr\u00e9-saison<\/p>\n<p>Au cours des derni\u00e8res semaines, Jorge Mart\u00edn a eu l&rsquo;impression de se pr\u00e9parer pour une nouvelle saison. Priv\u00e9 de roulage en d\u00e9but d&rsquo;ann\u00e9e par ses diff\u00e9rentes blessures, il a vu le Grand Prix de R\u00e9publique tch\u00e8que comme un test hivernal, et il a ensuite voulu s&rsquo;entra\u00eener pour \u00eatre pr\u00eat en vue d&rsquo;une fin de saison intense, avec dix courses en 14 week-ends.<\/p>\n<p>\u00ab\u00a0C&rsquo;\u00e9tait super bien parce que j&rsquo;ai r\u00e9cup\u00e9r\u00e9 beaucoup de temps perdu durant la blessure. C&rsquo;\u00e9tait un peu diff\u00e9rent d&rsquo;une pause estivale classique. Je me suis en plus entra\u00een\u00e9 sur une moto, je me suis un peu plus entra\u00een\u00e9 physiquement. J&rsquo;ai eu trois ou quatre jours de repos, mais le reste, c&rsquo;\u00e9tait comme une pr\u00e9-saison pour moi, parce que je devais pr\u00e9parer cette moiti\u00e9 d&rsquo;ann\u00e9e qui sera longue, vraiment intense.\u00a0\u00bb<\/p>\n<p>\u00ab\u00a0Je me sens mieux pr\u00e9par\u00e9 qu&rsquo;\u00e0 Brno, c&rsquo;est le plus important. Je ne veux pas \u00eatre tr\u00e8s optimiste pour cette course parce que je dois comprendre nos processus. Ce n&rsquo;est que ma troisi\u00e8me course avec l&rsquo;Aprilia et je dois juste encha\u00eener les tours. Je vais faire de mon mieux et on verra ce que l&rsquo;on pourra atteindre.\u00a0\u00bb<\/p>\n<p>\u00a0<\/p>\n<p>\u00ab\u00a0Je sens qu&rsquo;\u00e0 Misano puis Brno, on a fait quatre journ\u00e9es de pr\u00e9-saison\u00a0\u00bb, a d\u00e9crit Mart\u00edn, qui doit encore am\u00e9liorer sa connaissance de la RS-GP\u00a0: \u00ab\u00a0Maintenant, je n&rsquo;ai pas encore mes r\u00e9glages de base. On fait encore des changements sur la moto \u00e0 chaque s\u00e9ance, mais on se rapproche de ces r\u00e9glages de base.\u00a0\u00bb<\/p>\n<p>\u00ab\u00a0C&rsquo;est comme si je d\u00e9butais la saison donc il faut qu&rsquo;on soit calmes, qu&rsquo;on comprenne, il faut qu&rsquo;on progresse, qu&rsquo;on apprenne \u00e0 se conna\u00eetre avec l&rsquo;Aprilia, qu&rsquo;on comprenne comment fait Marco [Bezzecchi] pour \u00eatre aussi rapide que \u00e7a, toutes ces choses. C&rsquo;est une question de temps. J&rsquo;ai confiance en Aprilia, j&rsquo;ai confiance en moi pour qu&rsquo;on atteigne le sommet, mais maintenant il faut \u00eatre calme et avancer \u00e9tape par \u00e9tape.\u00a0\u00bb<\/p>\n<p>Sans v\u00e9ritable exp\u00e9rience d&rsquo;une moto nouvelle pour lui cette saison, Jorge Mart\u00edn se sait totalement d\u00e9cal\u00e9 par rapport aux autres pilotes et n&rsquo;a pas vraiment l&rsquo;impression d&rsquo;\u00eatre le champion en titre.<\/p>\n<p>\u00ab\u00a0Je ne sens pas que je d\u00e9fends un championnat maintenant. M\u00eame en d\u00e9but de saison, je ne le sentais pas, parce que j&rsquo;avais un nouveau projet. Peut-\u00eatre que dans une situation diff\u00e9rente, avec une autre \u00e9quipe ou la m\u00eame, je le d\u00e9fendrais. Maintenant, je veux pr\u00e9parer une base solide et une \u00e9quipe solide pour d\u00e9fendre ce titre l&rsquo;an prochain.\u00a0\u00bb<\/p>\n<p>   <img decoding=\"async\" draggable=\"false\" src=\"https:\/\/www.europesays.com\/fr\/wp-content\/uploads\/2025\/08\/jorge-martin-aprilia-racing.jpg\" alt=\"Jorge Mart\u00edn (Aprilia).\" width=\"1200\" height=\"800\" loading=\"lazy\"\/> <\/p>\n<p class=\"title\">Jorge Mart\u00edn (Aprilia).<\/p>\n<p class=\"photographer\">Photo de: Gold and Goose Photography \/ LAT Images \/ via Getty Images<\/p>\n<p>En attendant, Mart\u00edn aborde le Grand Prix d&rsquo;Autriche sans objectif pr\u00e9cis. Le Red Bull Ring lui a r\u00e9ussi par le pass\u00e9, avec sa premi\u00e8re victoire en 2021 et deux podiums de plus par la suite, mais il a souvent pos\u00e9 des difficult\u00e9s \u00e0 Aprilia.<\/p>\n<p>\u00ab\u00a0Je ne sais pas \u00e0 quoi m&rsquo;attendre, on verra. Je pense que pour moi, c&rsquo;est une bonne piste. Habituellement je suis tr\u00e8s performant. Je pense aussi que si Aprilia n&rsquo;\u00e9tait pas si fort [sur ce trac\u00e9 auparavant], la moto est totalement diff\u00e9rente maintenant. Il y a des points forts \u00e0 l&rsquo;acc\u00e9l\u00e9ration, qu&rsquo;ils n&rsquo;avaient pas auparavant, mais on verra.\u00a0\u00bb<\/p>\n<p>\u00ab\u00a0Je ne veux pas \u00eatre tr\u00e8s optimiste, on va travailler sur \u00e7a et j&rsquo;esp\u00e8re que Marco et moi, on pourra \u00eatre forts et s&rsquo;aider mutuellement \u00e0 revenir sur les Ducati, parce qu&rsquo;on sait qu&rsquo;ici elles sont super fortes.\u00a0\u00bb<\/p>\n<p>Lire aussi :<\/p>\n<p>Dans cet article<\/p>\n<p>Soyez le premier inform\u00e9 et souscrivez aux alertes mails pour recevoir les infos en temps r\u00e9el<\/p>\n<p>    S&rsquo;abonner aux alertes de news<\/p>\n","protected":false},"excerpt":{"rendered":"Jorge Mart\u00edn n&rsquo;a pas cach\u00e9 avoir tr\u00e8s mal v\u00e9cu le d\u00e9but de l&rsquo;ann\u00e9e 2025, en particulier les semaines&hellip;\n","protected":false},"author":2,"featured_media":319451,"comment_status":"","ping_status":"","sticky":false,"template":"","format":"standard","meta":{"footnotes":""},"categories":[1413],"tags":[3563,1011,27,34489,45751,1457,1456,1458,34490,60],"class_list":{"0":"post-319450","1":"post","2":"type-post","3":"status-publish","4":"format-standard","5":"has-post-thumbnail","7":"category-moto","8":"tag-aprilia-racing-team","9":"tag-fr","10":"tag-france","11":"tag-gp-dautriche","12":"tag-martu00edn-a-pris-10u00a0kg-apru00e8s-sa-blessureu00a0-je-mangeais-comme-un-fou","13":"tag-moto","14":"tag-motocycle","15":"tag-motogp","16":"tag-red-bull-ring","17":"tag-sports"},"share_on_mastodon":{"url":"https:\/\/pubeurope.com\/@fr\/115029222598377758","error":""},"_links":{"self":[{"href":"https:\/\/www.europesays.com\/fr\/wp-json\/wp\/v2\/posts\/319450","targetHints":{"allow":["GET"]}}],"collection":[{"href":"https:\/\/www.europesays.com\/fr\/wp-json\/wp\/v2\/posts"}],"about":[{"href":"https:\/\/www.europesays.com\/fr\/wp-json\/wp\/v2\/types\/post"}],"author":[{"embeddable":true,"href":"https:\/\/www.europesays.com\/fr\/wp-json\/wp\/v2\/users\/2"}],"replies":[{"embeddable":true,"href":"https:\/\/www.europesays.com\/fr\/wp-json\/wp\/v2\/comments?post=319450"}],"version-history":[{"count":0,"href":"https:\/\/www.europesays.com\/fr\/wp-json\/wp\/v2\/posts\/319450\/revisions"}],"wp:featuredmedia":[{"embeddable":true,"href":"https:\/\/www.europesays.com\/fr\/wp-json\/wp\/v2\/media\/319451"}],"wp:attachment":[{"href":"https:\/\/www.europesays.com\/fr\/wp-json\/wp\/v2\/media?parent=319450"}],"wp:term":[{"taxonomy":"category","embeddable":true,"href":"https:\/\/www.europesays.com\/fr\/wp-json\/wp\/v2\/categories?post=319450"},{"taxonomy":"post_tag","embeddable":true,"href":"https:\/\/www.europesays.com\/fr\/wp-json\/wp\/v2\/tags?post=319450"}],"curies":[{"name":"wp","href":"https:\/\/api.w.org\/{rel}","templated":true}]}}