{"id":319460,"date":"2025-08-14T21:27:10","date_gmt":"2025-08-14T21:27:10","guid":{"rendered":"https:\/\/www.europesays.com\/fr\/319460\/"},"modified":"2025-08-14T21:27:10","modified_gmt":"2025-08-14T21:27:10","slug":"simona-kossak-lodyssee-des-especes-liberation","status":"publish","type":"post","link":"https:\/\/www.europesays.com\/fr\/319460\/","title":{"rendered":"Simona Kossak, l\u2019odyss\u00e9e des esp\u00e8ces \u2013 Lib\u00e9ration"},"content":{"rendered":"<p class=\"sc-ksZaOG ehjQrN text-element\">La jeune femme, menue et aux longs cheveux tress\u00e9s, embrasse un grand corbeau. Bec \u00e0 bouche, un appareil photo \u00e0 la main. Dans une for\u00eat en hiver, on la voit encore, manteau fourr\u00e9 et chapka, un regard au photographe, elle marche avec des chevreuils. On ne sait qui suit l\u2019autre. Les animaux sauvages ob\u00e9issent-ils \u00e0 leur ma\u00eetresse ? Ou est-ce la femme qui accompagne la meute et s\u2019en va se promener dans les bois ? Quelques ann\u00e9es plus tard, les cheveux \u00e0 la mode 70 sont coup\u00e9s, le visage marqu\u00e9, yeux clos, au contact de la fourrure de ce jeune lynx, t\u00eate \u00e0 t\u00eate, peau \u00e0 peau. On la voit respirer l\u2019odeur et la chaleur de l\u2019animal, dans une \u00e9treinte d\u2019une grande tendresse.<\/p>\n<p class=\"sc-ksZaOG ehjQrN text-element\">Cette jeune femme, c\u2019est Simona Kossak (1943-2007) biologiste et zoologue, professeure investie dans l\u2019\u00e9cologie comportementale et la pr\u00e9servation des \u00e9cosyst\u00e8mes naturels. Elle est n\u00e9e \u00e0 Cracovie, dans une grande famille d\u2019artistes, son grand-p\u00e8re, son p\u00e8re, ses tantes, sa s\u0153ur sont peintres, \u00e9crivains ou po\u00e8tes. Les Kossak sont malmen\u00e9s par le nouveau r\u00e9gime communiste qui s\u2019installe alors, sans pour autant perdre leur vieux manoir \u00abKossakowka\u00bb, fief de la noble famille. A l\u2019int\u00e9rieur du foyer s\u2019installe une certaine d\u00e9cadence et se jouent d\u2019autres dissensions, humiliations et rejets de la part de sa m\u00e8re. Brebis galeuse de la famille, Simona trouve refuge dans le jardin de la propri\u00e9t\u00e9. Apr\u00e8s des \u00e9tudes de biologie \u00e0 Cracovie, \u00e0 contre-courant de sa lign\u00e9e, elle quitte la ville pour la for\u00eat. D\u00e9but de sa vrai<\/p>\n","protected":false},"excerpt":{"rendered":"La jeune femme, menue et aux longs cheveux tress\u00e9s, embrasse un grand corbeau. Bec \u00e0 bouche, un appareil&hellip;\n","protected":false},"author":2,"featured_media":319461,"comment_status":"","ping_status":"","sticky":false,"template":"","format":"standard","meta":{"footnotes":""},"categories":[1358],"tags":[1348,1384,1385,1386,58,59,1011,27,2437],"class_list":{"0":"post-319460","1":"post","2":"type-post","3":"status-publish","4":"format-standard","5":"has-post-thumbnail","7":"category-arts-et-design","8":"tag-arts","9":"tag-arts-and-design","10":"tag-arts-et-design","11":"tag-design","12":"tag-divertissement","13":"tag-entertainment","14":"tag-fr","15":"tag-france","16":"tag-pologne"},"share_on_mastodon":{"url":"https:\/\/pubeurope.com\/@fr\/115029242262567176","error":""},"_links":{"self":[{"href":"https:\/\/www.europesays.com\/fr\/wp-json\/wp\/v2\/posts\/319460","targetHints":{"allow":["GET"]}}],"collection":[{"href":"https:\/\/www.europesays.com\/fr\/wp-json\/wp\/v2\/posts"}],"about":[{"href":"https:\/\/www.europesays.com\/fr\/wp-json\/wp\/v2\/types\/post"}],"author":[{"embeddable":true,"href":"https:\/\/www.europesays.com\/fr\/wp-json\/wp\/v2\/users\/2"}],"replies":[{"embeddable":true,"href":"https:\/\/www.europesays.com\/fr\/wp-json\/wp\/v2\/comments?post=319460"}],"version-history":[{"count":0,"href":"https:\/\/www.europesays.com\/fr\/wp-json\/wp\/v2\/posts\/319460\/revisions"}],"wp:featuredmedia":[{"embeddable":true,"href":"https:\/\/www.europesays.com\/fr\/wp-json\/wp\/v2\/media\/319461"}],"wp:attachment":[{"href":"https:\/\/www.europesays.com\/fr\/wp-json\/wp\/v2\/media?parent=319460"}],"wp:term":[{"taxonomy":"category","embeddable":true,"href":"https:\/\/www.europesays.com\/fr\/wp-json\/wp\/v2\/categories?post=319460"},{"taxonomy":"post_tag","embeddable":true,"href":"https:\/\/www.europesays.com\/fr\/wp-json\/wp\/v2\/tags?post=319460"}],"curies":[{"name":"wp","href":"https:\/\/api.w.org\/{rel}","templated":true}]}}