{"id":319462,"date":"2025-08-14T21:28:15","date_gmt":"2025-08-14T21:28:15","guid":{"rendered":"https:\/\/www.europesays.com\/fr\/319462\/"},"modified":"2025-08-14T21:28:15","modified_gmt":"2025-08-14T21:28:15","slug":"cinq-livres-six-auteurs-de-la-region-a-lire-et-a-relire","status":"publish","type":"post","link":"https:\/\/www.europesays.com\/fr\/319462\/","title":{"rendered":"cinq livres, six auteurs de la r\u00e9gion \u00e0 lire et \u00e0 relire"},"content":{"rendered":"<p>            Une princesse \u00e0 d\u00e9crypter entre les lignes<\/p>\n<p>        <img decoding=\"async\" id=\"7011203\" src=\"https:\/\/www.europesays.com\/fr\/wp-content\/uploads\/2025\/08\/princesse-rebelle-couv-2021.jpg\" itemprop=\"contentURL\"\/><\/p>\n<p>Apr\u00e8s \u00ab\u00a0La Face cach\u00e9e du prince charmant\u00a0\u00bb (prix Bernard Versele 2021), voici le second volet du duo Gu\u00e9raud\/Meunier. Leur princesse ob\u00e9it au m\u00eame proc\u00e9d\u00e9 du caviardage que leur prince. Le caviarquoi\u00a0? Le caviardage est une couverture partielle, en noir, du texte et des images, destin\u00e9e \u00e0 changer le propos. L\u2019ouvrage propose ainsi une double lecture. En apparence, la princesse ob\u00e9it aux codes en vigueur \u00e0 la cour du roi. En v\u00e9rit\u00e9, elle se r\u00e9v\u00e8le rebelle \u00e0 tous les usages qu\u2019on lui impose. D\u00e8s 5\u00a0ans.<\/p>\n<p>Guillaume Gu\u00e9raud, qui n\u2019a pas sa plume dans sa poche, est n\u00e9 \u00e0 Bordeaux en 1972. Dans son r\u00e9cit autobiographique, \u00ab\u00a0Sans la t\u00e9l\u00e9\u00a0\u00bb, l\u2019auteur retrace d\u2019ailleurs, au travers du prisme du cin\u00e9ma, sa jeunesse dans le quartier des Aubiers au cours des ann\u00e9es 1970-1980.<\/p>\n<p>Auteur et illustrateur renomm\u00e9, publi\u00e9 au Rouergue, chez Grasset Jeunesse ou Actes Sud junior, Henri Meunier a longtemps partag\u00e9 un atelier \u00e0 Bordeaux avec R\u00e9gis Lejonc et Alfred avant de s\u2019installer \u00e0 Toulouse.<br \/>\nDeux incontournables de la litt\u00e9rature jeunesse r\u00e9unis dans un m\u00eame album.<\/p>\n<p><strong>\u00ab\u00a0La princesse rebelle se d\u00e9voile\u00a0\u00bb, Guillaume Gu\u00e9raud et Henri Meunier, \u00e9ditions du Rouergue, 40 pages, 15\u00a0\u20ac.<\/strong><\/p>\n<p>NOUVELLE COLLECTIONFaction\u00a0! pour les 12-14 ans<\/p>\n<p>        <img decoding=\"async\" id=\"7011288\" src=\"https:\/\/www.europesays.com\/fr\/wp-content\/uploads\/2025\/08\/lenfermarinledun.jpg\" itemprop=\"contentURL\"\/><\/p>\n<p>Les \u00e9ditions In8, \u00e0 Serres-Morla\u00e0s, pr\u00e8s de Pau, d\u00e9veloppent depuis vingt ans un catalogue centr\u00e9 sur la litt\u00e9rature noire, sociale et le polar, notamment \u00e0 travers la collection Polaroid, qui accueille des \u00e9crivains \u00e0 forte renomm\u00e9e, comme Nicolas Mathieu (\u00ab\u00a0Leurs Enfants apr\u00e8s eux\u00a0\u00bb, prix Goncourt 2018). Depuis septembre, ils s\u2019adressent aussi \u00e0 un lectorat plus jeune avec le lancement de la collection Faction\u00a0!&#13;<\/p>\n<blockquote><p>Dans le coin, les requins sont au r\u00e9gime sec. Uniquement du bagnard au menu. Matin, midi et soir<\/p><\/blockquote>\n<p>Ce sont des romans courts (120-150 pages), noirs (et sans sucre), qui abordent, sans fard, des questions contemporaines, sociales, environnementales, sexuelles, etc. Des textes qui parlent aux 12-14 ans du monde, de sa noirceur et de ses col\u00e8res. Marin Ledun inaugure cette nouvelle collection. Ce qui est plut\u00f4t de bon augure. L\u2019auteur ne modifie ni sa voix ni son \u00e9criture, consid\u00e9rant les ados comme des citoyens \u00e0 part enti\u00e8re.<\/p>\n<p>\u00ab\u00a0L\u2019Enfer\u00a0\u00bb raconte les conditions de d\u00e9tention d\u2019Ahmed, un jeune homme de 19 ans envoy\u00e9 au bagne de Guyane. Son crime\u00a0? Avoir brav\u00e9 le couvre-feu pour rendre visite \u00e0 sa fianc\u00e9e. Nous sommes en 1853 sur l\u2019\u00eele Royale mais le r\u00e9cit comme l\u2019\u00e9criture donnent l\u2019impression que l\u2019action pourrait aussi bien s\u2019\u00eatre pass\u00e9e hier\u00a0: le bagne n\u2019a \u00e9t\u00e9 ferm\u00e9 qu\u2019en 1947.<\/p>\n<p>L\u00e0, aucun prisonnier n\u2019est parvenu \u00e0 survivre plus de cinq ans. On y est guett\u00e9 par la folie, la maladie ou les requins. \u00ab\u00a0M\u00eame les surveillants cr\u00e8vent de maladie ici, mais eux, on les enterre dans un cimeti\u00e8re. Dans le coin, les requins sont au r\u00e9gime sec. Uniquement du bagnard au menu. Matin, midi et soir.\u00a0\u00bb Le r\u00e9cit poignant et efficace se double d\u2019une r\u00e9flexion sur la justice, la privation de libert\u00e9s, la d\u00e9portation et la peine de mort.<\/p>\n<p>N\u00e9 en 1975, Marin Ledun est un auteur de romans noirs s\u2019int\u00e9ressant aux dysfonctionnements de notre soci\u00e9t\u00e9. Il a d\u00e9j\u00e0 publi\u00e9 une douzaine de romans, dont \u00ab\u00a0Les Visages \u00e9cras\u00e9s\u00a0\u00bb, adapt\u00e9 pour Arte sous le titre de \u00ab\u00a0Carole Matthieu\u00a0\u00bb, avec Isabelle Adjani et Corinne Masiero. Il \u00e9crit aussi des pi\u00e8ces radiophoniques pour France Culture. Il vit dans les Landes.<\/p>\n<p><strong>\u00ab\u00a0L\u2019Enfer\u00a0\u00bb, de Marin Ledun, \u00e9ditions In8, collection Faction\u00a0!, 112 pages, septembre 2021, 8,90 \u20ac.<\/strong><\/p>\n<p>ROMAN D\u2019ANTICIPATIONLe monde d\u2019apr\u00e8s, selon Nathalie Bernard<\/p>\n<p>        <img decoding=\"async\" id=\"7011298\" src=\"https:\/\/www.europesays.com\/fr\/wp-content\/uploads\/2025\/08\/les-nuees.jpg\" itemprop=\"contentURL\"\/><\/p>\n<p>De Nathalie Bernard, on conna\u00eet sa cabane d\u2019\u00e9criture pr\u00e8s de Bordeaux et ses thrillers (\u00ab\u00a0Sept jours pour survivre\u00a0\u00bb et \u00ab\u00a0Keep Hope\u00a0\u00bb) qui se d\u00e9vorent d\u2019un seul souffle. De tr\u00e8s bons souvenirs de lecture. On la sait aussi chanteuse et capable de donner une forme \u00ab\u00a0spectaculaire\u00a0\u00bb \u00e0 ses romans. Apr\u00e8s les albums pour enfants, le roman historique et le thriller, la voil\u00e0 qui se lance dans un nouveau genre, tr\u00e8s \u00e0 la mode\u00a0: la SF, et plus pr\u00e9cis\u00e9ment la dystopie.<\/p>\n<p>Comme souvent, son r\u00e9cit joue sur l\u2019alternance de deux histoires. D\u2019un c\u00f4t\u00e9, on suit Lucie, une astronaute fran\u00e7aise qui, en 2025, nous relate sa mission sur l\u2019ISS (Station spatiale internationale). De l\u2019autre, on assiste, en l\u2019an 376 AGS, aux aventures de Lisbeth, 16 ans, ouvri\u00e8re de l\u2019eau, dans la cit\u00e9 d\u2019\u00c9r\u00e9mos. Deux destins que des si\u00e8cles s\u00e9parent mais que semble relier la br\u00fblure d\u2019un soleil devenu perp\u00e9tuel\u2026 Les fans d\u2019histoires de survie en milieu hostile seront combl\u00e9s. D\u00e8s 13 ans.<\/p>\n<p><strong>\u00ab\u00a0Les Nu\u00e9es, Livre 1 \u00c9r\u00e9mos\u00a0\u00bb, Nathalie Bernard, \u00e9ditions Thierry Magnier, 352 pages, 14,90 \u20ac.<\/strong><\/p>\n<p>ROMANUn cheval savant au Far West<\/p>\n<p>        <img decoding=\"async\" id=\"7011318\" src=\"https:\/\/www.europesays.com\/fr\/wp-content\/uploads\/2025\/08\/couv-lord-pythagore.jpg\" itemprop=\"contentURL\"\/><\/p>\n<p>Un cheval savant dans l\u2019Ouest am\u00e9ricain, \u00e7a ne devrait pas passer inaper\u00e7u. C\u2019est \u00e0 peu pr\u00e8s le pari que font Rose et son p\u00e8re lorsqu\u2019ils traversent l\u2019Atlantique pour montrer Lord Pythagore, leur cheval, \u00e0 travers les \u00c9tats-Unis d\u2019Am\u00e9rique. Un canasson qui ma\u00eetrise le calcul mental, c\u2019est le succ\u00e8s assur\u00e9\u00a0! Eh bien il semblerait pourtant que, dans le Far West, on ne compte pas pareil qu\u2019en Europe\u2026 Et ce qui devait \u00eatre une grande tourn\u00e9e triomphale vire rapidement au western mouvement\u00e9.&#13;<\/p>\n<p>N\u00e9 \u00e0 Saintes (17) en 1964, Marc Daniau se qualifie volontiers de dessinateur tout-terrain. D\u00e9j\u00e0 auteur et illustrateur d\u2019albums, le voici romancier. On \u00e9tait habitu\u00e9 au style chatoyant de ses illustrations. On d\u00e9couvre ici des dessins en noir et blanc, au trait \u00e9nergique. Un roman \u00e0 conseiller aux jeunes lecteurs ou \u00e0 lire \u00e0 voix haute \u00e0 ceux qui ne lisent pas encore tout seuls. \u00c0 partir de 9 ans.<\/p>\n<p><strong>\u00ab\u00a0Lord Pythagore, le cheval myst\u00e8re de l\u2019Ouest\u00a0\u00bb, de Marc Daniau, collection Dacodac, \u00e9ditions du Rouergue, septembre 2021, 80 pages, 9\u00a0\u20ac.<\/strong><\/p>\n<p>ROMANMiss Catastrophe<\/p>\n<p>        <img decoding=\"async\" id=\"7011322\" src=\"https:\/\/www.europesays.com\/fr\/wp-content\/uploads\/2025\/08\/martine-ne-sait-rien-faire-9782812622724-0.jpg\" itemprop=\"contentURL\"\/><\/p>\n<p>Martine ne sait rien faire. Tout le monde en est tellement convaincu que Martine finit par l\u2019\u00eatre aussi. Elle patiente, en attendant vaguement le coup de baguette magique qui rendra sa vie plus supportable. Ce petit coup de pouce, c\u2019est une nouvelle \u00e9l\u00e8ve dans sa classe qui va le lui donner, Isadora\u00a0: une douce r\u00eaveuse qui s\u2019est mis en t\u00eate d\u2019inventer la premi\u00e8re machine qui permettra \u00e0 l\u2019homme de voler. Sans se douter une seule minute que cette machine existe d\u00e9j\u00e0. Plut\u00f4t que de lui r\u00e9v\u00e9ler la v\u00e9rit\u00e9, Martine assiste sa nouvelle (et seule) amie dans cette p\u00e9rilleuse aventure\u2026 \u00c0 partir de 9 ans.<\/p>\n<p>Dominique P\u00e9richon est n\u00e9 au beau milieu des ann\u00e9es 1960 et du Limousin. Il vit actuellement dans les Pyr\u00e9n\u00e9es, o\u00f9 il travaille dans l\u2019\u00c9ducation nationale et \u00e9l\u00e8ve trois poules. Il a publi\u00e9 deux romans aux \u00e9ditions Dilettante et un autre au Rouergue.<\/p>\n","protected":false},"excerpt":{"rendered":"Une princesse \u00e0 d\u00e9crypter entre les lignes Apr\u00e8s \u00ab\u00a0La Face cach\u00e9e du prince charmant\u00a0\u00bb (prix Bernard Versele 2021),&hellip;\n","protected":false},"author":2,"featured_media":319463,"comment_status":"","ping_status":"","sticky":false,"template":"","format":"standard","meta":{"footnotes":""},"categories":[1357],"tags":[1379,58,59,1011,27,1380],"class_list":{"0":"post-319462","1":"post","2":"type-post","3":"status-publish","4":"format-standard","5":"has-post-thumbnail","7":"category-livres","8":"tag-books","9":"tag-divertissement","10":"tag-entertainment","11":"tag-fr","12":"tag-france","13":"tag-livres"},"share_on_mastodon":{"url":"https:\/\/pubeurope.com\/@fr\/115029246876592918","error":""},"_links":{"self":[{"href":"https:\/\/www.europesays.com\/fr\/wp-json\/wp\/v2\/posts\/319462","targetHints":{"allow":["GET"]}}],"collection":[{"href":"https:\/\/www.europesays.com\/fr\/wp-json\/wp\/v2\/posts"}],"about":[{"href":"https:\/\/www.europesays.com\/fr\/wp-json\/wp\/v2\/types\/post"}],"author":[{"embeddable":true,"href":"https:\/\/www.europesays.com\/fr\/wp-json\/wp\/v2\/users\/2"}],"replies":[{"embeddable":true,"href":"https:\/\/www.europesays.com\/fr\/wp-json\/wp\/v2\/comments?post=319462"}],"version-history":[{"count":0,"href":"https:\/\/www.europesays.com\/fr\/wp-json\/wp\/v2\/posts\/319462\/revisions"}],"wp:featuredmedia":[{"embeddable":true,"href":"https:\/\/www.europesays.com\/fr\/wp-json\/wp\/v2\/media\/319463"}],"wp:attachment":[{"href":"https:\/\/www.europesays.com\/fr\/wp-json\/wp\/v2\/media?parent=319462"}],"wp:term":[{"taxonomy":"category","embeddable":true,"href":"https:\/\/www.europesays.com\/fr\/wp-json\/wp\/v2\/categories?post=319462"},{"taxonomy":"post_tag","embeddable":true,"href":"https:\/\/www.europesays.com\/fr\/wp-json\/wp\/v2\/tags?post=319462"}],"curies":[{"name":"wp","href":"https:\/\/api.w.org\/{rel}","templated":true}]}}