{"id":319464,"date":"2025-08-14T21:29:27","date_gmt":"2025-08-14T21:29:27","guid":{"rendered":"https:\/\/www.europesays.com\/fr\/319464\/"},"modified":"2025-08-14T21:29:27","modified_gmt":"2025-08-14T21:29:27","slug":"la-revelation-folle-dune-candidate-de-la-saison-annulee","status":"publish","type":"post","link":"https:\/\/www.europesays.com\/fr\/319464\/","title":{"rendered":"La r\u00e9v\u00e9lation folle d&rsquo;une candidate de la saison annul\u00e9e !"},"content":{"rendered":"<p>C&rsquo;est une blessure qui aurait pu tout changer au destin de Sam, l&rsquo;un des candidats embl\u00e9matiques de Koh-Lanta. Marie-No\u00eblle, participante de la saison 19 qui a d\u00fb \u00eatre annul\u00e9e, a r\u00e9v\u00e9l\u00e9 que le jeune homme s&rsquo;\u00e9tait s\u00e9rieusement bless\u00e9 \u00e0 la main lors de sa premi\u00e8re participation. Il avait \u00e9t\u00e9 contraint d&rsquo;abandonner le jeu au bout de trois jours. Depuis, il a \u00e9t\u00e9 largement veng\u00e9&#8230;<\/p>\n<p><a href=\"https:\/\/www.programme-tv.net\/news\/tv\/381977-gaelle-gagnante-de-koh-lanta-2025-fait-de-tendres-confidences-sur-son-pere-je-pensais-tres-souvent-a-lui\/\" data-api-deeplink=\"teleloisirs:\/\/news\/381977\" target=\"_blank\" rel=\"noopener\">Apr\u00e8s la victoire de Ga\u00eblle dans Koh-Lanta : la revanche des quatre terres<\/a>, les aficionados du jeu diffus\u00e9e sur TF1 vont devoir prendre leur mal en patience avant de d\u00e9couvrir une nouvelle aventure. La rentr\u00e9e se fera en effet sans un nouvel \u00e9pisode du programme de survie. <a href=\"https:\/\/www.programme-tv.net\/news\/tv\/383842-la-prochaine-saison-de-koh-lanta-repoussee-a-cause-des-audiences-denis-brogniart-fait-une-mise-au-point\/\" data-api-deeplink=\"teleloisirs:\/\/news\/383842\" target=\"_blank\" rel=\"noopener\">Il faudra attendre jusqu&rsquo;\u00e0 2026 pour que la nouvelle \u00e9dition d\u00e9j\u00e0 tourn\u00e9e soit diffus\u00e9e.<\/a> \u00ab\u00a0\u00c7a fait du bien de ne pas avoir une trentaine de soir\u00e9es Koh-Lanta tous les ans, c&rsquo;est pour \u00e7a que je trouve \u00e7a bien qu&rsquo;il n&rsquo;y en ait pas \u00e0 l&rsquo;automne\u00a0\u00bb, avait avanc\u00e9 <a href=\"https:\/\/www.programme-tv.net\/biographie\/4383-brogniart-denis\/\" data-link-people=\"2580c48c-1b4f-411c-8ab6-8f62dfe1f8ca\" target=\"_blank\" rel=\"noopener\">Denis Brogniart<\/a>, r\u00e9futant que les pertes d&rsquo;audience \u00e9taient responsables de cette programmation. L&rsquo;\u00e9mission a d\u00e9j\u00e0 \u00e9t\u00e9 mise en pause, mais pour des raisons dramatiques.<a href=\"https:\/\/www.programme-tv.net\/news\/tv\/206969-koh-lanta-annule-le-parquet-de-nancy-ouvre-une-information-judiciaire-pour-agression-sexuelle-apres-la-plainte-de-candide-renard\/\" data-api-deeplink=\"teleloisirs:\/\/news\/206969\" target=\"_blank\" rel=\"noopener\"> La saison 19 de Koh-Lanta a ainsi pris fin pr\u00e9matur\u00e9ment apr\u00e8s qu&rsquo;un candidat a \u00e9t\u00e9 accus\u00e9 d&rsquo;agression sexuelle<\/a>. Pourtant, certains des participants de cette \u00e9dition sont devenus des visages bien connus du programme, \u00e0 l&rsquo;image de <a href=\"https:\/\/www.programme-tv.net\/news\/tv\/255455-koh-lanta-2020-pholien-tacle-claude-sur-lepreuve-dorientation-les-internautes-ne-le-ratent-pas\/\" data-api-deeplink=\"teleloisirs:\/\/news\/255455\" target=\"_blank\" rel=\"noopener\">Pholien <\/a>ou de <a href=\"https:\/\/www.programme-tv.net\/news\/tv\/286931-sam-sexprime-apres-la-triche-de-teheiura-dans-koh-lanta-ca-nenleve-rien-a-la-legende-quil-est\/\" data-api-deeplink=\"teleloisirs:\/\/news\/286931\" target=\"_blank\" rel=\"noopener\">Sam<\/a>.<\/p>\n<p>                        Sam (Koh-Lanta) s&rsquo;\u00e9tait bless\u00e9 apr\u00e8s le premier conseil avec la machette<\/p>\n<p>Marie-No\u00eblle, l&rsquo;une des aventuri\u00e8res malheureuses de ce Koh-Lanta qui aurait d\u00fb \u00eatre baptis\u00e9 Koh-Lanta, le combat des chefs, s&rsquo;est confi\u00e9e sur ses quatre jours d&rsquo;aventure \u00e0 la cha\u00eene YouTube <a href=\"https:\/\/www.youtube.com\/watch?v=CmcJSmAQ8pw&amp;t=22s\" target=\"_blank\" rel=\"noopener\">Claym &amp;Co.<\/a> Elle en a profit\u00e9 pour faire quelques r\u00e9v\u00e9lations sur cette saison qui n&rsquo;aura dur\u00e9 que quatre jours. Elle a notamment indiqu\u00e9 qu&rsquo;elle avait d\u00e9marr\u00e9 avec une \u00e9preuve des poteaux, destin\u00e9e \u00e0 d\u00e9signer les chefs des trois \u00e9quipes en course. \u00ab\u00a0Le niveau \u00e9tait incroyable. (&#8230;) Je suis tomb\u00e9e au bout d&rsquo;une heure et je suis la premi\u00e8re \u00e0 tomber\u00a0\u00bb, s&rsquo;est-elle d\u00e9sol\u00e9e. Vainqueur de cette \u00e9preuve,<a href=\"https:\/\/www.programme-tv.net\/news\/tv\/281725-sam-koh-lanta-all-stars-2021-se-confie-sur-son-admiration-pour-teheiura-et-claude-dartois-jai-du-mal-a-me-placer-au-meme-niveau-queux\/\" data-api-deeplink=\"teleloisirs:\/\/news\/281725\" target=\"_blank\" rel=\"noopener\"> Sam, qui a brill\u00e9 par la suite dans l&rsquo;\u00e9mission aux c\u00f4t\u00e9s de Claude ou de Teheiura<\/a>, a \u00e9t\u00e9 choisi pour devenir le chef de la tribu des rouges. Paradoxalement, cette victoire aurait pu lui co\u00fbter tr\u00e8s cher. L&rsquo;\u00e9quipe de Marie-No\u00eblle a \u00e9t\u00e9 la premi\u00e8re \u00e0 se pr\u00e9senter au conseil et les deux chefs des tribus rivales ont \u00e9t\u00e9 convi\u00e9es \u00e0 assister \u00e0 cette r\u00e9union. C&rsquo;est Sylvie, la candidate la plus \u00e2g\u00e9e de sa tribu, qui a \u00e9t\u00e9 \u00e9limin\u00e9e. Comme pour chaque conseil, tous les aventuriers ont dormi sur place. <b>\u00ab\u00a0Sam s&rsquo;est bless\u00e9 \u00e0 ce moment-l\u00e0 avec la machette en ouvrant la noix de coco. Le soir du conseil. C&rsquo;est pour \u00e7a que Sylvie, le lendemain, est de nouveau l\u00e0\u00a0\u00bb,<\/b> a r\u00e9v\u00e9l\u00e9 Marie-No\u00eblle.<b> \u00ab\u00a0Il s&rsquo;\u00e9tait entaill\u00e9 la main s\u00e9rieusement\u00a0\u00bb<\/b>, a-t-elle ajout\u00e9. Sam a donc quitt\u00e9 son premier Koh-Lanta sur blessure et il aurait pu ne jamais d\u00e9montrer ses talents \u00e0 l&rsquo;\u00e9cran.<\/p>\n<p>            Sam (Koh-Lanta) a brill\u00e9 dans deux \u00e9ditions du jeu de survie<\/p>\n<p>Les t\u00e9l\u00e9spectateurs de TF1 ont d\u00e9couvert Sam en 2020 dans <a href=\"https:\/\/www.programme-tv.net\/news\/tv\/255771-koh-lanta-2020-qui-a-gagne-ledition-de-lile-des-heros\/\" data-api-deeplink=\"teleloisirs:\/\/news\/255771\" target=\"_blank\" rel=\"noopener\">L&rsquo;Ile des h\u00e9ros<\/a>. Ses performances remarquables en survie et dans les \u00e9preuves en ont vite fait le chouchou du public. Il avait donc fait son retour dans <a href=\"https:\/\/www.programme-tv.net\/news\/tv\/273979-koh-lanta-all-stars-2021-date-candidats-nouveautes-lieu-de-tournage-toutes-les-infos-sur-la-saison-anniversaire-des-20-ans-du-jeu-de-tf1\/\" data-api-deeplink=\"teleloisirs:\/\/news\/273979\" target=\"_blank\" rel=\"noopener\">Koh-Lanta, La L\u00e9gende<\/a>, la saison des 20 ans du jeu, qui s&rsquo;\u00e9tait malheureusement conclue sur un triste bilan.<\/p><\/p>\n","protected":false},"excerpt":{"rendered":"C&rsquo;est une blessure qui aurait pu tout changer au destin de Sam, l&rsquo;un des candidats embl\u00e9matiques de Koh-Lanta.&hellip;\n","protected":false},"author":2,"featured_media":319465,"comment_status":"","ping_status":"","sticky":false,"template":"","format":"standard","meta":{"footnotes":""},"categories":[1356],"tags":[4548,244,58,59,1011,27,45753,45756,680,45759,45755,45757,45758,45752,252,199,1364,45754],"class_list":{"0":"post-319464","1":"post","2":"type-post","3":"status-publish","4":"format-standard","5":"has-post-thumbnail","7":"category-television","8":"tag-channel_tl-story","9":"tag-commentaire","10":"tag-divertissement","11":"tag-entertainment","12":"tag-fr","13":"tag-france","14":"tag-guid_6152359162001","15":"tag-inu00e8s-koh-lanta","16":"tag-koh-lanta","17":"tag-koh-lanta-la-lu00e9gende","18":"tag-lu00cele-des-hu00e9ros","19":"tag-lu00eele-des-hu00e9ros","20":"tag-ru00e9gis-koh-lanta","21":"tag-sam-haliti-koh-lanta","22":"tag-television","23":"tag-tf1","24":"tag-tv","25":"tag-uuid_ec260fdb-3229-45e3-b284-d522d6e222b1"},"share_on_mastodon":{"url":"https:\/\/pubeurope.com\/@fr\/115029250158867238","error":""},"_links":{"self":[{"href":"https:\/\/www.europesays.com\/fr\/wp-json\/wp\/v2\/posts\/319464","targetHints":{"allow":["GET"]}}],"collection":[{"href":"https:\/\/www.europesays.com\/fr\/wp-json\/wp\/v2\/posts"}],"about":[{"href":"https:\/\/www.europesays.com\/fr\/wp-json\/wp\/v2\/types\/post"}],"author":[{"embeddable":true,"href":"https:\/\/www.europesays.com\/fr\/wp-json\/wp\/v2\/users\/2"}],"replies":[{"embeddable":true,"href":"https:\/\/www.europesays.com\/fr\/wp-json\/wp\/v2\/comments?post=319464"}],"version-history":[{"count":0,"href":"https:\/\/www.europesays.com\/fr\/wp-json\/wp\/v2\/posts\/319464\/revisions"}],"wp:featuredmedia":[{"embeddable":true,"href":"https:\/\/www.europesays.com\/fr\/wp-json\/wp\/v2\/media\/319465"}],"wp:attachment":[{"href":"https:\/\/www.europesays.com\/fr\/wp-json\/wp\/v2\/media?parent=319464"}],"wp:term":[{"taxonomy":"category","embeddable":true,"href":"https:\/\/www.europesays.com\/fr\/wp-json\/wp\/v2\/categories?post=319464"},{"taxonomy":"post_tag","embeddable":true,"href":"https:\/\/www.europesays.com\/fr\/wp-json\/wp\/v2\/tags?post=319464"}],"curies":[{"name":"wp","href":"https:\/\/api.w.org\/{rel}","templated":true}]}}