{"id":319466,"date":"2025-08-14T21:30:12","date_gmt":"2025-08-14T21:30:12","guid":{"rendered":"https:\/\/www.europesays.com\/fr\/319466\/"},"modified":"2025-08-14T21:30:12","modified_gmt":"2025-08-14T21:30:12","slug":"laurent-voulzy-et-gilbert-becaud-leur-bataille-pour-lamour-de-jeanne","status":"publish","type":"post","link":"https:\/\/www.europesays.com\/fr\/319466\/","title":{"rendered":"Laurent Voulzy et Gilbert B\u00e9caud, leur bataille pour l&rsquo;amour de Jeanne"},"content":{"rendered":"<p>LE MATCH DES TUBES (30\/40) &#8211; \u00c0 cinquante ans d&rsquo;\u00e9cart, deux des plus grands compositeurs fran\u00e7ais d\u00e9clarent leur amour pour les Jeanne.<\/p>\n<p>Depuis quelques ann\u00e9es, Jeanne revient \u00e0 la mode et de plus en plus de b\u00e9b\u00e9s s&rsquo;appellent ainsi &#8211; 25e pr\u00e9nom le plus donn\u00e9. <a href=\"https:\/\/www.parismatch.com\/Royal-Blog\/Royale-histoire-Le-jour-ou-Jeanne-d-Arc-a-rencontre-Charles-VII-au-chateau-de-Chinon-un-25-fevrier-ouverture-prochaine-de-l-Historial-Jeanne-d-Arc-a-Rouen-716544\" rel=\"nofollow noopener\" target=\"_blank\">On fait r\u00e9f\u00e9rence \u00e9videmment \u00e0 Jeanne d&rsquo;Arc, la lib\u00e9ratrice de la France au XVe si\u00e8cle.<\/a> La chanson fran\u00e7aise c\u00e9l\u00e8bre ce pr\u00e9nom. Georges Brassens, en 1962, rendait hommage \u00e0 celle qui l&rsquo;avait h\u00e9berg\u00e9 pendant la guerre &#8211; la femme de l&rsquo;Auvergnat. Un an plus tard, Gilbert B\u00e9caud racontait les aventures des \u00ab Tantes Jeanne \u00bb tandis qu&rsquo;en 2011 <a href=\"https:\/\/www.parismatch.com\/People\/laurent-voulzy-sur-scene-avec-sa-sublime-compagne-isaure-le-faou-regards-amoureux-au-rendez-vous-255413\" rel=\"nofollow noopener\" target=\"_blank\">Laurent Voulzy, en couple d\u00e9sormais avec Isaure<\/a>, livrait un tube \u00ab Jeanne \u00bb qui envahissait les radios. C&rsquo;est notre 30e duel au soleil.<\/p>\n<p>Star des ann\u00e9es 1950 et 1960, Gilbert B\u00e9caud n&rsquo;a pas son pareil pour raconter des histoires qui nous font rire. Avec une m\u00e9lodie tr\u00e8s l\u00e9g\u00e8re et jazzy &#8211; un piano sursautant -, M. 100.000 volts s&rsquo;appuie sur le texte de Maurice Vidalin pour \u00e9voquer un oncle s\u00e9ducteur qui ramenait ses \u00ab Tantes Jeanne \u00bb. \u00ab Les madames qui venaient voir notre oncle apr\u00e8s d\u00eener, on les appelait tante Jeanne. Ce n&rsquo;\u00e9taient jamais les m\u00eames mais on les aimait quand m\u00eame. \u00bb Par biens\u00e9ance, les ma\u00eetresses sont affubl\u00e9es de ce petit sobriquet, sorte de nom de code, mais qui ne trompe personne. \u00ab Nous, quand on nous demandait combien de tantes on avait. On disait qu&rsquo;on ne savait pas (&#8230;) En \u00e9change on promettait bien de ne rien dire \u00e0 grand-papa. \u00bb<\/p>\n<p>    La suite apr\u00e8s cette publicit\u00e9<\/p>\n<p>Le temps passe, le tonton a vieilli et a perdu la m\u00e9moire. \u00ab On r\u00e9veille les tantes Jeanne alors il est tout content. Il retrouve le bon temps, le bon temps des ch\u00e8res Jeanne. \u00bb Avec sa voix et son air gai, B\u00e9caud nous amuse et, surtout, popularise cette expression, meilleur moyen de dissimuler, sans que \u00e7a ne trompe personne \u00e0 part les \u00ab tantes Jeanne \u00bb, les mauvaises mani\u00e8res des Don Juan. Le succ\u00e8s est l\u00e0 et c&rsquo;est un nouveau classique pour l&rsquo;interpr\u00e8te d&rsquo;\u00ab Et maintenant ! \u00bb<\/p>\n<p>    La suite apr\u00e8s cette publicit\u00e9<\/p>\n<p>Voulzy \u00e9vite la pol\u00e9mique<\/p>\n<p><a href=\"https:\/\/www.parismatch.com\/Culture\/Musique\/Laurent-Voulzy-au-rythme-des-troubadours-159881\" rel=\"nofollow noopener\" target=\"_blank\">En 2011, Laurent Voulzy n&rsquo;a pas sorti de titres in\u00e9dits depuis dix ans.<\/a> Son retour m\u00e9di\u00e9val sera triomphal. Avec son complice de toujours, Alain Souchon, ils \u00e9crivent et composent une ode \u00e0 Jeanne d&rsquo;Arc, une figure qui reste tr\u00e8s populaire chez les Fran\u00e7ais, m\u00eame si, politiquement, elle divise. \u00ab Jeanne, enfin je vais vous dire combien je soupire. Vous \u00eates si loin, si loin d&rsquo;ici des si\u00e8cles nous s\u00e9parent et mon c\u0153ur s&rsquo;\u00e9gare. Un amour subtil l&rsquo;a pris. \u00bb<\/p>\n<p>Le h\u00e9ros de la chanson souhaite entrer en contact avec la pucelle d&rsquo;Orl\u00e9ans et choisit le songe, comme l&rsquo;a r\u00e9v\u00e9l\u00e9 l&rsquo;artiste \u00e0 Historia. \u00ab Jeanne, j&rsquo;aurais aim\u00e9 vous plaire et je d\u00e9sesp\u00e8re de venir un soir \u00e0 vos genoux. Vous n&rsquo;\u00eates qu&rsquo;une image perdue dans les \u00e2ges et moi dans l&rsquo;amour de vous. \u00bb En bref, cet \u00e9ternel amoureux a le c\u0153ur grenadine pour la pucelle. La m\u00e9lodie navigue entre onirisme, spiritualit\u00e9 et pop envo\u00fbtante que Voulzy sublimera en l&rsquo;interpr\u00e9tant dans des \u00e9glises. \u00ab Jeanne \u00bb est un tube et ne suscite, malgr\u00e9 son sujet, aucune v\u00e9ritable pol\u00e9mique.<\/p>\n<p>    La suite apr\u00e8s cette publicit\u00e9<\/p>\n<p>    La suite apr\u00e8s cette publicit\u00e9<\/p>\n<p>Si le titre de Laurent Voulzy est une chanson sucr\u00e9e comme il en a compos\u00e9 tant et avec un texte plus imag\u00e9 et profond, la l\u00e9g\u00e8ret\u00e9 et la malice de Gilbert B\u00e9caud emporte tout. On a envie de rencontrer ce fameux tonton et rencontrer ces \u00ab Tantes Jeanne \u00bb. Avant de passer claquer la bise \u00ab Nathalie \u00bb !<\/p>\n","protected":false},"excerpt":{"rendered":"LE MATCH DES TUBES (30\/40) &#8211; \u00c0 cinquante ans d&rsquo;\u00e9cart, deux des plus grands compositeurs fran\u00e7ais d\u00e9clarent leur&hellip;\n","protected":false},"author":2,"featured_media":319467,"comment_status":"","ping_status":"","sticky":false,"template":"","format":"standard","meta":{"footnotes":""},"categories":[1355],"tags":[58,59,1011,27,1361,873],"class_list":{"0":"post-319466","1":"post","2":"type-post","3":"status-publish","4":"format-standard","5":"has-post-thumbnail","7":"category-musique","8":"tag-divertissement","9":"tag-entertainment","10":"tag-fr","11":"tag-france","12":"tag-music","13":"tag-musique"},"share_on_mastodon":{"url":"https:\/\/pubeurope.com\/@fr\/115029254126767775","error":""},"_links":{"self":[{"href":"https:\/\/www.europesays.com\/fr\/wp-json\/wp\/v2\/posts\/319466","targetHints":{"allow":["GET"]}}],"collection":[{"href":"https:\/\/www.europesays.com\/fr\/wp-json\/wp\/v2\/posts"}],"about":[{"href":"https:\/\/www.europesays.com\/fr\/wp-json\/wp\/v2\/types\/post"}],"author":[{"embeddable":true,"href":"https:\/\/www.europesays.com\/fr\/wp-json\/wp\/v2\/users\/2"}],"replies":[{"embeddable":true,"href":"https:\/\/www.europesays.com\/fr\/wp-json\/wp\/v2\/comments?post=319466"}],"version-history":[{"count":0,"href":"https:\/\/www.europesays.com\/fr\/wp-json\/wp\/v2\/posts\/319466\/revisions"}],"wp:featuredmedia":[{"embeddable":true,"href":"https:\/\/www.europesays.com\/fr\/wp-json\/wp\/v2\/media\/319467"}],"wp:attachment":[{"href":"https:\/\/www.europesays.com\/fr\/wp-json\/wp\/v2\/media?parent=319466"}],"wp:term":[{"taxonomy":"category","embeddable":true,"href":"https:\/\/www.europesays.com\/fr\/wp-json\/wp\/v2\/categories?post=319466"},{"taxonomy":"post_tag","embeddable":true,"href":"https:\/\/www.europesays.com\/fr\/wp-json\/wp\/v2\/tags?post=319466"}],"curies":[{"name":"wp","href":"https:\/\/api.w.org\/{rel}","templated":true}]}}