{"id":319468,"date":"2025-08-14T21:31:39","date_gmt":"2025-08-14T21:31:39","guid":{"rendered":"https:\/\/www.europesays.com\/fr\/319468\/"},"modified":"2025-08-14T21:31:39","modified_gmt":"2025-08-14T21:31:39","slug":"avengers-doomsday-le-retour-de-ce-personnage-tres-puissant-et-oublie-confirme","status":"publish","type":"post","link":"https:\/\/www.europesays.com\/fr\/319468\/","title":{"rendered":"Avengers : Doomsday &#8211; le retour de ce personnage tr\u00e8s puissant (et oubli\u00e9) confirm\u00e9 ?"},"content":{"rendered":"<p><strong>Un personnage tr\u00e8s puissant, mais oubli\u00e9 de <a href=\"https:\/\/www.ecranlarge.com\/personnalite\/1354509-marvel\" data-type=\"people\" data-id=\"902428\" rel=\"nofollow noopener\" target=\"_blank\">Marvel <\/a>devrait bien faire son retour dans le prochain <a href=\"https:\/\/www.ecranlarge.com\/films\/1441330-avengers-doomsday\" data-type=\"films\" data-id=\"692656\" rel=\"nofollow noopener\" target=\"_blank\">Avengers : Doomsday<\/a>, du moins \u00e0 en croire l\u2019actrice qui l\u2019incarne. <\/strong><\/p>\n<p>Le MCU a officiellement ramen\u00e9 <strong><a href=\"https:\/\/www.ecranlarge.com\/films\/838444-4-fantastiques-les\" data-type=\"films\" data-id=\"653873\" rel=\"nofollow noopener\" target=\"_blank\">Les 4 Fantastiques<\/a><\/strong> dans son giron apr\u00e8s <strong>Deadpool &amp; Wolverine<\/strong> (autres acquisitions de la FOX). Les prochains gros travaux d\u2019extension de l\u2019univers Marvel concerneront donc les X-Men, qui seront officiellement int\u00e9gr\u00e9s aux autres super-h\u00e9ros de l\u2019\u00e9curie dans un futur film d\u00e9di\u00e9. Avant \u00e7a, certains d\u2019entre eux feront une apparition dans <strong>Avengers : Doomsday<\/strong>, et pas n\u2019importe lesquels. <\/p>\n<p>Le film r\u00e9alis\u00e9 par les fr\u00e8res Russo ram\u00e8nera en effet une partie du casting original avec le Professeur X (Patrick Stewart), Mystique (Rebecca Romijn), James Marsden (Cyclope), Ian McKellen (Magneto), Alan Cumming (Diablo) et Kelsey Grammer (le Fauve). Mais en plus d\u2019introduire un nombre cons\u00e9quent de \u00ab\u00a0nouveaux\u00a0\u00bb personnages, <strong>Marvel doit aussi s\u2019occuper des anciens, notamment ceux qui ne donnent plus signe de vie depuis un moment<\/strong>.<\/p>\n<p>                    <img decoding=\"async\" alt=\"\" class=\"wp-image-518375\" style=\"object-fit:cover;width:25px;height:25px\" src=\"https:\/\/www.ecranlarge.com\/content\/uploads\/2023\/09\/arrow-right-circle.svg\"\/><\/p>\n<p><strong><a href=\"https:\/\/www.ecranlarge.com\/films\/1435744-thunderbolts\" data-type=\"films\" data-id=\"692514\" rel=\"nofollow noopener\" target=\"_blank\">Thunderbolts*<\/a><\/strong> a d\u00e9j\u00e0 fait sa part du job en ramenant quelques personnages oubli\u00e9s, ou en voie de l\u2019\u00eatre : Taskmaster (lol), Ghost, US Agent et le Red Guardian. On sait aussi que <strong>Doomsday <\/strong>se chargera de donner des nouvelles de Shang-Chi, Loki, Ant-Man, Shuri ou encore Namor. Et puis, il y a tous les autres, dont certains introduits dans des sc\u00e8nes post-g\u00e9n\u00e9rique : Moon Knight, les Eternels, Cl\u00e9a (Charlize Theron) Eros (Harry Styles), Hercule (Brett Goldstein), Dane Withman (Kit Harrington), la fille de Gorr, Jack Russell (le protagoniste de <strong>Werewulf by Night<\/strong>), Sharon Carter, le Baron Zemo, White Vision ou encore G\u2019iah (le personnage d\u2019Emilia Clarke dans <strong>Secret Invasion<\/strong>).<\/p>\n<p>MAKE AMERICA CHAVEZ GREAT AGAIN<\/p>\n<p>En mars dernier, Kevin Feige a confirm\u00e9 qu\u2019une partie du casting d\u2019<strong>Avengers : Doomsday<\/strong> n\u2019avait pas encore \u00e9t\u00e9 annonc\u00e9. On ne sait donc pas officiellement qui d\u2019autres reviendra, m\u00eame si une r\u00e9cente interview de ET avec <a href=\"https:\/\/www.ecranlarge.com\/personnalite\/1354348-xochitl-gomez\" data-type=\"people\" data-id=\"612889\" rel=\"nofollow noopener\" target=\"_blank\">Xochitl Gomez<\/a> a de quoi nous aiguiller. L\u2019actrice a en effet jou\u00e9 <strong>America Chavez dans<\/strong> <strong><a href=\"https:\/\/www.ecranlarge.com\/films\/doctor-strange-3\" data-type=\"films\" data-id=\"1276050\" rel=\"nofollow noopener\" target=\"_blank\">Doctor Strange in the Multiverse of Madness<\/a><\/strong> aux c\u00f4t\u00e9s de Benedict Cumberbach, et n\u2019est jamais r\u00e9apparue dans l\u2019univers depuis, aussi bien dans les films que sur Disney+.<\/p>\n<p>Le personnage n\u2019\u00e9tait par ailleurs pas une \u00e9ni\u00e8me sidekick interchangeable, mais bien une h\u00e9ro\u00efne majeure, et litt\u00e9ralement exceptionnelle : elle est unique \u00e0 travers tout le Multivers et n\u2019a donc aucun variant, aucune version alternative d\u2019elle-m\u00eame. Elle est aussi <strong>capable de voyager \u00e0 travers les dimensions du Multivers<\/strong>.<\/p>\n<p><a href=\"https:\/\/www.ecranlarge.com\/content\/uploads\/2022\/03\/america-chavez-xochitl-gomez-doctor-strange-2-781.png\" rel=\"nofollow noopener\" target=\"_blank\"><img loading=\"lazy\" decoding=\"async\" alt=\"america-chavez-xochitl-gomez-doctor-strange-2\" class=\"wp-image-256606\" src=\"https:\/\/www.europesays.com\/fr\/wp-content\/uploads\/2025\/08\/america-chavez-xochitl-gomez-doctor-strange-2-781-630x419.png\" width=\"630\" height=\"419\"  \/><\/a>Xochitl Gomez dans Doctor Strange 2<\/p>\n<p>Forc\u00e9ment, on imagine difficilement Marvel mettre un tel personnage sous le tapis, qui plus est pendant la Saga du Multivers. L\u2019actrice n\u2019a pas explicitement confirm\u00e9 qu\u2019elle \u00e9tait bel et bien au casting de <strong>Doomsday<\/strong>, mais lorsqu\u2019une journaliste d\u2019ET lui a affirm\u00e9 qu\u2019elle travaillait dur pour le prochain volet des <strong>Avengers<\/strong>, elle n\u2019a rien ni\u00e9 ou d\u00e9menti. <\/p>\n<blockquote class=\"wp-block-quote is-layout-flow wp-block-quote-is-layout-flow\">\n<p><strong>\u2014 Xochitl Gomez : Je suis impatiente de voir ce qu\u2019elle va devenir. Mais qu\u2019est-ce que vous vous esp\u00e9rez pour l\u2019avenir d\u2019America ? J\u2019aimerais beaucoup savoir. J\u2019esp\u00e8re qu\u2019on pourra cr\u00e9er quelque chose \u00e0 partir de ce que vous nous proposerez. Faites-le savoir !<\/strong><\/p>\n<p><strong>\u2014 ET : Pouvez-vous choisir trois mots qui, selon vous, r\u00e9sumeront America dans ce prochain volet des Avengers ?<\/strong><\/p>\n<p><strong>\u2014 Xochitl Gomez : Bravoure. Courage. Et disons, puissance.<\/strong><\/p>\n<\/blockquote>\n<p><a href=\"https:\/\/www.ecranlarge.com\/content\/uploads\/2022\/11\/doctor-strange-in-the-multiverse-of-madness-photo-xochitl-gomez-1458267.jpg\" rel=\"nofollow noopener\" target=\"_blank\"><img loading=\"lazy\" decoding=\"async\" alt=\"Doctor Strange in the Multiverse of Madness : photo, Xochitl Gomez\" class=\"wp-image-272804\" src=\"https:\/\/www.europesays.com\/fr\/wp-content\/uploads\/2025\/08\/doctor-strange-in-the-multiverse-of-madness-photo-xochitl-gomez-1458267-630x261.jpg\" width=\"630\" height=\"261\"  \/><\/a>\u00ab\u00a0J\u2019avais le droit de dire \u00e7a ?\u00a0\u00bb<\/p>\n<p>Autant dire qu\u2019il s\u2019agit d\u2019une confirmation qui ne dit pas son nom. Depuis son r\u00f4le dans <strong>Doctor Strange 2<\/strong>, l\u2019actrice n\u2019est pas r\u00e9apparue au cin\u00e9ma. Xochitl Gomez sera prochainement \u00e0 l\u2019affiche du drame romantique <strong>Dog Years <\/strong>de Mary Bronaugh avec Xolo Maridue\u00f1a, qui a quant \u00e0 lui jou\u00e9 Blue Beetle pour le DCEU, avant sa refonte.  <\/p>\n<p><strong>Avengers : Doomsday<\/strong>, s\u2019il est n\u2019est pas encore repouss\u00e9, sortira quant \u00e0 lui le 16 d\u00e9cembre 2026 en France. <strong>Avengers : Secret Wars<\/strong> est ensuite pr\u00e9vu pour le 15 d\u00e9cembre 2027.<\/p>\n","protected":false},"excerpt":{"rendered":"Un personnage tr\u00e8s puissant, mais oubli\u00e9 de Marvel devrait bien faire son retour dans le prochain Avengers :&hellip;\n","protected":false},"author":2,"featured_media":319469,"comment_status":"","ping_status":"","sticky":false,"template":"","format":"standard","meta":{"footnotes":""},"categories":[1354],"tags":[58,59,1346,1011,27,1360],"class_list":{"0":"post-319468","1":"post","2":"type-post","3":"status-publish","4":"format-standard","5":"has-post-thumbnail","7":"category-films","8":"tag-divertissement","9":"tag-entertainment","10":"tag-films","11":"tag-fr","12":"tag-france","13":"tag-movies"},"share_on_mastodon":{"url":"https:\/\/pubeurope.com\/@fr\/115029258232269991","error":""},"_links":{"self":[{"href":"https:\/\/www.europesays.com\/fr\/wp-json\/wp\/v2\/posts\/319468","targetHints":{"allow":["GET"]}}],"collection":[{"href":"https:\/\/www.europesays.com\/fr\/wp-json\/wp\/v2\/posts"}],"about":[{"href":"https:\/\/www.europesays.com\/fr\/wp-json\/wp\/v2\/types\/post"}],"author":[{"embeddable":true,"href":"https:\/\/www.europesays.com\/fr\/wp-json\/wp\/v2\/users\/2"}],"replies":[{"embeddable":true,"href":"https:\/\/www.europesays.com\/fr\/wp-json\/wp\/v2\/comments?post=319468"}],"version-history":[{"count":0,"href":"https:\/\/www.europesays.com\/fr\/wp-json\/wp\/v2\/posts\/319468\/revisions"}],"wp:featuredmedia":[{"embeddable":true,"href":"https:\/\/www.europesays.com\/fr\/wp-json\/wp\/v2\/media\/319469"}],"wp:attachment":[{"href":"https:\/\/www.europesays.com\/fr\/wp-json\/wp\/v2\/media?parent=319468"}],"wp:term":[{"taxonomy":"category","embeddable":true,"href":"https:\/\/www.europesays.com\/fr\/wp-json\/wp\/v2\/categories?post=319468"},{"taxonomy":"post_tag","embeddable":true,"href":"https:\/\/www.europesays.com\/fr\/wp-json\/wp\/v2\/tags?post=319468"}],"curies":[{"name":"wp","href":"https:\/\/api.w.org\/{rel}","templated":true}]}}