{"id":319478,"date":"2025-08-14T21:36:08","date_gmt":"2025-08-14T21:36:08","guid":{"rendered":"https:\/\/www.europesays.com\/fr\/319478\/"},"modified":"2025-08-14T21:36:08","modified_gmt":"2025-08-14T21:36:08","slug":"des-freinages-fantomes-sur-lautoroute-le-ministere-des-transports-se-saisit-de-laffaire-apres-des-temoignages-le-huffpost","status":"publish","type":"post","link":"https:\/\/www.europesays.com\/fr\/319478\/","title":{"rendered":"Des \u00ab freinages fant\u00f4mes \u00bb sur l\u2019autoroute ? Le minist\u00e8re des Transports se saisit de l\u2019affaire apr\u00e8s des t\u00e9moignages &#8211; Le HuffPost"},"content":{"rendered":"<ol>\n<li><a href=\"https:\/\/news.google.com\/rss\/articles\/CBMi_AFBVV95cUxNazJHMjgyWkNnUzNjaDFqT2Y0MHdsazhpSHZMYWNSMGFhOWdaTGZtbHU2SUtqSXRXMW4zLUV5MGd1dUM4YXVNRm5fSXJEZDVQdDNQMjB1RXhmODJReEgxWFhCN1ZkV1BoR2RQWllPMDBScjJHQ0wwR2FrcVhQMS1lS3I5QzVMN0dKX2kyVWFaQjY3eVlEbzBvUzI2Z0NVU0t0bGZxVi1RUTkzeGdtdElhT2ZVTVhZMDA5aV8xQXFSYTdUeDJKaTU2TzhIX18yLTZROHhOc2dBc19naWdITlh1SnAzOW53Z2JhbFJBeHF3ZjNZWUZWdHJzblNCc2Y?oc=5\" target=\"_blank\" rel=\"nofollow noopener\">Des \u00ab freinages fant\u00f4mes \u00bb sur l\u2019autoroute ? Le minist\u00e8re des Transports se saisit de l\u2019affaire apr\u00e8s des t\u00e9moignages<\/a>&nbsp;&nbsp;Le HuffPost<\/li>\n<li><a href=\"https:\/\/news.google.com\/rss\/articles\/CBMiwAFBVV95cUxOM0I5WG1PMVQ0SzFRRnlaMGdKWGxXcmc0Y2cxenVyZnd2Ym1KQUVhUlNNV2w3c3NCZkxMX2FrWWRCOWo5SEg3YXJ0ejRuc1pEaFppd1ZGc2l5VWhKTTJSNERQTDhndklxUDdoQXFjTVZkWkt3WmpDWlViWkZtSmh3TWwzT0d1UnZNMGFQTlZXRDI5ZTlyUkVUVGo3T2duTFE0X1luVDRDdzJUa1F4emtveDN6QmhPV2t2QTJPWFdxMV8?oc=5\" target=\"_blank\" rel=\"nofollow noopener\">Automobile : T\u00e9moignages, expertises, enqu\u00eate\u2026 C\u2019est quoi cette affaire de freinages fant\u00f4mes ?<\/a>&nbsp;&nbsp;20 Minutes<\/li>\n<li><a href=\"https:\/\/news.google.com\/rss\/articles\/CBMihAJBVV95cUxQekMzRDFIUkFBcXR0ZDBYWW9oenM2VDJsWm5mVE9IemFaN2ppN3dieDNCRGVFeFFEWHdqTDUwa0ctQjI2RVBuUGwxZ2szS0kwUGNxSXZKekV3MjBYRDJmdkpSckJNa1labGx5LUJrWTQ5ZlZtbVVVejIzZUJMbXROemJFWTFsWW1xMDhHRloxZmxUeUNHZ3NZQWJwTTR4Zkk3ZndNS3RmUEdWNG9NSXZKVERKSnhoRnJqWlVNaHFtazcxaVd6cmg2TnQ1VTdUeGotcy1meHBNSE9vVE1XVlhjaTl4MzBjTGc1cnJndTlxNFZnUU8yS3NfMDVZSFU1VUxrUFo1ZQ?oc=5\" target=\"_blank\" rel=\"nofollow noopener\">\u00ab Le choc a \u00e9t\u00e9 extr\u00eamement violent \u00bb : des automobilistes confront\u00e9s au myst\u00e8re des \u00ab freinages fant\u00f4mes \u00bb<\/a>&nbsp;&nbsp;Le Parisien<\/li>\n<li><a href=\"https:\/\/news.google.com\/rss\/articles\/CBMi9wFBVV95cUxPWkNNQjkwRzBzeDRaUmRLRkFRd0g5SEp1UTVYeUdBQkkzd1hEenBzQjNQRU9pY3g2b1huYmdQdFNLSnRadlVwRkRDN2YwdUlaRlFNaWRZWThEdzR6UVFmSzI0VFZXUmdZOGpCVmZQWjNzdDhOdUZEZkJUYXJiam1PRDJ6cmNRdzRpOTRubk94QTFrQnFSaEtOV2VhSDB4UkxCRmY2WmdhLU1NSVZsLV9pT0tPN0YzY0lCLU56UGdFZzVJb1lUMG1SekdCNTJvdDdwRC1iS1VJQi1yT181UVN2X1dWME90MHJOWTZ6dlJGM0xlSGtuYzY0?oc=5\" target=\"_blank\" rel=\"nofollow noopener\">\u00ab\u00a0De 130 km\/h \u00e0 l&rsquo;arr\u00eat, en trois secondes\u00a0\u00bb : ce que l&rsquo;on sait des \u00ab\u00a0freinages fant\u00f4mes\u00a0\u00bb rapport\u00e9s par des automobilistes<\/a>&nbsp;&nbsp;francebleu.fr<\/li>\n<li><a href=\"https:\/\/news.google.com\/rss\/articles\/CBMi8AFBVV95cUxNTURlajQwVU04Z2xjTEE4SEdveXo4czAyMHFmemRFNW9CSEFZWEp0VkQybGhGUWJKWWJWR2Jrd3hld0NkbER1NE1QdGtuVTF3ZHRqY052R1N6eXZpMWNLeXVXbnZveTZCV2Y0VGNzUUd5SVNTWFU2ODJRYXM1Y3g4d05hUXdyeG9fbmhDeF9hc3VIZDF3Rm5XR0hJR3Ftc3ljSEtTSDl5dUtOMGUzb0tqbHBfSU82cFNxOVF3aTVCTmRnMTAzN1AxaEdSX2pHYnBKcWkwNm5Sb1hpdzlpWUJ2WTdxZFRNTmRpZTg5V2ZlVUg?oc=5\" target=\"_blank\" rel=\"nofollow noopener\">\u00ab Freinages fant\u00f4mes \u00bb : le minist\u00e8re des Transports ouvre une enqu\u00eate apr\u00e8s plusieurs accidents de voitures<\/a>&nbsp;&nbsp;Sud Ouest<\/li>\n<\/ol>\n","protected":false},"excerpt":{"rendered":"Des \u00ab freinages fant\u00f4mes \u00bb sur l\u2019autoroute ? Le minist\u00e8re des Transports se saisit de l\u2019affaire apr\u00e8s des&hellip;\n","protected":false},"author":2,"featured_media":1445,"comment_status":"","ping_status":"","sticky":false,"template":"","format":"standard","meta":{"footnotes":""},"categories":[6],"tags":[35,33,34,1011,27],"class_list":{"0":"post-319478","1":"post","2":"type-post","3":"status-publish","4":"format-standard","5":"has-post-thumbnail","7":"category-economie","8":"tag-business","9":"tag-economie","10":"tag-economy","11":"tag-fr","12":"tag-france"},"share_on_mastodon":{"url":"https:\/\/pubeurope.com\/@fr\/115029277630326182","error":""},"_links":{"self":[{"href":"https:\/\/www.europesays.com\/fr\/wp-json\/wp\/v2\/posts\/319478","targetHints":{"allow":["GET"]}}],"collection":[{"href":"https:\/\/www.europesays.com\/fr\/wp-json\/wp\/v2\/posts"}],"about":[{"href":"https:\/\/www.europesays.com\/fr\/wp-json\/wp\/v2\/types\/post"}],"author":[{"embeddable":true,"href":"https:\/\/www.europesays.com\/fr\/wp-json\/wp\/v2\/users\/2"}],"replies":[{"embeddable":true,"href":"https:\/\/www.europesays.com\/fr\/wp-json\/wp\/v2\/comments?post=319478"}],"version-history":[{"count":0,"href":"https:\/\/www.europesays.com\/fr\/wp-json\/wp\/v2\/posts\/319478\/revisions"}],"wp:featuredmedia":[{"embeddable":true,"href":"https:\/\/www.europesays.com\/fr\/wp-json\/wp\/v2\/media\/1445"}],"wp:attachment":[{"href":"https:\/\/www.europesays.com\/fr\/wp-json\/wp\/v2\/media?parent=319478"}],"wp:term":[{"taxonomy":"category","embeddable":true,"href":"https:\/\/www.europesays.com\/fr\/wp-json\/wp\/v2\/categories?post=319478"},{"taxonomy":"post_tag","embeddable":true,"href":"https:\/\/www.europesays.com\/fr\/wp-json\/wp\/v2\/tags?post=319478"}],"curies":[{"name":"wp","href":"https:\/\/api.w.org\/{rel}","templated":true}]}}