{"id":319479,"date":"2025-08-14T21:37:11","date_gmt":"2025-08-14T21:37:11","guid":{"rendered":"https:\/\/www.europesays.com\/fr\/319479\/"},"modified":"2025-08-14T21:37:11","modified_gmt":"2025-08-14T21:37:11","slug":"liran-dit-travailler-avec-pekin-et-moscou-pour-empecher-des-sanctions-europeennes","status":"publish","type":"post","link":"https:\/\/www.europesays.com\/fr\/319479\/","title":{"rendered":"L&rsquo;Iran dit travailler avec P\u00e9kin et Moscou pour emp\u00eacher des sanctions europ\u00e9ennes"},"content":{"rendered":"<p>L\u2019Allemagne, le Royaume-Uni et la France ont dit \u00eatre pr\u00eats \u00e0 d\u00e9clencher le m\u00e9canisme de r\u00e9tablissement de sanctions contre l\u2019Iran si aucune solution n\u00e9goci\u00e9e n\u2019est trouv\u00e9e sur le programme nucl\u00e9aire iranien d\u2019ici fin ao\u00fbt.<\/p>\n<p class=\"fig-paragraph\">L&rsquo;Iran travaille avec la\u00a0<a href=\"http:\/\/www.lefigaro.fr\/flash-actu\/chine-un-robot-antilope-infiltre-dans-un-troupeau-pour-sauver-l-espece-menacee-20250814\" target=\"_blank\" data-fig-type=\"NewsFlash\" rel=\"noopener\" data-gtm-custom-categorie=\"navigation\" data-gtm-custom-action=\"crossclick\" data-gtm-custom-label=\"Contextuel\" data-gtm-event=\"customEventSPE\" data-fig-domain=\"LEFIGARO\">Chine<\/a>\u00a0et la\u00a0<a href=\"http:\/\/www.lefigaro.fr\/international\/russie-l-ong-reporters-sans-frontieres-declaree-indesirable-par-le-ministere-de-la-justice-20250814\" target=\"_blank\" data-fig-type=\"NewsFlash\" rel=\"noopener\" data-gtm-custom-categorie=\"navigation\" data-gtm-custom-action=\"crossclick\" data-gtm-custom-label=\"Contextuel\" data-gtm-event=\"customEventSPE\" data-fig-domain=\"LEFIGARO\">Russie<\/a>\u00a0pour emp\u00eacher d&rsquo;\u00e9ventuelles sanctions europ\u00e9ennes, a d\u00e9clar\u00e9 jeudi le chef de la diplomatie iranienne Abbas Araghchi. L&rsquo;Allemagne, le Royaume-Uni et la France ont dit \u00eatre pr\u00eats \u00e0 d\u00e9clencher le m\u00e9canisme de r\u00e9tablissement de sanctions contre l&rsquo;<a href=\"http:\/\/www.lefigaro.fr\/international\/affaibli-par-la-guerre-des-douze-jours-l-iran-reorganise-son-systeme-de-defense-20250806\" target=\"_blank\" data-fig-type=\"Article\" rel=\"noopener\" data-gtm-custom-categorie=\"navigation\" data-gtm-custom-action=\"crossclick\" data-gtm-custom-label=\"Contextuel\" data-gtm-event=\"customEventSPE\" data-fig-domain=\"LEFIGARO\">Iran<\/a>\u00a0si aucune solution n\u00e9goci\u00e9e n&rsquo;est trouv\u00e9e sur le programme nucl\u00e9aire iranien d&rsquo;ici fin ao\u00fbt, dans une lettre adress\u00e9e mardi au secr\u00e9taire g\u00e9n\u00e9ral de l&rsquo;ONU, Antonio Guterres.<\/p>\n<p class=\"fig-paragraph\">\u00abSi cela se produit, ce sera n\u00e9gatif (&#8230;) Nous allons essayer de l\u2019emp\u00eacher (&#8230;) Nous travaillons avec la Chine et la Russie pour emp\u00eacher la mise en \u0153uvre du snapback\u00bb, a indiqu\u00e9 Abbas Araghchi lors d\u2019un entretien accord\u00e9 \u00e0 la t\u00e9l\u00e9vision d\u2019\u00c9tat. \u00abSi cela ne fonctionne pas et qu\u2019ils l\u2019appliquent, nous avons des outils pour r\u00e9agir\u00bb, a-t-il ajout\u00e9 sans plus de pr\u00e9cisions.<\/p>\n<p>                                    <a class=\"fig-a11y-skip a11y-hidden\" href=\"#fig-a11y-skip-main-inarticle\"><br \/>\n        Passer la publicit\u00e9<br \/>\n    <\/a><\/p>\n<p class=\"fig-paragraph\">Le trio europ\u00e9en, connu sous le nom E3, fait partie des puissances mondiales, avec la Chine, la Russie et les \u00c9tats-Unis, qui avaient n\u00e9goci\u00e9 l\u2019accord nucl\u00e9aire historique de 2015 avec T\u00e9h\u00e9ran, pr\u00e9voyant un encadrement des activit\u00e9s nucl\u00e9aires iraniennes en \u00e9change d\u2019une lev\u00e9e des sanctions internationales. Le texte est devenu caduc lorsque Washington a d\u00e9cid\u00e9 de se retirer unilat\u00e9ralement du trait\u00e9 en 2018 sous la premi\u00e8re pr\u00e9sidence de\u00a0<a href=\"http:\/\/www.lefigaro.fr\/international\/sommet-de-l-alaska-le-sort-de-l-ukraine-entre-les-mains-de-donald-trump-et-vladimir-poutine-20250813\" target=\"_blank\" data-fig-type=\"Article\" rel=\"noopener\" data-gtm-custom-categorie=\"navigation\" data-gtm-custom-action=\"crossclick\" data-gtm-custom-label=\"Contextuel\" data-gtm-event=\"customEventSPE\" data-fig-domain=\"LEFIGARO\">Donald Trump<\/a>, et T\u00e9h\u00e9ran s\u2019est alors affranchi de certains engagements pris.<\/p>\n<p class=\"fig-paragraph\">Depuis des mois, les Occidentaux tentent de ren\u00e9gocier un trait\u00e9 encadrant strictement le programme nucl\u00e9aire alors qu\u2019ils suspectent l\u2019Iran de vouloir se doter de l\u2019arme nucl\u00e9aire, ce que ce pays d\u00e9ment. L\u2019avancement du programme nucl\u00e9aire iranien fait l\u2019objet de nombreuses sp\u00e9culations depuis la guerre de douze jours entre Isra\u00ebl et l\u2019Iran en juin et les frappes am\u00e9ricaines sur les installations nucl\u00e9aires iraniennes.<\/p>\n<p>\u00abPlus de 40 fois\u00bb<\/p>\n<p class=\"fig-paragraph\">La guerre, d\u00e9clench\u00e9e par une attaque in\u00e9dite d\u2019Isra\u00ebl contre l\u2019Iran, a retard\u00e9 le programme iranien mais aussi mis un coup d\u2019arr\u00eat aux n\u00e9gociations entre T\u00e9h\u00e9ran et Washington d\u2019une part et aux discussions avec le E3 d\u2019autre part. Dans leur lettre, les chefs de la diplomatie fran\u00e7aise, britannique et allemande soulignent avoir \u00abclairement indiqu\u00e9 que si l\u2019Iran ne souhaite pas parvenir \u00e0 une solution diplomatique avant fin ao\u00fbt 2025, ou ne saisit pas l\u2019opportunit\u00e9 d\u2019une prolongation\u00bb, ils sont \u00abpr\u00eats \u00e0 d\u00e9clencher le m\u00e9canisme\u00bb permettant de r\u00e9tablir \u00e0 l\u2019automne l\u2019ensemble des sanctions internationales contre T\u00e9h\u00e9ran.<\/p>\n<p class=\"fig-paragraph\">Ils d\u00e9noncent en particulier l\u2019accumulation d\u2019un stock total d\u2019uranium enrichi, \u00abplus de 40 fois\u00bb sup\u00e9rieur \u00e0 la limite fix\u00e9e par le trait\u00e9 de 2015. Selon l\u2019Agence internationale de l\u2019\u00e9nergie atomique (AIEA), l\u2019Iran est l\u2019unique pays non dot\u00e9 de l\u2019arme nucl\u00e9aire \u00e0 enrichir de l\u2019uranium \u00e0 un niveau \u00e9lev\u00e9 (60%), bien au-del\u00e0 de la limite de 3,67% fix\u00e9e par le trait\u00e9.<\/p>\n<p class=\"fig-paragraph\">Cette lettre intervient alors que l\u2019\u00e9ch\u00e9ance &#8212; fin ao\u00fbt &#8212; pour enclencher le m\u00e9canisme de retour des sanctions internationales en octobre approche. Le 25 juillet, des \u00e9missaires fran\u00e7ais, britannique et allemand ont eu des discussions avec des responsables iraniens \u00e0 Istanbul, mais sans r\u00e9sultat tangible. Le 20 juillet, Abbas Araghchi a affirm\u00e9 que le E3 n\u2019avait pas de l\u00e9gitimit\u00e9 \u00e0 r\u00e9enclencher le m\u00e9canisme de sanctions, dans un courrier adress\u00e9 \u00e0 l\u2019ONU.<\/p>\n","protected":false},"excerpt":{"rendered":"L\u2019Allemagne, le Royaume-Uni et la France ont dit \u00eatre pr\u00eats \u00e0 d\u00e9clencher le m\u00e9canisme de r\u00e9tablissement de sanctions&hellip;\n","protected":false},"author":2,"featured_media":319480,"comment_status":"","ping_status":"","sticky":false,"template":"","format":"standard","meta":{"footnotes":""},"categories":[5],"tags":[11,1011,27,14,3019,12,28],"class_list":{"0":"post-319479","1":"post","2":"type-post","3":"status-publish","4":"format-standard","5":"has-post-thumbnail","7":"category-international","8":"tag-actualites","9":"tag-fr","10":"tag-france","11":"tag-international","12":"tag-iran","13":"tag-news","14":"tag-world"},"share_on_mastodon":{"url":"https:\/\/pubeurope.com\/@fr\/115029281646855899","error":""},"_links":{"self":[{"href":"https:\/\/www.europesays.com\/fr\/wp-json\/wp\/v2\/posts\/319479","targetHints":{"allow":["GET"]}}],"collection":[{"href":"https:\/\/www.europesays.com\/fr\/wp-json\/wp\/v2\/posts"}],"about":[{"href":"https:\/\/www.europesays.com\/fr\/wp-json\/wp\/v2\/types\/post"}],"author":[{"embeddable":true,"href":"https:\/\/www.europesays.com\/fr\/wp-json\/wp\/v2\/users\/2"}],"replies":[{"embeddable":true,"href":"https:\/\/www.europesays.com\/fr\/wp-json\/wp\/v2\/comments?post=319479"}],"version-history":[{"count":0,"href":"https:\/\/www.europesays.com\/fr\/wp-json\/wp\/v2\/posts\/319479\/revisions"}],"wp:featuredmedia":[{"embeddable":true,"href":"https:\/\/www.europesays.com\/fr\/wp-json\/wp\/v2\/media\/319480"}],"wp:attachment":[{"href":"https:\/\/www.europesays.com\/fr\/wp-json\/wp\/v2\/media?parent=319479"}],"wp:term":[{"taxonomy":"category","embeddable":true,"href":"https:\/\/www.europesays.com\/fr\/wp-json\/wp\/v2\/categories?post=319479"},{"taxonomy":"post_tag","embeddable":true,"href":"https:\/\/www.europesays.com\/fr\/wp-json\/wp\/v2\/tags?post=319479"}],"curies":[{"name":"wp","href":"https:\/\/api.w.org\/{rel}","templated":true}]}}