{"id":319485,"date":"2025-08-14T21:40:19","date_gmt":"2025-08-14T21:40:19","guid":{"rendered":"https:\/\/www.europesays.com\/fr\/319485\/"},"modified":"2025-08-14T21:40:19","modified_gmt":"2025-08-14T21:40:19","slug":"comment-cet-ehpad-garde-ses-residents-au-frais","status":"publish","type":"post","link":"https:\/\/www.europesays.com\/fr\/319485\/","title":{"rendered":"comment cet Ehpad garde ses r\u00e9sidents au frais"},"content":{"rendered":"<p>\u00c0 l\u2019Ehpad Buisson, ce mercredi apr\u00e8s-midi ne se d\u00e9roule pas comme pr\u00e9vu. Autour de Jacques Vermez, animateur, une dizaine de r\u00e9sidentes discutent et travaillent depuis 15 heures dans le salon d\u00e9di\u00e9 aux animations. \u00ab\u00a0Quand il fait tr\u00e8s chaud, on se rend dans le Pilat. Je pensais les amener \u00e0 l\u2019auberge de la Jasserie, mais m\u00eame \u00e7a, on a d\u00fb annuler\u00a0\u00bb, regrette l\u2019animateur.<\/p>\n<p>Les r\u00e9sidents ont pourtant l\u2019habitude de quitter les alentours de la place Jacquard pour une sortie tous les mercredis. Mais ces derniers jours, les ateliers d\u00e9coration et les jeux ont remplac\u00e9 les escapades en minibus.<\/p>\n<p>En ce mercredi caniculaire, c\u2019est autour de la r\u00e9daction du journal interne que la journ\u00e9e s\u2019organise. \u00ab\u00a0D\u2019habitude, je les emm\u00e8ne \u00e0 la base nautique de&#8230;<\/p>\n","protected":false},"excerpt":{"rendered":"\u00c0 l\u2019Ehpad Buisson, ce mercredi apr\u00e8s-midi ne se d\u00e9roule pas comme pr\u00e9vu. Autour de Jacques Vermez, animateur, une&hellip;\n","protected":false},"author":2,"featured_media":319486,"comment_status":"","ping_status":"","sticky":false,"template":"","format":"standard","meta":{"footnotes":""},"categories":[9653],"tags":[1111,11,2430,6698,7539,436,1777,674,1011,27,12,25,4001,7538],"class_list":{"0":"post-319485","1":"post","2":"type-post","3":"status-publish","4":"format-standard","5":"has-post-thumbnail","7":"category-saint-etienne","8":"tag-actu","9":"tag-actualites","10":"tag-auvergne-rhone-alpes","11":"tag-canicule","12":"tag-edition-loire-sud","13":"tag-environnement","14":"tag-eu","15":"tag-europe","16":"tag-fr","17":"tag-france","18":"tag-news","19":"tag-republique-francaise","20":"tag-saint-etienne","21":"tag-saint-etienne-ville"},"share_on_mastodon":{"url":"https:\/\/pubeurope.com\/@fr\/115029293423289027","error":""},"_links":{"self":[{"href":"https:\/\/www.europesays.com\/fr\/wp-json\/wp\/v2\/posts\/319485","targetHints":{"allow":["GET"]}}],"collection":[{"href":"https:\/\/www.europesays.com\/fr\/wp-json\/wp\/v2\/posts"}],"about":[{"href":"https:\/\/www.europesays.com\/fr\/wp-json\/wp\/v2\/types\/post"}],"author":[{"embeddable":true,"href":"https:\/\/www.europesays.com\/fr\/wp-json\/wp\/v2\/users\/2"}],"replies":[{"embeddable":true,"href":"https:\/\/www.europesays.com\/fr\/wp-json\/wp\/v2\/comments?post=319485"}],"version-history":[{"count":0,"href":"https:\/\/www.europesays.com\/fr\/wp-json\/wp\/v2\/posts\/319485\/revisions"}],"wp:featuredmedia":[{"embeddable":true,"href":"https:\/\/www.europesays.com\/fr\/wp-json\/wp\/v2\/media\/319486"}],"wp:attachment":[{"href":"https:\/\/www.europesays.com\/fr\/wp-json\/wp\/v2\/media?parent=319485"}],"wp:term":[{"taxonomy":"category","embeddable":true,"href":"https:\/\/www.europesays.com\/fr\/wp-json\/wp\/v2\/categories?post=319485"},{"taxonomy":"post_tag","embeddable":true,"href":"https:\/\/www.europesays.com\/fr\/wp-json\/wp\/v2\/tags?post=319485"}],"curies":[{"name":"wp","href":"https:\/\/api.w.org\/{rel}","templated":true}]}}