{"id":319499,"date":"2025-08-14T21:53:20","date_gmt":"2025-08-14T21:53:20","guid":{"rendered":"https:\/\/www.europesays.com\/fr\/319499\/"},"modified":"2025-08-14T21:53:20","modified_gmt":"2025-08-14T21:53:20","slug":"avant-gf38-laval-franck-rizzetto-on-est-impatient-de-retrouver-le-stade-des-alpes","status":"publish","type":"post","link":"https:\/\/www.europesays.com\/fr\/319499\/","title":{"rendered":"Avant GF38 \u2013 Laval. Franck Rizzetto\u00a0: \u00ab\u00a0On est impatient de retrouver le Stade des Alpes\u00a0\u00bb"},"content":{"rendered":"<p style=\"font-size:20px\"><strong>L\u2019entra\u00eeneur du GF38 Franck Rizzetto s\u2019est exprim\u00e9 avant la r\u00e9ception du Stade Lavallois ce vendredi 15 ao\u00fbt dans le cadre de la 2\u00e8me journ\u00e9e de Ligue 2.<\/strong><\/p>\n<p>\u00ab\u00a0On est impatient de retrouver le Stade des Alpes. On avait bien fini \u00e0 la maison l\u2019ann\u00e9e derni\u00e8re, j\u2019esp\u00e8re qu\u2019on va bien d\u00e9marrer chez nous cette ann\u00e9e.<\/p>\n<p>On a beaucoup discut\u00e9 avec les joueurs de notre entame \u00e0 Troyes. Ce sont des entames qu\u2019on avait malheureusement l\u2019habitude de faire la saison derni\u00e8re. Je pense que c\u2019est surtout une question de mental, donc on essaie de travailler l\u00e0-dessus, d\u2019avoir d\u2019autres paroles, d\u2019autres discours.<\/p>\n<p>Pour composer avec la canicule on a avanc\u00e9 d\u2019une heure toutes nos s\u00e9ances dans la semaine et on a \u00e9court\u00e9 les entra\u00eenements, en essayant de mettre le maximum d\u2019intensit\u00e9 sur ces temps r\u00e9duits. Le mot d\u2019ordre depuis le d\u00e9but de semaine a \u00e9t\u00e9 la r\u00e9cup\u00e9ration.<\/p>\n<p>Ga\u00ebtan Paquiez est un joueur de caract\u00e8re, quelqu\u2019un qui a un certain impact sur le groupe. Forc\u00e9ment je pr\u00e9f\u00e8re qu\u2019il soit l\u00e0 et il est dans de bonnes dispositions.<\/p>\n<p>Le but que l\u2019on a marqu\u00e9 \u00e0 Troyes est vraiment \u00e0 l\u2019image de tout ce que l\u2019on a travaill\u00e9 depuis le d\u00e9but de saison, de tout ce que je souhaite voir. On a eu le ballon pendant presque une minute 20. A partir du moment o\u00f9 on l\u2019a r\u00e9cup\u00e9r\u00e9, on a pris notre temps. Le ballon est reparti de derri\u00e8re, est all\u00e9 \u00e0 droite, \u00e0 gauche, on a fix\u00e9 dans l\u2019axe, on est all\u00e9 sur le c\u00f4t\u00e9, il y a eu de la pr\u00e9sence devant le but. Ce sont vraiment des choses que je demande tout le temps\u00a0: du mouvement, du jeu simple. On \u00e9tait deux -trois touches maximum presque toute la s\u00e9quence de jeu. Tout le monde touche le ballon, tout le monde prend du plaisir. C\u2019\u00e9tait parfait et c\u2019est \u00e0 reproduire.\u00a0\u00bb<\/p>\n","protected":false},"excerpt":{"rendered":"L\u2019entra\u00eeneur du GF38 Franck Rizzetto s\u2019est exprim\u00e9 avant la r\u00e9ception du Stade Lavallois ce vendredi 15 ao\u00fbt dans&hellip;\n","protected":false},"author":2,"featured_media":41181,"comment_status":"","ping_status":"","sticky":false,"template":"","format":"standard","meta":{"footnotes":""},"categories":[9566],"tags":[1111,11,2430,1777,674,1011,27,2731,12,25],"class_list":{"0":"post-319499","1":"post","2":"type-post","3":"status-publish","4":"format-standard","5":"has-post-thumbnail","7":"category-grenoble","8":"tag-actu","9":"tag-actualites","10":"tag-auvergne-rhone-alpes","11":"tag-eu","12":"tag-europe","13":"tag-fr","14":"tag-france","15":"tag-grenoble","16":"tag-news","17":"tag-republique-francaise"},"share_on_mastodon":{"url":"https:\/\/pubeurope.com\/@fr\/115029344452447698","error":""},"_links":{"self":[{"href":"https:\/\/www.europesays.com\/fr\/wp-json\/wp\/v2\/posts\/319499","targetHints":{"allow":["GET"]}}],"collection":[{"href":"https:\/\/www.europesays.com\/fr\/wp-json\/wp\/v2\/posts"}],"about":[{"href":"https:\/\/www.europesays.com\/fr\/wp-json\/wp\/v2\/types\/post"}],"author":[{"embeddable":true,"href":"https:\/\/www.europesays.com\/fr\/wp-json\/wp\/v2\/users\/2"}],"replies":[{"embeddable":true,"href":"https:\/\/www.europesays.com\/fr\/wp-json\/wp\/v2\/comments?post=319499"}],"version-history":[{"count":0,"href":"https:\/\/www.europesays.com\/fr\/wp-json\/wp\/v2\/posts\/319499\/revisions"}],"wp:featuredmedia":[{"embeddable":true,"href":"https:\/\/www.europesays.com\/fr\/wp-json\/wp\/v2\/media\/41181"}],"wp:attachment":[{"href":"https:\/\/www.europesays.com\/fr\/wp-json\/wp\/v2\/media?parent=319499"}],"wp:term":[{"taxonomy":"category","embeddable":true,"href":"https:\/\/www.europesays.com\/fr\/wp-json\/wp\/v2\/categories?post=319499"},{"taxonomy":"post_tag","embeddable":true,"href":"https:\/\/www.europesays.com\/fr\/wp-json\/wp\/v2\/tags?post=319499"}],"curies":[{"name":"wp","href":"https:\/\/api.w.org\/{rel}","templated":true}]}}