{"id":319500,"date":"2025-08-14T21:55:10","date_gmt":"2025-08-14T21:55:10","guid":{"rendered":"https:\/\/www.europesays.com\/fr\/319500\/"},"modified":"2025-08-14T21:55:10","modified_gmt":"2025-08-14T21:55:10","slug":"rennes-om-balerdi-previent-rongier","status":"publish","type":"post","link":"https:\/\/www.europesays.com\/fr\/319500\/","title":{"rendered":"Rennes-OM: Balerdi pr\u00e9vient Rongier"},"content":{"rendered":"<p><strong>A la veille du match d\u2019ouverture<br \/>\nde la saison de Ligue 1 entre Rennes et Marseille, Leonardo Balerdi<br \/>\na adress\u00e9 un message \u00e0 son d\u00e9sormais ex-co\u00e9quipier, Valentin<br \/>\nRongier.<\/strong><\/p>\n<p>La Ligue 1 va reprendre ses droits ce vendredi soir (20h45),<br \/>\navec une affiche entre le Stade Rennais et l\u2019Olympique de<br \/>\nMarseille. Une rencontre marqu\u00e9e par les retrouvailles entre<br \/>\nValentin Rongier et le club phoc\u00e9en, qu\u2019il a quitt\u00e9 il y a<br \/>\nseulement trois semaines pour poser ses valises en Bretagne.<\/p>\n<p>Convi\u00e9 devant la presse ce jeudi, Leonardo Balerdi a \u00e9voqu\u00e9 le<br \/>\nd\u00e9part du milieu de terrain fran\u00e7ais de Marseille et leur<br \/>\nconfrontation \u00e0 venir. \u00ab \u00c7a m\u2019a touch\u00e9 quand il est parti.<br \/>\nQuand je l\u2019ai vu avec le maillot de Rennes, \u00e7a m\u2019a fait bizarre.<br \/>\nJ\u2019ai connu l\u2019OM avec lui, pendant six ann\u00e9es\u00a0\u00bb, a confi\u00e9<br \/>\nl\u2019Argentin.<\/p>\n<p>Et d\u2019ajouter: \u00ab\u00a0C\u2019\u00e9tait son moment pour partir, c\u2019\u00e9tait<br \/>\nsa d\u00e9cision, je lui souhaite le meilleur. On est bons amis mais il<br \/>\nsait que ce ne sera pas le cas demain. \u00bb Rongier sait \u00e0 quoi<br \/>\ns\u2019en tenir.<\/p>\n","protected":false},"excerpt":{"rendered":"A la veille du match d\u2019ouverture de la saison de Ligue 1 entre Rennes et Marseille, Leonardo Balerdi&hellip;\n","protected":false},"author":2,"featured_media":319501,"comment_status":"","ping_status":"","sticky":false,"template":"","format":"standard","meta":{"footnotes":""},"categories":[2821],"tags":[1111,11,829,1777,674,1011,27,12,584,25],"class_list":{"0":"post-319500","1":"post","2":"type-post","3":"status-publish","4":"format-standard","5":"has-post-thumbnail","7":"category-rennes","8":"tag-actu","9":"tag-actualites","10":"tag-bretagne","11":"tag-eu","12":"tag-europe","13":"tag-fr","14":"tag-france","15":"tag-news","16":"tag-rennes","17":"tag-republique-francaise"},"share_on_mastodon":{"url":"https:\/\/pubeurope.com\/@fr\/115029352466434772","error":""},"_links":{"self":[{"href":"https:\/\/www.europesays.com\/fr\/wp-json\/wp\/v2\/posts\/319500","targetHints":{"allow":["GET"]}}],"collection":[{"href":"https:\/\/www.europesays.com\/fr\/wp-json\/wp\/v2\/posts"}],"about":[{"href":"https:\/\/www.europesays.com\/fr\/wp-json\/wp\/v2\/types\/post"}],"author":[{"embeddable":true,"href":"https:\/\/www.europesays.com\/fr\/wp-json\/wp\/v2\/users\/2"}],"replies":[{"embeddable":true,"href":"https:\/\/www.europesays.com\/fr\/wp-json\/wp\/v2\/comments?post=319500"}],"version-history":[{"count":0,"href":"https:\/\/www.europesays.com\/fr\/wp-json\/wp\/v2\/posts\/319500\/revisions"}],"wp:featuredmedia":[{"embeddable":true,"href":"https:\/\/www.europesays.com\/fr\/wp-json\/wp\/v2\/media\/319501"}],"wp:attachment":[{"href":"https:\/\/www.europesays.com\/fr\/wp-json\/wp\/v2\/media?parent=319500"}],"wp:term":[{"taxonomy":"category","embeddable":true,"href":"https:\/\/www.europesays.com\/fr\/wp-json\/wp\/v2\/categories?post=319500"},{"taxonomy":"post_tag","embeddable":true,"href":"https:\/\/www.europesays.com\/fr\/wp-json\/wp\/v2\/tags?post=319500"}],"curies":[{"name":"wp","href":"https:\/\/api.w.org\/{rel}","templated":true}]}}