{"id":319504,"date":"2025-08-14T21:57:22","date_gmt":"2025-08-14T21:57:22","guid":{"rendered":"https:\/\/www.europesays.com\/fr\/319504\/"},"modified":"2025-08-14T21:57:22","modified_gmt":"2025-08-14T21:57:22","slug":"ligue-conference-strasbourg-affrontera-les-danois-de-brondby-en-barrages","status":"publish","type":"post","link":"https:\/\/www.europesays.com\/fr\/319504\/","title":{"rendered":"Ligue Conf\u00e9rence\u00a0: Strasbourg affrontera les Danois de Br\u00f6ndby en barrages"},"content":{"rendered":"<p class=\"paragraph text_align_left lp-f-body-02\">Encore sept jours avant que l\u2019Alsace ne retrouve la sc\u00e8ne europ\u00e9enne. <a href=\"http:\/\/leparisien.fr\/sports\/football\/ligue-1\/psg-reims-3-0-lyon-en-ligue-europa-et-strasbourg-en-ligue-conference-apres-la-victoire-des-parisiens-24-05-2025-Y36QQ4E6QNE43JEUHMBBQSCO5A.php\" target=\"_blank\" rel=\"noreferrer nofollow noopener\">Qualifi\u00e9 pour la Ligue Conf\u00e9rence<\/a>, la plus modeste des trois coupes d\u2019Europe, Strasbourg entre directement dans la comp\u00e9tition lors des barrages du 21 et 28 ao\u00fbt, soit l\u2019ultime \u00e9tape avant la phase de ligue.<\/p>\n<p class=\"paragraph text_align_left lp-f-body-02\">Il y a huit jours, les Alsaciens commen\u00e7aient \u00e0 pr\u00e9parer leurs billets d\u2019avion pour l\u2019Islande, car le 3-0 \u00e0 l\u2019aller inflig\u00e9 par le Vikingur Reykjavik face aux Danois de Br\u00f6ndby semblait \u00eatre un matelas suffisant.<\/p>\n<p class=\"paragraph text_align_left lp-f-body-02\">Mais la magie de la coupe a encore fonctionn\u00e9. Ce jeudi lors du match retour, Br\u00f6ndby a renvers\u00e9 la table pour s\u2019imposer 4-0. Une performance d\u2019autant plus grande que les Danois ont \u00e9volu\u00e9 pendant soixante-quinze minutes en inf\u00e9riorit\u00e9 num\u00e9rique.<\/p>\n<p class=\"paragraph text_align_left lp-f-body-02\">Probablement gr\u00e2ce \u00e0 leur plus grande exp\u00e9rience des joutes europ\u00e9ennes, les Danois ont fait fi du contexte pour marquer quatre fois, une fois juste apr\u00e8s l\u2019expulsion, et trois autres buts en un peu plus d\u2019un quart d\u2019heure apr\u00e8s la pause.<\/p>\n<p class=\"paragraph text_align_left lp-f-body-02\">La Meinau accueillera donc l\u2019\u00e9quipe danoise qui s\u2019\u00e9tait faufil\u00e9e jusqu\u2019en demi-finale de la Coupe de l\u2019UEFA, l\u2019\u00e9quivalent de l\u2019actuelle Ligue Europa, en 1991. Le match aller est pr\u00e9vu le 21 en France avant le retour le 28 dans la banlieue de Copenhague.<\/p>\n","protected":false},"excerpt":{"rendered":"Encore sept jours avant que l\u2019Alsace ne retrouve la sc\u00e8ne europ\u00e9enne. Qualifi\u00e9 pour la Ligue Conf\u00e9rence, la plus&hellip;\n","protected":false},"author":2,"featured_media":319505,"comment_status":"","ping_status":"","sticky":false,"template":"","format":"standard","meta":{"footnotes":""},"categories":[2820],"tags":[1111,11,1777,674,63,1011,27,775,12,25,60,640],"class_list":{"0":"post-319504","1":"post","2":"type-post","3":"status-publish","4":"format-standard","5":"has-post-thumbnail","7":"category-strasbourg","8":"tag-actu","9":"tag-actualites","10":"tag-eu","11":"tag-europe","12":"tag-football","13":"tag-fr","14":"tag-france","15":"tag-grand-est","16":"tag-news","17":"tag-republique-francaise","18":"tag-sports","19":"tag-strasbourg"},"share_on_mastodon":{"url":"https:\/\/pubeurope.com\/@fr\/115029360323482406","error":""},"_links":{"self":[{"href":"https:\/\/www.europesays.com\/fr\/wp-json\/wp\/v2\/posts\/319504","targetHints":{"allow":["GET"]}}],"collection":[{"href":"https:\/\/www.europesays.com\/fr\/wp-json\/wp\/v2\/posts"}],"about":[{"href":"https:\/\/www.europesays.com\/fr\/wp-json\/wp\/v2\/types\/post"}],"author":[{"embeddable":true,"href":"https:\/\/www.europesays.com\/fr\/wp-json\/wp\/v2\/users\/2"}],"replies":[{"embeddable":true,"href":"https:\/\/www.europesays.com\/fr\/wp-json\/wp\/v2\/comments?post=319504"}],"version-history":[{"count":0,"href":"https:\/\/www.europesays.com\/fr\/wp-json\/wp\/v2\/posts\/319504\/revisions"}],"wp:featuredmedia":[{"embeddable":true,"href":"https:\/\/www.europesays.com\/fr\/wp-json\/wp\/v2\/media\/319505"}],"wp:attachment":[{"href":"https:\/\/www.europesays.com\/fr\/wp-json\/wp\/v2\/media?parent=319504"}],"wp:term":[{"taxonomy":"category","embeddable":true,"href":"https:\/\/www.europesays.com\/fr\/wp-json\/wp\/v2\/categories?post=319504"},{"taxonomy":"post_tag","embeddable":true,"href":"https:\/\/www.europesays.com\/fr\/wp-json\/wp\/v2\/tags?post=319504"}],"curies":[{"name":"wp","href":"https:\/\/api.w.org\/{rel}","templated":true}]}}