{"id":319506,"date":"2025-08-14T21:58:13","date_gmt":"2025-08-14T21:58:13","guid":{"rendered":"https:\/\/www.europesays.com\/fr\/319506\/"},"modified":"2025-08-14T21:58:13","modified_gmt":"2025-08-14T21:58:13","slug":"on-est-tous-dans-le-meme-sac-non-lavage-auto-fontaines-jardins-avec-piscines-comment-vence-vit-lalerte-secheresse-renforcee","status":"publish","type":"post","link":"https:\/\/www.europesays.com\/fr\/319506\/","title":{"rendered":"\u00ab\u00a0On est tous dans le m\u00eame sac, non?\u00a0\u00bb: lavage auto, fontaines, jardins avec piscines&#8230; Comment Vence vit l\u2019alerte s\u00e9cheresse renforc\u00e9e"},"content":{"rendered":"<p>La premi\u00e8re impression \u00e9tait trompeuse. Quasi vide \u00e0 notre arriv\u00e9e, la station Lava Vence, en bordure de la route de Cagnes, se remplit en un clin d\u2019\u0153il, ce jeudi matin \u00e0 Vence. Rouleaux, K\u00e4rcher: tout fonctionne.<\/p>\n<p>\u00c0 la r\u00e9guli\u00e8re. <a href=\"https:\/\/www.nicematin.com\/climat\/secheresse-dans-les-alpes-maritimes-40-communes-passent-en-alerte-et-5-en-alerte-renforcee-voici-les-restrictions-d-eau-mises-en-place-996088\" target=\"_blank\" rel=\"noopener\">Vence a beau \u00eatre en alerte s\u00e9cheresse renforc\u00e9e depuis le 29 juillet<\/a>, ce centre de lavage auto remplit les crit\u00e8res pour rester ouvert.<\/p>\n<p>Les restrictions d\u2019eau dans les Alpes-Maritimes? La plupart des clients les ignorent. \u00c0 l\u2019instar d\u2019Anthony Canales, Ven\u00e7ois de 37 ans. \u00ab\u00a0Je bosse \u00e0 fond, donc les infos&#8230;\u00a0\u00bb Ce menuisier est en train de laver son Peugeot Expert.<\/p>\n<p>\u00ab\u00a0Ils devraient l\u2019afficher. Si j\u2019avais vu un panneau, je ne serais pas venu. Mon v\u00e9hicule n\u2019\u00e9tait pas tr\u00e8s sale&#8230; M\u00eame si je sais qu\u2019ici, ils se sont \u00e9quip\u00e9s.\u00a0\u00bb<\/p>\n<p>C\u00e9dric Soum confirme. Deux \u00e9t\u00e9s plus t\u00f4t, le responsable de Lava avait d\u00fb fermer ses cinq centres sur la C\u00f4te d\u2019Azur. Depuis, il les a dot\u00e9s d\u2018un syst\u00e8me de recyclage.<\/p>\n<p>La pr\u00e9fecture impose un taux d\u2019au moins 70% pour pouvoir fonctionner par temps de s\u00e9cheresse.<\/p>\n<p>\u00ab\u00a0On est \u00e0 90%, sauf pour certains K\u00e4rcher. Un K\u00e4rcher, c\u2019est 60 \u00e0 70 litres par v\u00e9hicule. Un lavage au portique, 200. Mais quand un particulier lave sa voiture chez lui, c\u2019est dramatique! Contrairement \u00e0 nous, rien n\u2019est recycl\u00e9, ni collect\u00e9. Surtout pas les 280g d\u2019hydrocarbures par v\u00e9hicule lav\u00e9&#8230;\u00a0\u00bb<\/p>\n<p>\u00ab\u00a0Trop de flotte, puis trop chaud&#8230; \u00c7a ne va jamais!\u00a0\u00bb<\/p>\n<p>              <img ci-src=\"https:\/\/www.nicematin.com\/environnement\/protec\/DATA_ART_16078606-I3nIskHA.jpg?vh=987e96&amp;ci_seal=e503f56475\" alt=\"\"\/><br \/>\n        Dans le quartier r\u00e9sidentiel de l\u2019Ara \u00e0 Vence, la piscine du grand-p\u00e8re d\u2019Antonin fonctionne en circuit ferm\u00e9. La pelouse, assoiff\u00e9e, affiche une mine jaunie.&#13;<br \/>\n <strong>Photo Cyril Dodergny.<\/strong> <\/p>\n<p>Cinq communes du bassin versant de la Cagne (Cagnes-sur-Mer, La Gaude, Saint-Jeannet, Saint-Paul-de-Vence et Vence, donc) \u00e9taient en alerte renforc\u00e9e, <a href=\"https:\/\/www.nicematin.com\/environnement\/la-secheresse-s-aggrave-25-communes-supplementaires-en-alerte-renforcee-998074\" target=\"_blank\" rel=\"noopener\">avant m\u00eame que le pr\u00e9fet n\u2019\u00e9largisse la liste \u00e0 25 autres communes ce jeudi<\/a>. Le lavage auto est l\u2019un des secteurs vis\u00e9 par les restrictions. M\u00eame si, souligne C\u00e9dric Soum, il repr\u00e9sente moins de 1% de la consommation.<\/p>\n<p>\u00ab\u00a0De la flotte, on en a pris pas mal cette ann\u00e9e. Je ne pense pas que les nappes phr\u00e9atiques soient \u00e0 sec\u00a0\u00bb, s\u2019\u00e9tonne Eric, ferronnier de 54 ans \u00e9tabli \u00e0 la Colle-sur-Loup.<\/p>\n<p>Il rit jaune: \u00ab\u00a0On avait trop de flotte, maintenant il fait trop chaud&#8230; \u00c7a ne va jamais!\u00a0\u00bb Souad, aide-soignante de 44 ans, a \u00ab\u00a0conscience de la s\u00e9cheresse. Mais ma voiture, je la lave tous les deux mois. Et \u00e0 la maison, je ne laisse pas couler la douche.\u00a0\u00bb<\/p>\n<p>Vence encore, quelques kilom\u00e8tres plus haut, dans le quartier r\u00e9sidentiel de l\u2019Ara. L\u2019info sur les restrictions d\u2019eau est bien arriv\u00e9e chez Federico, 76 ans.<\/p>\n<p>Sa propri\u00e9t\u00e9 dispose d\u2019un jardin avec piscine, comme chez la plupart de ses voisins. Sa pelouse affiche une mine jaunie.<\/p>\n<p>\u00ab\u00a0Depuis une dizaine de jours, on n\u2019arrose plus entre 8h et 20h, uniquement vers 21h, cinq minutes, deux ou trois fois par semaine.\u00a0\u00bb Tant pis pour l\u2019herbe verte, et m\u00eame pour les tomates: \u00ab\u00a0Elles sont dess\u00e9ch\u00e9es, elles n\u2019ont pas tenu.\u00a0\u00bb<\/p>\n<p>\u00ab\u00a0Les mesures doivent \u00eatre appliqu\u00e9es \u00e0 tous\u00a0\u00bb<\/p>\n<p>              <img ci-src=\"https:\/\/www.nicematin.com\/environnement\/protec\/DATA_ART_16081184-IPICLzQI.jpg?vh=d44d91&amp;ci_seal=4887105b6e\" alt=\"\"\/><br \/>\n        Contraint de fermer lors d\u2019une pr\u00e9c\u00e9dente crise, le centre Lava Vence s\u2019est \u00e9quip\u00e9 depuis d\u2019un syst\u00e8me de recyclage adapt\u00e9. <strong>Photo Cyril Dodergny.<\/strong> <\/p>\n<p>\u00c0 cette heure-l\u00e0, le thermom\u00e8tre affiche 31\u00b0C, celui de la jolie piscine 28,5\u00b0C. Et elle, alors? \u00ab\u00a0Elle fonctionne en circuit ferm\u00e9, c\u2019est la m\u00eame eau\u00a0\u00bb, explique Fady, le fils a\u00een\u00e9 de Federico. Il prend avec recul ces crises r\u00e9currentes.<\/p>\n<p>\u00ab\u00a0Il fait chaud sur la C\u00f4te d\u2019Azur depuis des mill\u00e9naires! Les mesures ne doivent pas \u00eatre appliqu\u00e9es qu\u2019aux petits particuliers, mais \u00e0 tous: industriels, professionnels du tourisme&#8230; Il faut \u00eatre coh\u00e9rent pour arriver \u00e0 un r\u00e9sultat. On est tous dans le m\u00eame sac, non? Et on n\u2019est pas sorti de l\u2019auberge!\u00a0\u00bb<\/p>\n<p>Son fr\u00e8re Alan est venu de r\u00e9gion parisienne, avec sa femme Adeline et leur fils Antonin. Adeline travaille justement dans&#8230; le domaine de l\u2019eau et de la biodiversit\u00e9. \u00ab\u00a0On n\u2019est pas dans une situation aussi critique qu\u2019en 2022\u00a0\u00bb, reconna\u00eet-elle.<\/p>\n<p>Mais les intenses chutes de pluie du printemps \u00e9taient un trompe l\u2019\u0153il, balay\u00e9 par les fortes chaleurs. Adeline invite \u00e0 s\u2019en rendre compte sur https:\/\/vigieau.gouv.fr\/<\/p>\n<p>\u00ab\u00a0Le printemps n\u2019est pas la saison o\u00f9 les nappes se rechargent le plus. C\u2019est plut\u00f4t l\u2019automne&#8230;\u00a0\u00bb<\/p>\n<p>En Ari\u00e8ge o\u00f9 il vit, Fady est sp\u00e9cialiste en construction en terre crue. Il appelle \u00e0 des \u00ab\u00a0mesures cr\u00e9atives\u00a0\u00bb pour mieux s\u2019adapter.<\/p>\n<p>\u00ab\u00a0L\u2019\u00c9tat pourrait subventionner l\u2019installation de cuves enterr\u00e9es afin de r\u00e9cup\u00e9rer les eaux de pluie. Voyez les toits des maisons: imaginez les millions de m\u00e8tres cubes que cela repr\u00e9sente! Et ainsi, on cr\u00e9e une \u00e9conomie. Tout le monde est gagnant.\u00a0\u00bb<\/p>\n<p>Fontaines \u00ab\u00a0\u00e0 d\u00e9bit r\u00e9duit\u00a0\u00bb<\/p>\n<p>Vence toujours, c\u00f4t\u00e9 vieille ville cette fois-ci. Une douce m\u00e9lop\u00e9e nous accueille dans les ruelles pav\u00e9es. Pass\u00e9 la porte du Peyra, la fontaine du m\u00eame nom joue de ses quatre jets d\u2019eau.<\/p>\n<p>Deux autres proposent de l\u2019eau potable, juste \u00e0 c\u00f4t\u00e9. Alain vient y recharger sa bouteille plastique. Il n\u2019est pas surpris de voir ces fontaines actives.<\/p>\n<p>\u00ab\u00a0On m\u2019a dit qu\u2019il y avait quatre sources, et qu\u2019il n\u2019y avait jamais de probl\u00e8me avec celle de la Foux. Les autres fontaines de la ville fonctionnent avec un bouton pressoir. Et ici, ils ont r\u00e9duit le d\u00e9bit.\u00a0\u00bb<\/p>\n<p>              <img ci-src=\"https:\/\/www.nicematin.com\/environnement\/protec\/DATA_ART_16081187-z8ME171M.jpg?vh=ed2f37&amp;ci_seal=42379149aa\" alt=\"\"\/><br \/>\n        Place du Grand Pin, sur le stand de La ferme d\u2019Anabelle, la mara\u00eech\u00e8re d\u00e9plore l\u2019impact de la s\u00e9cheresse sur les l\u00e9gumes. <strong>Photo Cyril Dodergny.<\/strong> <\/p>\n<p>Un couple de sexag\u00e9naires vient se rafra\u00eechir. Jean-Yves et Martine viennent chaque ann\u00e9e du Val d\u2019Oise, fid\u00e8les \u00e0 Vence.<\/p>\n<p>Ils ont connu \u00ab\u00a0l\u2019ann\u00e9e o\u00f9 la fontaine \u00e9tait compl\u00e8tement \u00e0 l\u2019arr\u00eat. C\u2019\u00e9tait d\u2019une tristesse! L\u00e0, on est contents. L\u2019eau qui coule, c\u2019est la vie&#8230;\u00a0\u00bb<\/p>\n<p>Consciente des enjeux, Martine pr\u00e9cise aussit\u00f4t: \u00ab\u00a0Je ne suis pas une gaspilleuse. Je suis de l\u2019ancienne \u00e9cole. J\u2019ai une grande baignoire, et je ne l\u2019ai jamais remplie.\u00a0\u00bb<\/p>\n<p>Place du Grand Pin, la fontaine aliment\u00e9e par la Foux coule toujours, elle aussi. Anabelle, de la ferme du m\u00eame nom, a install\u00e9 son stand juste en face. La mara\u00eech\u00e8re ven\u00e7oise se lamente: \u00ab\u00a0On n\u2019a plus de tomates, plus de courgettes! Il fait trop chaud, m\u00eame la nuit. Ce n\u2019est pas bon pour les l\u00e9gumes &#8211; ni pour nous, d\u2019ailleurs. \u00c7a fait trente ans que je fais le march\u00e9, je n\u2019ai jamais vu \u00e7a.\u00a0\u00bb<\/p>\n<p>Son \u00e9tal propose bien quelques tomates c\u0153ur de b\u0153uf, et des Marmande trop dures \u00e0 son go\u00fbt. L\u2019arrosage au goutte \u00e0 goutte, qui reste autoris\u00e9, ne suffit pas \u00e0 ses yeux.<\/p>\n<p>\u00ab\u00a0Les plantes prennent aussi par la feuille&#8230;\u00a0\u00bb Une cliente s\u2019approche. Elle n\u2019a \u00ab\u00a0plus de liquide\u00a0\u00bb, une phrase bien de saison. Anabelle plaisante: \u00ab\u00a0Je vais te la faire payer combien la tomate? Bient\u00f4t, \u00e7a va valoir de l\u2019or!\u00a0\u00bb<\/p>\n<p>              <img ci-src=\"https:\/\/www.nicematin.com\/environnement\/protec\/DATA_ART_16078609-gnkK4ebj.jpg?vh=6f6d4b&amp;ci_seal=b80a5aa32a\" alt=\"\"\/><br \/>\n         <strong>Photo Cyril Dodergny.<\/strong> <\/p>\n","protected":false},"excerpt":{"rendered":"La premi\u00e8re impression \u00e9tait trompeuse. Quasi vide \u00e0 notre arriv\u00e9e, la station Lava Vence, en bordure de la&hellip;\n","protected":false},"author":2,"featured_media":319507,"comment_status":"","ping_status":"","sticky":false,"template":"","format":"standard","meta":{"footnotes":""},"categories":[2819],"tags":[1111,11,1129,436,1777,674,1011,27,12,2401,882,25],"class_list":{"0":"post-319506","1":"post","2":"type-post","3":"status-publish","4":"format-standard","5":"has-post-thumbnail","7":"category-nice","8":"tag-actu","9":"tag-actualites","10":"tag-climat","11":"tag-environnement","12":"tag-eu","13":"tag-europe","14":"tag-fr","15":"tag-france","16":"tag-news","17":"tag-nice","18":"tag-provence-alpes-cote-dazur","19":"tag-republique-francaise"},"share_on_mastodon":{"url":"https:\/\/pubeurope.com\/@fr\/115029364297279454","error":""},"_links":{"self":[{"href":"https:\/\/www.europesays.com\/fr\/wp-json\/wp\/v2\/posts\/319506","targetHints":{"allow":["GET"]}}],"collection":[{"href":"https:\/\/www.europesays.com\/fr\/wp-json\/wp\/v2\/posts"}],"about":[{"href":"https:\/\/www.europesays.com\/fr\/wp-json\/wp\/v2\/types\/post"}],"author":[{"embeddable":true,"href":"https:\/\/www.europesays.com\/fr\/wp-json\/wp\/v2\/users\/2"}],"replies":[{"embeddable":true,"href":"https:\/\/www.europesays.com\/fr\/wp-json\/wp\/v2\/comments?post=319506"}],"version-history":[{"count":0,"href":"https:\/\/www.europesays.com\/fr\/wp-json\/wp\/v2\/posts\/319506\/revisions"}],"wp:featuredmedia":[{"embeddable":true,"href":"https:\/\/www.europesays.com\/fr\/wp-json\/wp\/v2\/media\/319507"}],"wp:attachment":[{"href":"https:\/\/www.europesays.com\/fr\/wp-json\/wp\/v2\/media?parent=319506"}],"wp:term":[{"taxonomy":"category","embeddable":true,"href":"https:\/\/www.europesays.com\/fr\/wp-json\/wp\/v2\/categories?post=319506"},{"taxonomy":"post_tag","embeddable":true,"href":"https:\/\/www.europesays.com\/fr\/wp-json\/wp\/v2\/tags?post=319506"}],"curies":[{"name":"wp","href":"https:\/\/api.w.org\/{rel}","templated":true}]}}