{"id":319514,"date":"2025-08-14T22:03:14","date_gmt":"2025-08-14T22:03:14","guid":{"rendered":"https:\/\/www.europesays.com\/fr\/319514\/"},"modified":"2025-08-14T22:03:14","modified_gmt":"2025-08-14T22:03:14","slug":"quand-la-canicule-surchauffe-la-flotte-de-tbm","status":"publish","type":"post","link":"https:\/\/www.europesays.com\/fr\/319514\/","title":{"rendered":"quand la canicule surchauffe la flotte de TBM"},"content":{"rendered":"<p>\u00ab\u00a0Troisi\u00e8me bus cons\u00e9cutif annul\u00e9 sans sommation\u00a0!\u00a0\u00bb Ce lundi 11\u00a0ao\u00fbt matin, ligne\u00a027, Fr\u00e9d\u00e9ric s\u2019agace sous le soleil et demande des comptes \u00e0 TBM, via le r\u00e9seau social X (ex-Twitter). \u00ab\u00a0Plus d\u2019une heure d\u2019attente sous la canicule, pas de r\u00e9ponses aux messages\u00a0\u00bb, fait remarquer le Bordelais, \u00e9crivant tout haut ce que beaucoup d\u2019autres usagers pensent \u00e9galement. R\u00e9ponse surprenante de TBM, sur le m\u00eame r\u00e9seau (1)\u00a0: \u00ab\u00a0En p\u00e9riode de forte chaleur, nous privil\u00e9gions les bus climatis\u00e9s\u00a0; et en p\u00e9riode de canicule, seuls nos v\u00e9hicules climatis\u00e9s circulent.\u00a0\u00bb<\/p>\n","protected":false},"excerpt":{"rendered":"\u00ab\u00a0Troisi\u00e8me bus cons\u00e9cutif annul\u00e9 sans sommation\u00a0!\u00a0\u00bb Ce lundi 11\u00a0ao\u00fbt matin, ligne\u00a027, Fr\u00e9d\u00e9ric s\u2019agace sous le soleil et demande&hellip;\n","protected":false},"author":2,"featured_media":319515,"comment_status":"","ping_status":"","sticky":false,"template":"","format":"standard","meta":{"footnotes":""},"categories":[2817],"tags":[1111,11,1997,1777,674,1011,27,12,2219,25],"class_list":{"0":"post-319514","1":"post","2":"type-post","3":"status-publish","4":"format-standard","5":"has-post-thumbnail","7":"category-bordeaux","8":"tag-actu","9":"tag-actualites","10":"tag-bordeaux","11":"tag-eu","12":"tag-europe","13":"tag-fr","14":"tag-france","15":"tag-news","16":"tag-nouvelle-aquitaine","17":"tag-republique-francaise"},"share_on_mastodon":{"url":"https:\/\/pubeurope.com\/@fr\/115029384316618191","error":""},"_links":{"self":[{"href":"https:\/\/www.europesays.com\/fr\/wp-json\/wp\/v2\/posts\/319514","targetHints":{"allow":["GET"]}}],"collection":[{"href":"https:\/\/www.europesays.com\/fr\/wp-json\/wp\/v2\/posts"}],"about":[{"href":"https:\/\/www.europesays.com\/fr\/wp-json\/wp\/v2\/types\/post"}],"author":[{"embeddable":true,"href":"https:\/\/www.europesays.com\/fr\/wp-json\/wp\/v2\/users\/2"}],"replies":[{"embeddable":true,"href":"https:\/\/www.europesays.com\/fr\/wp-json\/wp\/v2\/comments?post=319514"}],"version-history":[{"count":0,"href":"https:\/\/www.europesays.com\/fr\/wp-json\/wp\/v2\/posts\/319514\/revisions"}],"wp:featuredmedia":[{"embeddable":true,"href":"https:\/\/www.europesays.com\/fr\/wp-json\/wp\/v2\/media\/319515"}],"wp:attachment":[{"href":"https:\/\/www.europesays.com\/fr\/wp-json\/wp\/v2\/media?parent=319514"}],"wp:term":[{"taxonomy":"category","embeddable":true,"href":"https:\/\/www.europesays.com\/fr\/wp-json\/wp\/v2\/categories?post=319514"},{"taxonomy":"post_tag","embeddable":true,"href":"https:\/\/www.europesays.com\/fr\/wp-json\/wp\/v2\/tags?post=319514"}],"curies":[{"name":"wp","href":"https:\/\/api.w.org\/{rel}","templated":true}]}}