{"id":319522,"date":"2025-08-14T22:08:12","date_gmt":"2025-08-14T22:08:12","guid":{"rendered":"https:\/\/www.europesays.com\/fr\/319522\/"},"modified":"2025-08-14T22:08:12","modified_gmt":"2025-08-14T22:08:12","slug":"apres-six-semaines-a-la-rue-a-marseille-41-jeunes-exiles-demandent-une-solution-pour-la-rentree","status":"publish","type":"post","link":"https:\/\/www.europesays.com\/fr\/319522\/","title":{"rendered":"Apr\u00e8s six semaines \u00e0 la rue, \u00e0 Marseille, 41 jeunes exil\u00e9s demandent une solution pour la rentr\u00e9e"},"content":{"rendered":"<p class=\"rev-margin-0 rev-text-xs-normal\">Depuis le 4 juillet, 41 jeunes exil\u00e9s occupent le kiosque de R\u00e9form\u00e9s (1er) et appellent \u00e0 une solution d\u2019h\u00e9bergement d\u2019urgence avant que certains d\u2019entre eux reprennent le chemin de l\u2019\u00e9cole, sans logement.<\/p>\n<p class=\"rev-margin-0 rev-text-xs-bold\">\/ PHOTO L.S<\/p>\n<p>Dans la chaleur \u00e9touffante de la Canebi\u00e8re, les jeunes exil\u00e9s du collectif Binkadi et leurs soutiens profitent du peu d\u2019ombre que leur offre un arbre au pied du kiosque des R\u00e9form\u00e9s (1er). <a href=\"https:\/\/www.laprovence.com\/article\/politique\/87474886901241\/marseille-confidentiels-les-jeunes-exiles-du-kiosque-repondent-a-martine-vassal\" target=\"_blank\" rel=\"noopener\">\u00c0 la rue depuis le 4\u00a0juillet<\/a>, ils se rassemblent \u00e0 nouveau pour interpeller les pouvoirs publics face \u00e0 leur \u00ab\u00a0inaction\u00a0\u00bb et (re) demander une solution d\u2019h\u00e9bergement pour les 41 jeunes sur place.<\/p>\n<p>La plupart d\u2019entre eux sont scolaris\u00e9s, mais n\u2019ont nulle part o\u00f9 dormir. Richard, 16\u00a0ans, fait sa rentr\u00e9e au lyc\u00e9e Courbet d\u00e9but septembre\u00a0: \u00ab\u00a0Je suis tomb\u00e9 malade plusieurs fois, il fait tr\u00e8s chaud, on dort\u00a0mal.\u00a0\u00bb<\/p>\n<p>Ce jeune Ghan\u00e9en souhaite devenir plombier, mais la poursuite de ses \u00e9tudes semble compromise par sa situation\u00a0: \u00ab\u00a0Dans quelques semaines je retourne \u00e0 l\u2019\u00e9cole et je ne sais pas o\u00f9 je vais dormir, on n\u2019en peut plus\u00a0\u00bb, souffle-t-il.<\/p>\n<p>\u00ab\u00a0Un choix politique\u00a0\u00bb<\/p>\n<p>Apr\u00e8s six semaines \u00e0 dormir en haut de la Canebi\u00e8re, <a href=\"https:\/\/www.laprovence.com\/article\/region\/3919987519653814\/a-marseille-toujours-a-la-rue-les-jeunes-exiles-du-kiosque-trouvent-porte-close-a-la-prefecture\" target=\"_blank\" rel=\"noopener\">aucun des rendez-vous aupr\u00e8s des institutions locales<\/a> \u2013 D\u00e9partement, mairie de Marseille et Pr\u00e9fecture \u2013 n\u2019a abouti \u00e0 une solution d\u2019h\u00e9bergement pour la totalit\u00e9 des jeunes. Jeudi 8\u00a0ao\u00fbt, la pr\u00e9fecture a \u00e0 nouveau propos\u00e9 d\u2019h\u00e9berger huit d\u2019entre eux. Au micro, leur d\u00e9saccord r\u00e9sonne\u00a0: \u00ab\u00a0Comment en choisir 8 parmi nous\u00a0? Que feront les 32 autres\u00a0?\u00a0\u00bb<\/p>\n<p>Des questionnements que Livia*, soutien des jeunes, met en parall\u00e8le avec les solutions d\u2019urgence qu\u2019ont r\u00e9cemment propos\u00e9es les mairies de Bayonne, Grenoble et Rennes face \u00e0 des situations similaires\u00a0: \u00ab\u00a0Ces mairies-l\u00e0 ont su trouver des gymnases pour ne pas laisser des enfants \u00e0 la rue. Si la mairie ne le fait pas, on estime que c\u2019est un choix politique.\u00a0\u00bb<\/p>\n<p>De son c\u00f4t\u00e9, la mairie affirme avoir alert\u00e9 l\u2019\u00c9tat sur \u00ab\u00a0l\u2019insuffisance chronique de places d\u2019h\u00e9bergements d\u2019urgence sur son territoire\u00a0\u00bb, tout en rappelant que <a href=\"https:\/\/www.laprovence.com\/article\/region\/47443219512303\/mineurs-non-accompagnes-a-marseille-martine-vassal-nen-veut-plus-la-ville-en-appelle-a-letat\" target=\"_blank\" rel=\"noopener\">cette comp\u00e9tence est celle du D\u00e9partement<\/a>.<strong\/><\/p>\n<p>*Le pr\u00e9nom a \u00e9t\u00e9 modifi\u00e9<\/p>\n<p><img alt=\"\" loading=\"lazy\" width=\"18\" height=\"18\" decoding=\"async\" data-nimg=\"1\" class=\"mx-[8px]\" style=\"color:transparent\" src=\"https:\/\/www.laprovence.com\/_next\/static\/media\/comment.b95dda91.svg\"\/>D\u00e9marrez la conversation<\/p>\n<p class=\"text-[1.8rem] mt-[32px]\">Votre opinion compte pour nous. Rejoignez la communaut\u00e9 laprovence.com en r\u00e9agissant sur l&rsquo;article Apr\u00e8s six semaines \u00e0 la rue, \u00e0 Marseille, 41 jeunes exil\u00e9s demandent une solution pour la rentr\u00e9e.<\/p>\n","protected":false},"excerpt":{"rendered":"Depuis le 4 juillet, 41 jeunes exil\u00e9s occupent le kiosque de R\u00e9form\u00e9s (1er) et appellent \u00e0 une solution&hellip;\n","protected":false},"author":2,"featured_media":319523,"comment_status":"","ping_status":"","sticky":false,"template":"","format":"standard","meta":{"footnotes":""},"categories":[2814],"tags":[17,1111,11,150,1777,674,22792,1011,27,4074,884,12,882,25,3640,20432,18847,104],"class_list":{"0":"post-319522","1":"post","2":"type-post","3":"status-publish","4":"format-standard","5":"has-post-thumbnail","7":"category-marseille","8":"tag-17","9":"tag-actu","10":"tag-actualites","11":"tag-apres","12":"tag-eu","13":"tag-europe","14":"tag-exiles","15":"tag-fr","16":"tag-france","17":"tag-jeunes","18":"tag-marseille","19":"tag-news","20":"tag-provence-alpes-cote-dazur","21":"tag-republique-francaise","22":"tag-rue","23":"tag-semaines","24":"tag-six","25":"tag-societe"},"share_on_mastodon":{"url":"https:\/\/pubeurope.com\/@fr\/115029403504752187","error":""},"_links":{"self":[{"href":"https:\/\/www.europesays.com\/fr\/wp-json\/wp\/v2\/posts\/319522","targetHints":{"allow":["GET"]}}],"collection":[{"href":"https:\/\/www.europesays.com\/fr\/wp-json\/wp\/v2\/posts"}],"about":[{"href":"https:\/\/www.europesays.com\/fr\/wp-json\/wp\/v2\/types\/post"}],"author":[{"embeddable":true,"href":"https:\/\/www.europesays.com\/fr\/wp-json\/wp\/v2\/users\/2"}],"replies":[{"embeddable":true,"href":"https:\/\/www.europesays.com\/fr\/wp-json\/wp\/v2\/comments?post=319522"}],"version-history":[{"count":0,"href":"https:\/\/www.europesays.com\/fr\/wp-json\/wp\/v2\/posts\/319522\/revisions"}],"wp:featuredmedia":[{"embeddable":true,"href":"https:\/\/www.europesays.com\/fr\/wp-json\/wp\/v2\/media\/319523"}],"wp:attachment":[{"href":"https:\/\/www.europesays.com\/fr\/wp-json\/wp\/v2\/media?parent=319522"}],"wp:term":[{"taxonomy":"category","embeddable":true,"href":"https:\/\/www.europesays.com\/fr\/wp-json\/wp\/v2\/categories?post=319522"},{"taxonomy":"post_tag","embeddable":true,"href":"https:\/\/www.europesays.com\/fr\/wp-json\/wp\/v2\/tags?post=319522"}],"curies":[{"name":"wp","href":"https:\/\/api.w.org\/{rel}","templated":true}]}}