{"id":319529,"date":"2025-08-14T22:13:18","date_gmt":"2025-08-14T22:13:18","guid":{"rendered":"https:\/\/www.europesays.com\/fr\/319529\/"},"modified":"2025-08-14T22:13:18","modified_gmt":"2025-08-14T22:13:18","slug":"des-fin-aout-vous-pourrez-explorer-les-hauts-de-seine-en-catamaran","status":"publish","type":"post","link":"https:\/\/www.europesays.com\/fr\/319529\/","title":{"rendered":"D\u00e8s fin ao\u00fbt, vous pourrez explorer les Hauts-de-Seine en\u2026 catamaran"},"content":{"rendered":"<p><strong>D\u00e8s le 30 ao\u00fbt et jusqu\u2019au 28 septembre, le D\u00e9partement des Hauts-de-Seine remet \u00e0 l\u2019eau son catamaran \u00e9lectro-solaire. Celui-ci desservira trois escales qui permettront \u00e0 tout un chacun de visiter diff\u00e9rents lieux culturels. <\/strong><\/p>\n<p><img fetchpriority=\"high\" decoding=\"async\" width=\"1200\" height=\"798\" src=\"https:\/\/www.europesays.com\/fr\/wp-content\/uploads\/2025\/08\/Seine-Musicale.jpg\" alt=\"catamaran\"  \/><\/p>\n<p>Ce service vous permettra notamment d\u2019admirer la Seine Musicale \u00a9 UlyssePixel \/ Depositphotos.com<\/p>\n<p>Aller d\u2019un\u00a0site culturel \u00e0 un autre \u00e0 bord\u00a0d\u2019un catamaran ? C\u2019est possible dans les Hauts-de-Seine. Le D\u00e9partement propose effectivement de nouveau <strong>sa navette fluviale du samedi 30 ao\u00fbt au dimanche 28 septembre<\/strong>. Et c\u2019est donc un catamaran fonctionnant \u00e0 l\u2019\u00e9nergie \u00e9lectro-solaire qui assurera ce service. D\u2019une capacit\u00e9 de 55 passagers, le bateau desservira trois escales chaque samedi et dimanche de 10h45 \u00e0 18h30.<\/p>\n<p>Les escales desservies par le catamaran<\/p>\n<p>La premi\u00e8re est celle de <strong>Port Legrand \u00e0 Boulogne-Billancourt<\/strong>. Cette escale vous permettra d\u2019admirer La Seine Musicale et la statue\u00a0\u201cEther\u201d\u00a0sur l\u2019\u00cele Seguin, avant d\u2019aller faire un tour au mus\u00e9e d\u00e9partemental Albert-Kahn, le mus\u00e9e des Ann\u00e9es 30, le mus\u00e9e Paul-Landowski ou encore le mus\u00e9e Paul-Belmondo, ou de profiter des visites de l\u2019office de tourisme.<\/p>\n<p>La seconde, celle de <strong>Port Victor\u00a0\u00e0 Issy-les-Moulineaux<\/strong>, vous invitera \u00e0 d\u00e9couvrir le Parc d\u00e9partemental de l\u2019\u00cele Saint-Germain et la\u00a0Tour aux figures\u00a0de Jean Dubuffet, ou \u00e0 suivre les visites propos\u00e9es par Issy Tourisme International. <\/p>\n<p>Enfin, la troisi\u00e8me escale, celle<strong>\u00a0de S\u00e8vres<\/strong>, sera id\u00e9ale pour ceux qui souhaitent aller faire un tour au Jardin des m\u00e9tiers d\u2019Art et du Design \u2013 JAD, S\u00e8vres \u2013 Manufacture et mus\u00e9es nationaux, au Domaine national de Saint-Cloud, ou au Parc nautique d\u00e9partemental de l\u2019\u00cele de Monsieur.<\/p>\n<p>Comment profiter de ce service ?<\/p>\n<p>Pour information, la navette sera accessible sur r\u00e9servation d\u00e8s le 25 ao\u00fbt prochain sur l\u2019application d\u00e9di\u00e9e ou <a href=\"https:\/\/destination.hauts-de-seine.fr\/\" target=\"_blank\" rel=\"noreferrer noopener nofollow\">en ligne<\/a>. C\u00f4t\u00e9 prix, il faut compter\u00a0<strong>2\u20ac par trajet<\/strong> et c\u2019est gratuit pour les moins de 18 ans. Mais avec ce billet navette fluviale, vous pourrez b\u00e9n\u00e9ficier d\u2019un tarif r\u00e9duit au Mus\u00e9e d\u00e9partemental Albert-Kahn, dans les mus\u00e9es de Boulogne, S\u00e8vres \u2013 Manufacture et Mus\u00e9e nationaux, pour la Tour aux figures, les visites guid\u00e9es des offices du tourisme de Boulogne-Billancourt, Issy-les-Moulineaux et du Domaine national de Saint-Cloud.<\/p>\n","protected":false},"excerpt":{"rendered":"D\u00e8s le 30 ao\u00fbt et jusqu\u2019au 28 septembre, le D\u00e9partement des Hauts-de-Seine remet \u00e0 l\u2019eau son catamaran \u00e9lectro-solaire.&hellip;\n","protected":false},"author":2,"featured_media":319530,"comment_status":"","ping_status":"","sticky":false,"template":"","format":"standard","meta":{"footnotes":""},"categories":[1592],"tags":[1111,11,45762,1777,674,1011,27,662,12,626,25,45763],"class_list":{"0":"post-319529","1":"post","2":"type-post","3":"status-publish","4":"format-standard","5":"has-post-thumbnail","7":"category-ile-de-france","8":"tag-actu","9":"tag-actualites","10":"tag-du00e8s-fin-aou00fbt","11":"tag-eu","12":"tag-europe","13":"tag-fr","14":"tag-france","15":"tag-ile-de-france","16":"tag-news","17":"tag-paris","18":"tag-republique-francaise","19":"tag-vous-pourrez-explorer-les-hauts-de-seine-enu2026-catamaran"},"share_on_mastodon":{"url":"https:\/\/pubeurope.com\/@fr\/115029423450969478","error":""},"_links":{"self":[{"href":"https:\/\/www.europesays.com\/fr\/wp-json\/wp\/v2\/posts\/319529","targetHints":{"allow":["GET"]}}],"collection":[{"href":"https:\/\/www.europesays.com\/fr\/wp-json\/wp\/v2\/posts"}],"about":[{"href":"https:\/\/www.europesays.com\/fr\/wp-json\/wp\/v2\/types\/post"}],"author":[{"embeddable":true,"href":"https:\/\/www.europesays.com\/fr\/wp-json\/wp\/v2\/users\/2"}],"replies":[{"embeddable":true,"href":"https:\/\/www.europesays.com\/fr\/wp-json\/wp\/v2\/comments?post=319529"}],"version-history":[{"count":0,"href":"https:\/\/www.europesays.com\/fr\/wp-json\/wp\/v2\/posts\/319529\/revisions"}],"wp:featuredmedia":[{"embeddable":true,"href":"https:\/\/www.europesays.com\/fr\/wp-json\/wp\/v2\/media\/319530"}],"wp:attachment":[{"href":"https:\/\/www.europesays.com\/fr\/wp-json\/wp\/v2\/media?parent=319529"}],"wp:term":[{"taxonomy":"category","embeddable":true,"href":"https:\/\/www.europesays.com\/fr\/wp-json\/wp\/v2\/categories?post=319529"},{"taxonomy":"post_tag","embeddable":true,"href":"https:\/\/www.europesays.com\/fr\/wp-json\/wp\/v2\/tags?post=319529"}],"curies":[{"name":"wp","href":"https:\/\/api.w.org\/{rel}","templated":true}]}}