{"id":319531,"date":"2025-08-14T22:14:11","date_gmt":"2025-08-14T22:14:11","guid":{"rendered":"https:\/\/www.europesays.com\/fr\/319531\/"},"modified":"2025-08-14T22:14:11","modified_gmt":"2025-08-14T22:14:11","slug":"sur-son-velo-un-adolescent-percute-un-tracteur-et-perd-la-vie","status":"publish","type":"post","link":"https:\/\/www.europesays.com\/fr\/319531\/","title":{"rendered":"Sur son v\u00e9lo, un adolescent percute un tracteur et perd la vie"},"content":{"rendered":"<p>Le drame s&rsquo;est d\u00e9roul\u00e9 \u00e0 Dol-de-Bretagne en Ille-et-Vilaine. Happ\u00e9 par un tracteur, le jeune cycliste de 16 ans n&rsquo;a pas surv\u00e9cu.<\/p>\n<p>\n      L\u2019actu des r\u00e9gions\n    <\/p>\n<p>\n      Chaque jour, un tour d\u2019horizon des principales infos de toutes les r\u00e9gions.\n    <\/p>\n<p>    France T\u00e9l\u00e9visions utilise votre adresse e-mail afin de vous envoyer la newsletter \u00ab\u00a0L\u2019actu des r\u00e9gions\u00a0\u00bb. Vous pouvez vous d\u00e9sinscrire \u00e0 tout moment via le lien en bas de cette newsletter. <a target=\"_blank\" href=\"https:\/\/www.francetelevisions.fr\/groupe\/confidentialite\/politique-de-confidentialite\/politique-de-confidentialite-de-france-televisions-6503\" rel=\"nofollow noopener\">Notre politique de confidentialit\u00e9<\/a><\/p>\n<p>L\u2019accident mortel s\u2019est produit en fin de matin\u00e9e ce 14 ao\u00fbt \u00e0 Dol de Bretagne en Ille-et-Vilaine.<\/p>\n<p>Un peu avant 11 heures, un jeune homme de 16 ans qui circulait \u00e0 v\u00e9lo a percut\u00e9 un tracteur rue des Ponts, \u00e0 proximit\u00e9 de la place Toullier. \u00a0<\/p>\n<p>Malgr\u00e9 l\u2019intervention rapide des pompiers, de l\u2019h\u00e9licopt\u00e8re du Samu et une tentative de r\u00e9animation, l\u2019adolescent est d\u00e9c\u00e9d\u00e9 sur place.<\/p>\n<p>Une enqu\u00eate de gendarmerie a \u00e9t\u00e9 ouverte pour d\u00e9terminer les circonstances du drame.<\/p>\n","protected":false},"excerpt":{"rendered":"Le drame s&rsquo;est d\u00e9roul\u00e9 \u00e0 Dol-de-Bretagne en Ille-et-Vilaine. Happ\u00e9 par un tracteur, le jeune cycliste de 16 ans&hellip;\n","protected":false},"author":2,"featured_media":319532,"comment_status":"","ping_status":"","sticky":false,"template":"","format":"standard","meta":{"footnotes":""},"categories":[1888],"tags":[1111,1928,11,1927,1777,674,1011,27,12,1926,626,1925,25],"class_list":{"0":"post-319531","1":"post","2":"type-post","3":"status-publish","4":"format-standard","5":"has-post-thumbnail","7":"category-paris","8":"tag-actu","9":"tag-actu-paris","10":"tag-actualites","11":"tag-actualites-paris","12":"tag-eu","13":"tag-europe","14":"tag-fr","15":"tag-france","16":"tag-news","17":"tag-news-paris","18":"tag-paris","19":"tag-paris-news","20":"tag-republique-francaise"},"share_on_mastodon":{"url":"https:\/\/pubeurope.com\/@fr\/115029427043781152","error":""},"_links":{"self":[{"href":"https:\/\/www.europesays.com\/fr\/wp-json\/wp\/v2\/posts\/319531","targetHints":{"allow":["GET"]}}],"collection":[{"href":"https:\/\/www.europesays.com\/fr\/wp-json\/wp\/v2\/posts"}],"about":[{"href":"https:\/\/www.europesays.com\/fr\/wp-json\/wp\/v2\/types\/post"}],"author":[{"embeddable":true,"href":"https:\/\/www.europesays.com\/fr\/wp-json\/wp\/v2\/users\/2"}],"replies":[{"embeddable":true,"href":"https:\/\/www.europesays.com\/fr\/wp-json\/wp\/v2\/comments?post=319531"}],"version-history":[{"count":0,"href":"https:\/\/www.europesays.com\/fr\/wp-json\/wp\/v2\/posts\/319531\/revisions"}],"wp:featuredmedia":[{"embeddable":true,"href":"https:\/\/www.europesays.com\/fr\/wp-json\/wp\/v2\/media\/319532"}],"wp:attachment":[{"href":"https:\/\/www.europesays.com\/fr\/wp-json\/wp\/v2\/media?parent=319531"}],"wp:term":[{"taxonomy":"category","embeddable":true,"href":"https:\/\/www.europesays.com\/fr\/wp-json\/wp\/v2\/categories?post=319531"},{"taxonomy":"post_tag","embeddable":true,"href":"https:\/\/www.europesays.com\/fr\/wp-json\/wp\/v2\/tags?post=319531"}],"curies":[{"name":"wp","href":"https:\/\/api.w.org\/{rel}","templated":true}]}}