{"id":319533,"date":"2025-08-14T22:15:15","date_gmt":"2025-08-14T22:15:15","guid":{"rendered":"https:\/\/www.europesays.com\/fr\/319533\/"},"modified":"2025-08-14T22:15:15","modified_gmt":"2025-08-14T22:15:15","slug":"soirees-after-work-a-paris-agenda-le-parisien-etudiant","status":"publish","type":"post","link":"https:\/\/www.europesays.com\/fr\/319533\/","title":{"rendered":"Soir\u00e9es after-work \u00e0 Paris &#8211; Agenda Le Parisien Etudiant"},"content":{"rendered":"<p class=\"lp-mt-03 generic-description__text lp-f-ui-04 lp-color-text-muted\">Toutes les soir\u00e9es After Work \u00e0 Paris : les c\u00e9l\u00e8bres soir\u00e9es de sorties de bureau o\u00f9 l&rsquo;ambiance d\u00e9marre t\u00f4t et se finit parfois tr\u00e8s tard. Les after work \u00e0 Paris vous permettent de vous changer l&rsquo;esprit rapidement apr\u00e8s une dure journ\u00e9e de boulot avec parfois des forfaits tout inclus. Avec Le Parisien Etudiant, profitez de nombreuses r\u00e9ductions sur les afterwork \u00e0 Paris !<\/p>\n","protected":false},"excerpt":{"rendered":"Toutes les soir\u00e9es After Work \u00e0 Paris : les c\u00e9l\u00e8bres soir\u00e9es de sorties de bureau o\u00f9 l&rsquo;ambiance d\u00e9marre&hellip;\n","protected":false},"author":2,"featured_media":288638,"comment_status":"","ping_status":"","sticky":false,"template":"","format":"standard","meta":{"footnotes":""},"categories":[1888],"tags":[1111,1928,11,1927,1777,674,1011,27,12,1926,626,1925,25],"class_list":{"0":"post-319533","1":"post","2":"type-post","3":"status-publish","4":"format-standard","5":"has-post-thumbnail","7":"category-paris","8":"tag-actu","9":"tag-actu-paris","10":"tag-actualites","11":"tag-actualites-paris","12":"tag-eu","13":"tag-europe","14":"tag-fr","15":"tag-france","16":"tag-news","17":"tag-news-paris","18":"tag-paris","19":"tag-paris-news","20":"tag-republique-francaise"},"share_on_mastodon":{"url":"https:\/\/pubeurope.com\/@fr\/115029431691672098","error":""},"_links":{"self":[{"href":"https:\/\/www.europesays.com\/fr\/wp-json\/wp\/v2\/posts\/319533","targetHints":{"allow":["GET"]}}],"collection":[{"href":"https:\/\/www.europesays.com\/fr\/wp-json\/wp\/v2\/posts"}],"about":[{"href":"https:\/\/www.europesays.com\/fr\/wp-json\/wp\/v2\/types\/post"}],"author":[{"embeddable":true,"href":"https:\/\/www.europesays.com\/fr\/wp-json\/wp\/v2\/users\/2"}],"replies":[{"embeddable":true,"href":"https:\/\/www.europesays.com\/fr\/wp-json\/wp\/v2\/comments?post=319533"}],"version-history":[{"count":0,"href":"https:\/\/www.europesays.com\/fr\/wp-json\/wp\/v2\/posts\/319533\/revisions"}],"wp:featuredmedia":[{"embeddable":true,"href":"https:\/\/www.europesays.com\/fr\/wp-json\/wp\/v2\/media\/288638"}],"wp:attachment":[{"href":"https:\/\/www.europesays.com\/fr\/wp-json\/wp\/v2\/media?parent=319533"}],"wp:term":[{"taxonomy":"category","embeddable":true,"href":"https:\/\/www.europesays.com\/fr\/wp-json\/wp\/v2\/categories?post=319533"},{"taxonomy":"post_tag","embeddable":true,"href":"https:\/\/www.europesays.com\/fr\/wp-json\/wp\/v2\/tags?post=319533"}],"curies":[{"name":"wp","href":"https:\/\/api.w.org\/{rel}","templated":true}]}}