{"id":319534,"date":"2025-08-14T22:16:22","date_gmt":"2025-08-14T22:16:22","guid":{"rendered":"https:\/\/www.europesays.com\/fr\/319534\/"},"modified":"2025-08-14T22:16:22","modified_gmt":"2025-08-14T22:16:22","slug":"the-flower-parent-and-the-child-takashi-murakami-dans-le-jardin-dacclimatation-paris-16e","status":"publish","type":"post","link":"https:\/\/www.europesays.com\/fr\/319534\/","title":{"rendered":"The flower parent and the child (Takashi Murakami) dans le Jardin d&rsquo;acclimatation (Paris 16e)"},"content":{"rendered":"<p><img loading=\"lazy\" decoding=\"async\" class=\"aligncenter size-full wp-image-75299\" src=\"https:\/\/www.europesays.com\/fr\/wp-content\/uploads\/2025\/08\/The-flower-parent-and-the-child_Takashi-Murakami_Jardin-dacclimatation_Paris_ete_aout_2025_01.jpg\" alt=\"The flower parent and the child, sculpture, Takashi Murakami, en \u00e9t\u00e9 dans le Jardin d'acclimatation, Paris 16e (75)\" width=\"598\" height=\"797\"\/><\/p>\n<p><strong>En sortant de l\u2019<a href=\"https:\/\/www.fondationlouisvuitton.fr\/fr\/evenements\/david-hockney-25\" target=\"_blank\" rel=\"noopener\">exposition David Hockney 2025<\/a> dans la <a href=\"https:\/\/www.fondationlouisvuitton.fr\/fr\" target=\"_blank\" rel=\"noopener\">Fondation Louis Vuitton<\/a> (Paris 16e), je me suis balad\u00e9 dans le <a href=\"https:\/\/www.jardindacclimatation.fr\" target=\"_blank\" rel=\"noopener\">Jardin d\u2019acclimatation<\/a> et j\u2019ai pu admirer cette sculpture monumentale du pop artiste japonais <a href=\"https:\/\/www.instagram.com\/takashipom\/\" target=\"_blank\" rel=\"noopener\">Takashi Murakami<\/a>.<\/strong><\/p>\n<p><img loading=\"lazy\" decoding=\"async\" class=\"aligncenter wp-image-75300\" src=\"https:\/\/www.europesays.com\/fr\/wp-content\/uploads\/2025\/08\/The-flower-parent-and-the-child_Takashi-Murakami_Jardin-dacclimatation_Paris_ete_aout_2025_02.jpg\" alt=\"The flower parent and the child, sculpture, Takashi Murakami, en \u00e9t\u00e9 dans le Jardin d'acclimatation, Paris 16e (75)\" width=\"800\" height=\"600\"\/><\/p>\n<p>Un personnage avec une t\u00eate en forme de grosse marguerite souriante porte un bouquet de fleurs et tient la main d\u2019un enfant qui a aussi un visage de fleur. Ces deux personnages fleurs sont install\u00e9s sur une immense malle monogramm\u00e9e multicolore Louis Vuitton.<\/p>\n<p><img loading=\"lazy\" decoding=\"async\" class=\"aligncenter wp-image-75301\" src=\"https:\/\/www.europesays.com\/fr\/wp-content\/uploads\/2025\/08\/The-flower-parent-and-the-child_Takashi-Murakami_Jardin-dacclimatation_Paris_ete_aout_2025_04.jpg\" alt=\"The flower parent and the child, sculpture, Takashi Murakami, en \u00e9t\u00e9 dans le Jardin d'acclimatation, Paris 16e (75)\" width=\"800\" height=\"600\"\/><\/p>\n<p>La sculpture mesure 13 m de hauteur. Elle a \u00e9t\u00e9 install\u00e9e fin 2024.<\/p>\n<p><img loading=\"lazy\" decoding=\"async\" class=\"aligncenter size-full wp-image-75302\" src=\"https:\/\/www.europesays.com\/fr\/wp-content\/uploads\/2025\/08\/The-flower-parent-and-the-child_Takashi-Murakami_Jardin-dacclimatation_Paris_ete_aout_2025_05.jpg\" alt=\"The flower parent and the child, sculpture, Takashi Murakami, en \u00e9t\u00e9 dans le Jardin d'acclimatation, Paris 16e (75)\" width=\"598\" height=\"797\"\/><\/p>\n<p>Avec le soleil torride de ce mois d\u2019ao\u00fbt, l\u2019or brille de mille feux !<\/p>\n<p><img loading=\"lazy\" decoding=\"async\" class=\"aligncenter wp-image-75303\" src=\"https:\/\/www.europesays.com\/fr\/wp-content\/uploads\/2025\/08\/The-flower-parent-and-the-child_Takashi-Murakami_Jardin-dacclimatation_Paris_ete_aout_2025_06.jpg\" alt=\"The flower parent and the child, sculpture, Takashi Murakami, en \u00e9t\u00e9 dans le Jardin d'acclimatation, Paris 16e (75)\" width=\"800\" height=\"600\"\/><\/p>\n<p>Le vert vif de cette immense pelouse dense et impeccable au c\u0153ur de cet \u00e9t\u00e9 tr\u00e8s chaud est un \u00e9crin de luxe pour cette oeuvre, il est vrai un tantinet bling-bling.<\/p>\n<p><img loading=\"lazy\" decoding=\"async\" class=\"aligncenter wp-image-75304\" src=\"https:\/\/www.europesays.com\/fr\/wp-content\/uploads\/2025\/08\/The-flower-parent-and-the-child_Takashi-Murakami_Jardin-dacclimatation_Paris_ete_aout_2025_03.jpg\" alt=\"The flower parent and the child, sculpture, Takashi Murakami, en \u00e9t\u00e9 dans le Jardin d'acclimatation, Paris 16e (75)\" width=\"800\" height=\"600\"\/><\/p>\n<p><script async src=\"\/\/www.instagram.com\/embed.js\"><\/script><\/p>\n","protected":false},"excerpt":{"rendered":"En sortant de l\u2019exposition David Hockney 2025 dans la Fondation Louis Vuitton (Paris 16e), je me suis balad\u00e9&hellip;\n","protected":false},"author":2,"featured_media":319535,"comment_status":"","ping_status":"","sticky":false,"template":"","format":"standard","meta":{"footnotes":""},"categories":[1888],"tags":[11,3734,1777,674,1011,27,3354,45764,45765,12,626,12973,12974,25,3899,45766],"class_list":{"0":"post-319534","1":"post","2":"type-post","3":"status-publish","4":"format-standard","5":"has-post-thumbnail","7":"category-paris","8":"tag-actualites","9":"tag-art","10":"tag-eu","11":"tag-europe","12":"tag-fr","13":"tag-france","14":"tag-jardin","15":"tag-jardin-dacclimatation","16":"tag-jardin-parisien","17":"tag-news","18":"tag-paris","19":"tag-paris-16e","20":"tag-paris-16eme","21":"tag-republique-francaise","22":"tag-sculpture","23":"tag-takashi-murakami"},"share_on_mastodon":{"url":"https:\/\/pubeurope.com\/@fr\/115029435110688495","error":""},"_links":{"self":[{"href":"https:\/\/www.europesays.com\/fr\/wp-json\/wp\/v2\/posts\/319534","targetHints":{"allow":["GET"]}}],"collection":[{"href":"https:\/\/www.europesays.com\/fr\/wp-json\/wp\/v2\/posts"}],"about":[{"href":"https:\/\/www.europesays.com\/fr\/wp-json\/wp\/v2\/types\/post"}],"author":[{"embeddable":true,"href":"https:\/\/www.europesays.com\/fr\/wp-json\/wp\/v2\/users\/2"}],"replies":[{"embeddable":true,"href":"https:\/\/www.europesays.com\/fr\/wp-json\/wp\/v2\/comments?post=319534"}],"version-history":[{"count":0,"href":"https:\/\/www.europesays.com\/fr\/wp-json\/wp\/v2\/posts\/319534\/revisions"}],"wp:featuredmedia":[{"embeddable":true,"href":"https:\/\/www.europesays.com\/fr\/wp-json\/wp\/v2\/media\/319535"}],"wp:attachment":[{"href":"https:\/\/www.europesays.com\/fr\/wp-json\/wp\/v2\/media?parent=319534"}],"wp:term":[{"taxonomy":"category","embeddable":true,"href":"https:\/\/www.europesays.com\/fr\/wp-json\/wp\/v2\/categories?post=319534"},{"taxonomy":"post_tag","embeddable":true,"href":"https:\/\/www.europesays.com\/fr\/wp-json\/wp\/v2\/tags?post=319534"}],"curies":[{"name":"wp","href":"https:\/\/api.w.org\/{rel}","templated":true}]}}