{"id":319538,"date":"2025-08-14T22:18:11","date_gmt":"2025-08-14T22:18:11","guid":{"rendered":"https:\/\/www.europesays.com\/fr\/319538\/"},"modified":"2025-08-14T22:18:11","modified_gmt":"2025-08-14T22:18:11","slug":"la-ville-de-marioupol-vitrine-de-la-conquete-russe","status":"publish","type":"post","link":"https:\/\/www.europesays.com\/fr\/319538\/","title":{"rendered":"la ville de Marioupol, vitrine de la conqu\u00eate russe"},"content":{"rendered":"<p>            lire plus tard<\/p>\n<p id=\"dialog__title\" class=\"dialog__title\">Pour sauvegarder cet article, connectez-vous ou cr\u00e9ez un compte franceinfo<\/p>\n<p class=\"dialog__description\">Sans paiement. Sans abonnement.<\/p>\n<p>        Fermer la fen\u00eatre d\u2019activation des notifications France Info<\/p>\n<p>            cr\u00e9er votre compte<\/p>\n<p>            se connecter<\/p>\n<p>        Fermer la fen\u00eatre de pr\u00e9sentation<\/p>\n<p>    Publi\u00e9 le 14\/08\/2025 22:19<\/p>\n<p>      Mis \u00e0 jour le 14\/08\/2025 23:38<\/p>\n<p>        Temps de lecture : 2min &#8211; vid\u00e9o : 3min<\/p>\n<p>    <img decoding=\"async\" class=\"francetv-player-wrapper__image\" alt=\"La rencontre entre Donald Trump et Vladimir Poutine de l'appr\u00e9hension en Ukraine o\u00f9 l'on craint de devoir abandonner les territoires et les habitants pass\u00e9s sous contr\u00f4le russe. France 2 s'est rendu \u00e0 Marioupol, occup\u00e9e depuis plus de 3 ans apr\u00e8s un si\u00e8ge qui a fait 22 000 morts d'apr\u00e8s les autorit\u00e9s ukrainiennes.\"  width=\"432\" height=\"243\" src=\"https:\/\/www.europesays.com\/fr\/wp-content\/uploads\/2025\/08\/guerre-en-ukraine-la-ville-de-marioupol-vitrine-de-la-conquete-russe-689e43fc2d5da274315210.jpg\" fetchpriority=\"high\"\/><\/p>\n<p>              La rencontre entre Donald Trump et Vladimir Poutine de l&rsquo;appr\u00e9hension en Ukraine o\u00f9 l&rsquo;on craint de devoir abandonner les territoires et les habitants pass\u00e9s sous contr\u00f4le russe. France 2 s&rsquo;est rendu \u00e0 Marioupol, occup\u00e9e depuis plus de 3 ans apr\u00e8s un si\u00e8ge qui a fait 22 000 morts d&rsquo;apr\u00e8s les autorit\u00e9s ukrainiennes.<br \/>\n                    (France 2)<\/p>\n<p>      3min<\/p>\n<p>\n  La rencontre entre Donald Trump et Vladimir Poutine de l&rsquo;appr\u00e9hension en Ukraine o\u00f9 l&rsquo;on craint de devoir abandonner les territoires et les habitants pass\u00e9s sous contr\u00f4le russe. France 2 s&rsquo;est rendu \u00e0 Marioupol, occup\u00e9e depuis plus de 3 ans apr\u00e8s un si\u00e8ge qui a fait 22 000 morts d&rsquo;apr\u00e8s les autorit\u00e9s ukrainiennes.\n<\/p>\n<p><strong>Ce texte correspond \u00e0 une partie de la retranscription du reportage ci-dessus. Cliquez sur la vid\u00e9o pour la regarder en int\u00e9gralit\u00e9.<\/strong><\/p>\n<p>\u00c0 <a href=\"https:\/\/www.franceinfo.fr\/monde\/europe\/manifestations-en-ukraine\/temoignage-ils-m-ont-terrorisee-emprisonnee-par-l-armee-russe-pendant-six-mois-cette-jeune-soldate-ukrainienne-raconte-sa-detention_7266270.html\" rel=\"nofollow noopener\" target=\"_blank\">Marioupol<\/a>, les drapeaux russes s&rsquo;affichent fi\u00e8rement partout, dans les avenues, sur les fa\u00e7ades officielles ou \u00e0 l&rsquo;entr\u00e9e des magasins. Le th\u00e9\u00e2tre dramatique a retrouv\u00e9 son prestige d&rsquo;autrefois et la vie semble avoir retrouv\u00e9 son cours. \u00ab\u00a0Tout est calme maintenant, mais j&rsquo;ai encore la chair de poule quand j&rsquo;y repense\u00a0\u00bb, livre une habitante.<\/p>\n<p>La ville revient de loin. Au printemps 2022, les combats faisaient rage entre <a href=\"https:\/\/www.franceinfo.fr\/monde\/europe\/manifestations-en-ukraine\/\" rel=\"nofollow noopener\" target=\"_blank\">arm\u00e9es russes et ukrainiennes<\/a>. Le th\u00e9\u00e2tre o\u00f9 se r\u00e9fugiaient des civils avait \u00e9t\u00e9 bombard\u00e9, et la scierie o\u00f9 s&rsquo;\u00e9taient retranch\u00e9s les soldats ukrainiens avait quant \u00e0 elle \u00e9tait ras\u00e9e. Aujourd&rsquo;hui, les traces sont encore bien visibles mais l&rsquo;administration russe s&#8217;empresse de reconstruire \u00e0 tour de bras entre deux ruines. Soixante-cinq immeubles sont d\u00e9j\u00e0 sortis de terre et 1\u00a0200 ont \u00e9t\u00e9 r\u00e9habilit\u00e9s. La nouvelle \u00e9quipe municipale install\u00e9e par Moscou montre volontiers qu&rsquo;elle d\u00e9pense sans compter pour Marioupol<\/p>\n<p>\u00ab\u00a0On voit que les gens reviennent, les gens croient dans leur ville, ils croient en la Russie. Aujourd&rsquo;hui, la ville se redresse\u00a0\u00bb, explique Ivan Atamanov, porte-parole de l&rsquo;administration de Marioupol. Mais cela prend du temps car les r\u00e9novations ne sont parfois que cosm\u00e9tiques et des habitants s&rsquo;impatientent de pouvoir retrouver leur appartement, malgr\u00e9 les bombardements du quartier.<\/p>\n<p>Natalia Marandi n&rsquo;a jamais song\u00e9 \u00e0 quitter son logement, l&rsquo;\u00c9tat a pris en charge la r\u00e9paration des plus gros d\u00e9g\u00e2ts. Mais l&rsquo;appartement n&rsquo;est toujours pas habitable. Et c&rsquo;est bien le seul souci de cette retrait\u00e9e de 74 ans qui se pr\u00e9occupe de savoir si elle sera ukrainienne ou d\u00e9finitivement russe. \u00ab\u00a0Je ne peux pas dire si je suis contre l&rsquo;Ukraine ou pour la Russie. En fait, je n&rsquo;en sais rien. Je suis de Marioupol. Je ne la quitterai jamais. C&rsquo;est ma ville natale\u00a0\u00bb, confie-t-elle.<\/p>\n<p>Dans cette ville, il y a peu de voix dissonantes. \u00ab\u00a0C&rsquo;est inutile d&rsquo;aborder le sujet de notre culture. Ce n&rsquo;est pas la ville o\u00f9 poser la question. Tu ne peux pas dire la v\u00e9rit\u00e9\u00a0\u00bb, regrette une habitante. Mais pour une famille, peu importe la couleur du passeport, la priorit\u00e9 est de voir les trois enfants grandir en paix. \u00ab\u00a0Que tout cela se r\u00e8gle au plus vite et que cette guerre se termine, car elle ne m\u00e8ne \u00e0 rien\u00a0\u00bb, affirme le p\u00e8re. \u00ab\u00a0Apr\u00e8s tout, la Russie reprend ses terres. Si vous regardez l&rsquo;histoire, vous voyez que tout appartenait \u00e0 la Russie.\u00a0\u00bb<\/p>\n<p>Vladimir Poutine a fait de Marioupol la vitrine de la russification des nouveaux territoires conquis. Il promet m\u00eame de faire de cette station baln\u00e9aire jusque-l\u00e0 dormante une nouvelle Riviera qui apportera aux habitants richesse et emploi.<\/p>\n","protected":false},"excerpt":{"rendered":"lire plus tard Pour sauvegarder cet article, connectez-vous ou cr\u00e9ez un compte franceinfo Sans paiement. Sans abonnement. Fermer&hellip;\n","protected":false},"author":2,"featured_media":319539,"comment_status":"","ping_status":"","sticky":false,"template":"","format":"standard","meta":{"footnotes":""},"categories":[1591],"tags":[11,1887,12,1885,1886,132],"class_list":{"0":"post-319538","1":"post","2":"type-post","3":"status-publish","4":"format-standard","5":"has-post-thumbnail","7":"category-russie","8":"tag-actualites","9":"tag-federation-de-russie","10":"tag-news","11":"tag-russia","12":"tag-russian-federation","13":"tag-russie"},"share_on_mastodon":{"url":"https:\/\/pubeurope.com\/@fr\/115029443170874909","error":""},"_links":{"self":[{"href":"https:\/\/www.europesays.com\/fr\/wp-json\/wp\/v2\/posts\/319538","targetHints":{"allow":["GET"]}}],"collection":[{"href":"https:\/\/www.europesays.com\/fr\/wp-json\/wp\/v2\/posts"}],"about":[{"href":"https:\/\/www.europesays.com\/fr\/wp-json\/wp\/v2\/types\/post"}],"author":[{"embeddable":true,"href":"https:\/\/www.europesays.com\/fr\/wp-json\/wp\/v2\/users\/2"}],"replies":[{"embeddable":true,"href":"https:\/\/www.europesays.com\/fr\/wp-json\/wp\/v2\/comments?post=319538"}],"version-history":[{"count":0,"href":"https:\/\/www.europesays.com\/fr\/wp-json\/wp\/v2\/posts\/319538\/revisions"}],"wp:featuredmedia":[{"embeddable":true,"href":"https:\/\/www.europesays.com\/fr\/wp-json\/wp\/v2\/media\/319539"}],"wp:attachment":[{"href":"https:\/\/www.europesays.com\/fr\/wp-json\/wp\/v2\/media?parent=319538"}],"wp:term":[{"taxonomy":"category","embeddable":true,"href":"https:\/\/www.europesays.com\/fr\/wp-json\/wp\/v2\/categories?post=319538"},{"taxonomy":"post_tag","embeddable":true,"href":"https:\/\/www.europesays.com\/fr\/wp-json\/wp\/v2\/tags?post=319538"}],"curies":[{"name":"wp","href":"https:\/\/api.w.org\/{rel}","templated":true}]}}