{"id":319542,"date":"2025-08-14T22:20:11","date_gmt":"2025-08-14T22:20:11","guid":{"rendered":"https:\/\/www.europesays.com\/fr\/319542\/"},"modified":"2025-08-14T22:20:11","modified_gmt":"2025-08-14T22:20:11","slug":"les-etats-unis-deploient-des-forces-militaires-dans-le-sud-des-caraibes-contre-les-groupes-de-narcotrafiquants","status":"publish","type":"post","link":"https:\/\/www.europesays.com\/fr\/319542\/","title":{"rendered":"Les \u00c9tats-Unis d\u00e9ploient des forces militaires dans le sud des Cara\u00efbes contre les groupes de narcotrafiquants"},"content":{"rendered":"<p>Les \u00c9tats-Unis ont ordonn\u00e9 le d\u00e9ploiement de forces a\u00e9riennes et navales dans la mer des Cara\u00efbes m\u00e9ridionale afin de r\u00e9pondre aux menaces pos\u00e9es par les cartels de la drogue d&rsquo;Am\u00e9rique latine, ont indiqu\u00e9 jeudi \u00e0 Reuters trois sources inform\u00e9es de la d\u00e9cision.<\/p>\n<p>Le pr\u00e9sident Donald Trump souhaite mobiliser l&rsquo;arm\u00e9e pour cibler les gangs de la drogue latino-am\u00e9ricains, d\u00e9sormais class\u00e9s comme organisations terroristes mondiales. Le Pentagone a re\u00e7u pour instruction de pr\u00e9parer diff\u00e9rentes options d&rsquo;intervention.<\/p>\n<p>Un responsable am\u00e9ricain, s&rsquo;exprimant sous couvert d&rsquo;anonymat, a pr\u00e9cis\u00e9 que ce renforcement militaire comprendrait plusieurs avions de surveillance P-8, au moins un navire de guerre et au moins un sous-marin d&rsquo;attaque.<\/p>\n<p>Selon ce responsable, l&rsquo;op\u00e9ration devrait se poursuivre pendant plusieurs mois et les forces engag\u00e9es op\u00e9reront dans l&rsquo;espace a\u00e9rien et les eaux internationales.<\/p>\n<p>Les moyens navals d\u00e9ploy\u00e9s ne serviront pas uniquement \u00e0 des op\u00e9rations de renseignement et de surveillance, mais pourraient \u00e9galement \u00eatre utilis\u00e9s comme plateforme pour des frappes cibl\u00e9es si une telle d\u00e9cision \u00e9tait prise, a-t-il ajout\u00e9.<\/p>\n<p>La lutte contre les cartels de la drogue est devenue l&rsquo;un des objectifs centraux de l&rsquo;administration Trump, dans le cadre d&rsquo;un effort plus large visant \u00e0 limiter l&rsquo;immigration et \u00e0 s\u00e9curiser la fronti\u00e8re sud des \u00c9tats-Unis.<\/p>\n<p>Ces derniers mois, l&rsquo;administration Trump avait d\u00e9j\u00e0 d\u00e9ploy\u00e9 au moins deux navires de guerre pour renforcer la s\u00e9curit\u00e9 aux fronti\u00e8res et lutter contre le trafic de stup\u00e9fiants.<\/p>\n<p>\u00ab Ce d\u00e9ploiement vise \u00e0 r\u00e9pondre aux menaces pesant sur la s\u00e9curit\u00e9 nationale am\u00e9ricaine de la part d&rsquo;organisations narco-terroristes sp\u00e9cialement d\u00e9sign\u00e9es dans la r\u00e9gion \u00bb, a d\u00e9clar\u00e9 l&rsquo;une des sources.<\/p>\n<p>En f\u00e9vrier, l&rsquo;administration Trump a class\u00e9 le cartel mexicain de Sinaloa et d&rsquo;autres groupes de trafiquants, ainsi que le groupe criminel v\u00e9n\u00e9zu\u00e9lien Tren de Aragua, parmi les organisations terroristes mondiales, alors que le pr\u00e9sident intensifiait la lutte contre l&rsquo;immigration clandestine li\u00e9e \u00e0 des membres pr\u00e9sum\u00e9s de gangs.<\/p>\n<p>L&rsquo;arm\u00e9e am\u00e9ricaine a d\u00e9j\u00e0 renforc\u00e9 sa surveillance a\u00e9rienne des cartels mexicains afin de recueillir des renseignements pour d\u00e9terminer la meilleure strat\u00e9gie \u00e0 adopter contre leurs activit\u00e9s. L&rsquo;administration Trump avait d\u00e9j\u00e0, ces derniers mois, d\u00e9ploy\u00e9 au moins deux navires de guerre pour soutenir les efforts de s\u00e9curisation de la fronti\u00e8re et de lutte contre le trafic de drogue.<\/p>\n<p>Trump avait auparavant propos\u00e9 d&rsquo;envoyer des troupes am\u00e9ricaines au Mexique pour aider \u00e0 combattre le trafic de drogue, une offre que le gouvernement mexicain affirme avoir refus\u00e9e.<\/p>\n","protected":false},"excerpt":{"rendered":"Les \u00c9tats-Unis ont ordonn\u00e9 le d\u00e9ploiement de forces a\u00e9riennes et navales dans la mer des Cara\u00efbes m\u00e9ridionale afin&hellip;\n","protected":false},"author":2,"featured_media":319543,"comment_status":"","ping_status":"","sticky":false,"template":"","format":"standard","meta":{"footnotes":""},"categories":[1589],"tags":[11,340,73,1866,12,1864,1865,1863,308],"class_list":{"0":"post-319542","1":"post","2":"type-post","3":"status-publish","4":"format-standard","5":"has-post-thumbnail","7":"category-etats-unis","8":"tag-actualites","9":"tag-bourse","10":"tag-etats-unis","11":"tag-etats-unis-damerique","12":"tag-news","13":"tag-united-states","14":"tag-united-states-of-america","15":"tag-us","16":"tag-usa"},"share_on_mastodon":{"url":"https:\/\/pubeurope.com\/@fr\/115029450752512984","error":""},"_links":{"self":[{"href":"https:\/\/www.europesays.com\/fr\/wp-json\/wp\/v2\/posts\/319542","targetHints":{"allow":["GET"]}}],"collection":[{"href":"https:\/\/www.europesays.com\/fr\/wp-json\/wp\/v2\/posts"}],"about":[{"href":"https:\/\/www.europesays.com\/fr\/wp-json\/wp\/v2\/types\/post"}],"author":[{"embeddable":true,"href":"https:\/\/www.europesays.com\/fr\/wp-json\/wp\/v2\/users\/2"}],"replies":[{"embeddable":true,"href":"https:\/\/www.europesays.com\/fr\/wp-json\/wp\/v2\/comments?post=319542"}],"version-history":[{"count":0,"href":"https:\/\/www.europesays.com\/fr\/wp-json\/wp\/v2\/posts\/319542\/revisions"}],"wp:featuredmedia":[{"embeddable":true,"href":"https:\/\/www.europesays.com\/fr\/wp-json\/wp\/v2\/media\/319543"}],"wp:attachment":[{"href":"https:\/\/www.europesays.com\/fr\/wp-json\/wp\/v2\/media?parent=319542"}],"wp:term":[{"taxonomy":"category","embeddable":true,"href":"https:\/\/www.europesays.com\/fr\/wp-json\/wp\/v2\/categories?post=319542"},{"taxonomy":"post_tag","embeddable":true,"href":"https:\/\/www.europesays.com\/fr\/wp-json\/wp\/v2\/tags?post=319542"}],"curies":[{"name":"wp","href":"https:\/\/api.w.org\/{rel}","templated":true}]}}