{"id":319550,"date":"2025-08-14T22:24:18","date_gmt":"2025-08-14T22:24:18","guid":{"rendered":"https:\/\/www.europesays.com\/fr\/319550\/"},"modified":"2025-08-14T22:24:18","modified_gmt":"2025-08-14T22:24:18","slug":"lucile-lamour-est-dans-le-pre-blessee-dans-son-jardin-elle-a-craint-le-pire","status":"publish","type":"post","link":"https:\/\/www.europesays.com\/fr\/319550\/","title":{"rendered":"Lucile (L&rsquo;amour est dans le pr\u00e9) bless\u00e9e dans son jardin, elle a craint le pire"},"content":{"rendered":"<p>Plus de peur que de mal pour Lucile (L&rsquo;amour est dans le pr\u00e9) ! La compagne de J\u00e9r\u00f4me qui attend son troisi\u00e8me enfant a indiqu\u00e9 sur son compte Instagram, ce jeudi 14 ao\u00fbt, qu&rsquo;elle s&rsquo;\u00e9tait bless\u00e9e \u00e0 la cheville dans son jardin. De quoi lui faire craindre le pire alors qu&rsquo;elle attend son troisi\u00e8me b\u00e9b\u00e9 !<\/p>\n<p>Lucile et J\u00e9r\u00f4me ont annonc\u00e9 la nouvelle, il y a quelques mois ! <a href=\"https:\/\/www.programme-tv.net\/news\/people\/379003-complique-de-vous-le-cacher-plus-longtemps-lucile-et-jerome-l-amour-est-dans-le-pre-bientot-parents-pour-la-troisieme-fois-video\/\" data-api-deeplink=\"teleloisirs:\/\/news\/379003\" target=\"_blank\" rel=\"noopener\">Les parents combl\u00e9s d&rsquo;Adonis et Capucine attendent leur troisi\u00e8me enfant<\/a>.<a href=\"https:\/\/www.programme-tv.net\/news\/tv\/369106-cette-idee-ne-vous-lachera-donc-jamais-lucile-l-amour-est-dans-le-pre-agacee-par-une-question-recurrente-sur-son-couple-avec-jerome\/\" data-api-deeplink=\"teleloisirs:\/\/news\/369106\" target=\"_blank\" rel=\"noopener\"> <\/a>Le couple qui s&rsquo;\u00e9tait rencontr\u00e9 dans la saison 15 de L&rsquo;amour est dans le pr\u00e9 <a href=\"https:\/\/www.programme-tv.net\/news\/tv\/369106-cette-idee-ne-vous-lachera-donc-jamais-lucile-l-amour-est-dans-le-pre-agacee-par-une-question-recurrente-sur-son-couple-avec-jerome\/\" data-api-deeplink=\"teleloisirs:\/\/news\/369106\" target=\"_blank\" rel=\"noopener\">s&rsquo;\u00e9tait pourtant jur\u00e9 de s&rsquo;arr\u00eater \u00e0 deux bambins<\/a>. \u00ab\u00a0Ce n&rsquo;\u00e9tait pas du tout pr\u00e9vu parce qu&rsquo;effectivement, nous avons toujours dit deux, c&rsquo;est tr\u00e8s, tr\u00e8s bien et on \u00e9tait dans cette optique je vous rassure et puis, il y a des gens comme nous qui ont l&rsquo;air beaucoup trop compatibles donc petit b\u00e9b\u00e9 surprise qui est arriv\u00e9, mais on est tr\u00e8s content, on va beaucoup l&rsquo;aimer\u00a0\u00bb, s&rsquo;\u00e9tait-elle expliqu\u00e9e<a href=\"https:\/\/www.programme-tv.net\/news\/people\/379477-petit-bebe-surprise-lucile-l-amour-est-dans-le-pre-explique-pourquoi-sa-troisieme-grossesse-avec-jerome-n-etait-pas-prevue\/\" data-api-deeplink=\"teleloisirs:\/\/news\/379477\" target=\"_blank\" rel=\"noopener\"> sur l&rsquo;arriv\u00e9e inattendue du petit troisi\u00e8me<\/a>. Depuis la mara\u00eech\u00e8re a r\u00e9v\u00e9l\u00e9<a href=\"https:\/\/www.programme-tv.net\/news\/people\/383931-ce-sera-donc-enceinte-lucile-l-amour-est-dans-le-pre-devoile-le-sexe-de-son-3e-enfant-dans-une-adorable-video-de-famille-avec-jerome\/\" data-api-deeplink=\"teleloisirs:\/\/news\/383931\" target=\"_blank\" rel=\"noopener\"> qu&rsquo;elle attendait une deuxi\u00e8me petite fille<\/a>. \u00ab\u00a0Capucine est ravie, elle voulait une petite s\u0153ur. Doudou reste le petit gars \u00e0 sa maman et son papa\u00a0\u00bb, avait-elle r\u00e9agi.<\/p>\n<p>                        Lucile (L&rsquo;amour est dans le pr\u00e9) s&rsquo;est fait \u00ab\u00a0bien mal\u00a0\u00bb en se tordant la cheville, de quoi lui faire craindre le pire !<\/p>\n<p>R\u00e9guli\u00e8rement,<a href=\"https:\/\/www.programme-tv.net\/news\/people\/385137-capucine-a-vraiment-hate-lucile-lamour-est-dans-le-pre-enceinte-de-six-mois-donne-des-nouvelles-de-sa-grossesse\/\" data-api-deeplink=\"teleloisirs:\/\/news\/385137\" target=\"_blank\" rel=\"noopener\"> Lucile donne des nouvelles de sa grossesse sur Instagram, o\u00f9 elle est tr\u00e8s active<\/a>. \u00ab\u00a0Le sixi\u00e8me mois s&rsquo;\u00e9coule tranquillement, Capucine a vraiment h\u00e2te de devenir \u00e0 nouveau grande s\u0153ur. Parrain est venu nous rendre visite et on a pass\u00e9 un super week-end dans le Jura avec nos copains de L&rsquo;amour est dans le pr\u00e9\u00a0\u00bb, a-t-elle r\u00e9sum\u00e9, il y a quelques jours. Ce jeudi 14 ao\u00fbt, la future maman a pass\u00e9 le test de glyc\u00e9mie auquel se pr\u00eate beaucoup de femmes enceintes. Si elle a \u00e9t\u00e9 fatigu\u00e9e par l&rsquo;examen, elle a rassur\u00e9, \u00ab\u00a0tout va bien\u00a0\u00bb. Mais Lucile s&rsquo;est malgr\u00e9 tout fait une petite frayeur en \u00ab\u00a0se tordant la cheville dans le jardin\u00a0\u00bb. <b>\u00ab\u00a0Je me suis fait bien mal, mais \u00e7a a l&rsquo;air de se calmer. On a eu bien peur, parce que, comme j&rsquo;ai eu assez mal sur le coup, je me suis dit <\/b><b>&lsquo;oulala, les probl\u00e8mes&rsquo;<\/b><b>\u00ab\u00a0,<\/b> a-t-elle racont\u00e9. Mais la compagne de J\u00e9r\u00f4me arrive \u00e0 marcher, ce qui l&rsquo;a rassur\u00e9e. \u00ab\u00a0C&rsquo;est l&rsquo;essentiel\u00a0\u00bb, a indiqu\u00e9 la maman tr\u00e8s active. \u00ab\u00a0Un peu de fatigu\u00e9e ces deux derniers jours, mais tout va bien\u00a0\u00bb, a-t-elle r\u00e9sum\u00e9 la situation actuelle.<\/p>\n<p>            Lucile (L&rsquo;amour est dans le pr\u00e9) \u00e9mue par la complicit\u00e9 qui lie ses deux enfants, Capucine et Adonis<\/p>\n<p>Lucile avait t\u00e9moign\u00e9 sur son compte Instagram de<a href=\"https:\/\/www.programme-tv.net\/news\/tv\/384888-la-relation-la-plus-importante-de-leur-vie-lucile-l-amour-est-dans-le-pre-emue-en-evoquant-l-immense-complicite-de-ses-deux-enfants\/\" data-api-deeplink=\"teleloisirs:\/\/news\/384888\" target=\"_blank\" rel=\"noopener\"> l&rsquo;immense complicit\u00e9 qui unit ses deux a\u00een\u00e9s, Capucine et Adonis<\/a>. \u00ab\u00a0J\u2019ai d\u00fb pleurer 20 fois en faisant ce r\u00e9el\u2026 La relation la plus importante dans leurs vies\u00a0\u00bb, avait-elle \u00e9crit sur le r\u00e9seau social, en l\u00e9gende d&rsquo;une vid\u00e9o tr\u00e8s touchante des instants partag\u00e9s par ses deux petits bouts de chou.<\/p>\n","protected":false},"excerpt":{"rendered":"Plus de peur que de mal pour Lucile (L&rsquo;amour est dans le pr\u00e9) ! La compagne de J\u00e9r\u00f4me&hellip;\n","protected":false},"author":2,"featured_media":319551,"comment_status":"","ping_status":"","sticky":false,"template":"","format":"standard","meta":{"footnotes":""},"categories":[1586],"tags":[11,244,1777,674,1779,1011,27,16067,7988,16066,12,25,1778,364,1630],"class_list":{"0":"post-319550","1":"post","2":"type-post","3":"status-publish","4":"format-standard","5":"has-post-thumbnail","7":"category-europe","8":"tag-actualites","9":"tag-commentaire","10":"tag-eu","11":"tag-europe","12":"tag-european-union","13":"tag-fr","14":"tag-france","15":"tag-ju00e9ru00f4me-lamour-est-dans-le-pru00e9-15","16":"tag-lamour-est-dans-le-pru00e9","17":"tag-lucile-lamour-est-dans-le-pru00e9-15","18":"tag-news","19":"tag-republique-francaise","20":"tag-ue","21":"tag-union-europeenne","22":"tag-zapping"},"share_on_mastodon":{"url":"https:\/\/pubeurope.com\/@fr\/115029466396219597","error":""},"_links":{"self":[{"href":"https:\/\/www.europesays.com\/fr\/wp-json\/wp\/v2\/posts\/319550","targetHints":{"allow":["GET"]}}],"collection":[{"href":"https:\/\/www.europesays.com\/fr\/wp-json\/wp\/v2\/posts"}],"about":[{"href":"https:\/\/www.europesays.com\/fr\/wp-json\/wp\/v2\/types\/post"}],"author":[{"embeddable":true,"href":"https:\/\/www.europesays.com\/fr\/wp-json\/wp\/v2\/users\/2"}],"replies":[{"embeddable":true,"href":"https:\/\/www.europesays.com\/fr\/wp-json\/wp\/v2\/comments?post=319550"}],"version-history":[{"count":0,"href":"https:\/\/www.europesays.com\/fr\/wp-json\/wp\/v2\/posts\/319550\/revisions"}],"wp:featuredmedia":[{"embeddable":true,"href":"https:\/\/www.europesays.com\/fr\/wp-json\/wp\/v2\/media\/319551"}],"wp:attachment":[{"href":"https:\/\/www.europesays.com\/fr\/wp-json\/wp\/v2\/media?parent=319550"}],"wp:term":[{"taxonomy":"category","embeddable":true,"href":"https:\/\/www.europesays.com\/fr\/wp-json\/wp\/v2\/categories?post=319550"},{"taxonomy":"post_tag","embeddable":true,"href":"https:\/\/www.europesays.com\/fr\/wp-json\/wp\/v2\/tags?post=319550"}],"curies":[{"name":"wp","href":"https:\/\/api.w.org\/{rel}","templated":true}]}}