{"id":319560,"date":"2025-08-14T22:30:15","date_gmt":"2025-08-14T22:30:15","guid":{"rendered":"https:\/\/www.europesays.com\/fr\/319560\/"},"modified":"2025-08-14T22:30:15","modified_gmt":"2025-08-14T22:30:15","slug":"le-stade-toulousain-va-offrir-un-veritable-ecrin-a-ses-supporters-pour-un-montant-de-20-millions-deuros","status":"publish","type":"post","link":"https:\/\/www.europesays.com\/fr\/319560\/","title":{"rendered":"Le Stade-Toulousain va offrir un v\u00e9ritable \u00e9crin \u00e0 ses supporters pour un montant de&#8230; 20 millions d&rsquo;euros !"},"content":{"rendered":"<p>Avec ses 24 Boucliers de Brennus, une popularit\u00e9 nationale hors norme et une armada d\u2019internationaux, le Stade Toulousain survole la concurrence sur bien des terrains\u2026 sauf un : la capacit\u00e9 de son stade.<\/p>\n<p>Ernest-Wallon, temple des Rouge et Noir, ne peut accueillir que 19 000 spectateurs. Un chiffre qui fait p\u00e2le figure face \u00e0 l\u2019engouement du public.<\/p>\n<p>En 2024-2025, chaque match \u00e0 domicile s\u2019est jou\u00e9 \u00e0 guichets ferm\u00e9s, loin derri\u00e8re les affluences records de Bordeaux-B\u00e8gles (32 864) ou m\u00eame de Lyon et Toulon (17 900 et 18 463).<\/p>\n<p>Avec 12 146 abonn\u00e9s pour 19 000 places, l\u2019offre ne suffit plus \u00e0 la demande d\u2019une m\u00e9tropole qui compte plus d\u2019un demi-million d\u2019habitants.<\/p>\n<p><strong>Vers un stade de 25 000 places<\/strong><\/p>\n<p>Depuis plusieurs saisons, la direction du club et les \u00e9lus locaux travaillent sur un projet d\u2019agrandissement, comme l\u2019explique Midi Olympique dans son \u00e9dition du jour.<\/p>\n<p>L\u2019objectif : porter la capacit\u00e9 \u00e0 25 000 places pour mieux r\u00e9pondre \u00e0 la ferveur du public et aux exigences d\u2019un club de ce calibre.<\/p>\n<p>La mairie de Toulouse, propri\u00e9taire de l\u2019enceinte, a d\u00e9j\u00e0 inscrit cette extension dans ses priorit\u00e9s. En 2024, un engagement financier d\u2019environ 20 millions d\u2019euros a \u00e9t\u00e9 act\u00e9 pour financer l\u2019\u00e9tude et les premiers travaux.<\/p>\n<p>Mais la r\u00e9alisation prendra du temps : le club, la Ville et Toulouse M\u00e9tropole visent un d\u00e9marrage du chantier en 2026, le temps de concilier ce projet avec d\u2019autres grands travaux sportifs, notamment autour du Stadium et du TFC.<\/p>\n<p>Didier Lacroix, pr\u00e9sident du Stade Toulousain, plaide depuis longtemps pour un \u00e9crin plus grand afin de ne pas laisser des milliers de supporters sur le carreau \u00e0 chaque match. Si le calendrier est tenu, Toulouse pourrait enfin offrir \u00e0 ses fans un stade \u00e0 la hauteur de ses ambitions d\u00e8s la fin de la d\u00e9cennie.<\/p>\n","protected":false},"excerpt":{"rendered":"Avec ses 24 Boucliers de Brennus, une popularit\u00e9 nationale hors norme et une armada d\u2019internationaux, le Stade Toulousain&hellip;\n","protected":false},"author":2,"featured_media":233574,"comment_status":"","ping_status":"","sticky":false,"template":"","format":"standard","meta":{"footnotes":""},"categories":[1416],"tags":[1011,27,479,1468,60],"class_list":{"0":"post-319560","1":"post","2":"type-post","3":"status-publish","4":"format-standard","5":"has-post-thumbnail","7":"category-rugby","8":"tag-fr","9":"tag-france","10":"tag-rugby","11":"tag-rugby-football","12":"tag-sports"},"share_on_mastodon":{"url":"https:\/\/pubeurope.com\/@fr\/115029490005931333","error":""},"_links":{"self":[{"href":"https:\/\/www.europesays.com\/fr\/wp-json\/wp\/v2\/posts\/319560","targetHints":{"allow":["GET"]}}],"collection":[{"href":"https:\/\/www.europesays.com\/fr\/wp-json\/wp\/v2\/posts"}],"about":[{"href":"https:\/\/www.europesays.com\/fr\/wp-json\/wp\/v2\/types\/post"}],"author":[{"embeddable":true,"href":"https:\/\/www.europesays.com\/fr\/wp-json\/wp\/v2\/users\/2"}],"replies":[{"embeddable":true,"href":"https:\/\/www.europesays.com\/fr\/wp-json\/wp\/v2\/comments?post=319560"}],"version-history":[{"count":0,"href":"https:\/\/www.europesays.com\/fr\/wp-json\/wp\/v2\/posts\/319560\/revisions"}],"wp:featuredmedia":[{"embeddable":true,"href":"https:\/\/www.europesays.com\/fr\/wp-json\/wp\/v2\/media\/233574"}],"wp:attachment":[{"href":"https:\/\/www.europesays.com\/fr\/wp-json\/wp\/v2\/media?parent=319560"}],"wp:term":[{"taxonomy":"category","embeddable":true,"href":"https:\/\/www.europesays.com\/fr\/wp-json\/wp\/v2\/categories?post=319560"},{"taxonomy":"post_tag","embeddable":true,"href":"https:\/\/www.europesays.com\/fr\/wp-json\/wp\/v2\/tags?post=319560"}],"curies":[{"name":"wp","href":"https:\/\/api.w.org\/{rel}","templated":true}]}}