{"id":319561,"date":"2025-08-14T22:31:11","date_gmt":"2025-08-14T22:31:11","guid":{"rendered":"https:\/\/www.europesays.com\/fr\/319561\/"},"modified":"2025-08-14T22:31:11","modified_gmt":"2025-08-14T22:31:11","slug":"atp-cincinnati-lanecdote-amusante-de-rublev-apres-sa-qualification-en-quart-de-finale-jetais-sur-que-jaurais-au-moins-un-jour-pour-me-detendre-et-mon-entraineur-ma-dit-non-tu-joues-demai","status":"publish","type":"post","link":"https:\/\/www.europesays.com\/fr\/319561\/","title":{"rendered":"ATP &#8211; Cincinnati > L&rsquo;anecdote amusante de Rublev, apr\u00e8s sa qualification en quart de finale : \u00ab\u00a0J&rsquo;\u00e9tais s\u00fbr que j&rsquo;aurais au moins un jour pour me d\u00e9tendre, et mon entra\u00eeneur m&rsquo;a dit &lsquo;non tu joues demain&rsquo;, et j&rsquo;\u00e9tais genre : &lsquo;pas question&rsquo;. Et c&rsquo;est reparti, sans m\u00eame me laisser le temps de respirer\u00a0\u00bb"},"content":{"rendered":"<p>Apr\u00e8s son match mara\u00adthon de 3 h 28 contre Alexei Popyrin (7\u22126, 6\u20137, 5\u20137), Andrey Rublev \u00e9tait surpris d\u2019en\u00adcha\u00eener avec les huiti\u00e8mes de finale sans un jour de repos. Du moins, c\u2019est ce que le onzi\u00e8me joueur mondial rapporte sur le court, apr\u00e8s sa victoire facile contre Francisco Comesana (6\u22122, 6\u20133).<\/p>\n<blockquote class=\"twitter-tweet\">\n<p lang=\"en\" dir=\"ltr\">\u00ab\u202fand we were going to the hotel back in the car and my coach is telling me no you\u2019re playing tmmr i was like no way\u202f\u00bb <\/p>\n<p>he\u2019s just like me i thought they\u2019d have a day off too \ud83d\ude2d <a href=\"https:\/\/t.co\/InmUyxvU1b\" data-wpel-link=\"external\" target=\"_blank\" rel=\"nofollow external noopener\">pic.twitter.com\/InmUyxvU1b<\/a><\/p>\n<p>\u2014 i (@atpobsessed) <a href=\"https:\/\/twitter.com\/atpobsessed\/status\/1955817529399505078?ref_src=twsrc%5Etfw\" data-wpel-link=\"external\" target=\"_blank\" rel=\"nofollow external noopener\">August 14,\u00a02025<\/a><\/p><\/blockquote>\n<p><strong>\u00ab\u202fJe ne savais pas que j\u2019al\u00adlais jouer aujourd\u2019hui, parce qu\u2019\u00e0 Toronto, ils jouent jusqu\u2019aux quarts de finale avec un jour de repos entre les deux, alors j\u2019\u00e9tais s\u00fbr que j\u2019au\u00adrais au moins un jour pour me d\u00e9tendre apr\u00e8s ce match diffi\u00adcile, un jour de repos, parfait, et puis on est retourn\u00e9s \u00e0 l\u2019h\u00f4tel en voiture et mon entra\u00ee\u00adneur m\u2019a dit\u202f; \u00ab\u202fnon, tu joues demain\u202f\u00bb, et j\u2019\u00e9tais genre\u00a0: \u00ab\u202fpas ques\u00adtion\u202f\u00bb. Et c\u2019est reparti, sans m\u00eame me laisser le temps de respirer\u202f\u00bb.<\/strong><\/p>\n<p>Ce vendredi, le Russe croi\u00adsera la route de Carlos Alcaraz pour tenter de rallier le dernier carr\u00e9 du Masters 1000 de Cincinnati.<\/p>\n<p class=\"post-published-date\" style=\"color: silver; font-size: 75%; text-align: left;\">Publi\u00e9 le jeudi 14 ao\u00fbt 2025 \u00e0 18:15<\/p>\n<p><script async src=\"https:\/\/platform.twitter.com\/widgets.js\" charset=\"utf-8\"><\/script><\/p>\n","protected":false},"excerpt":{"rendered":"Apr\u00e8s son match mara\u00adthon de 3 h 28 contre Alexei Popyrin (7\u22126, 6\u20137, 5\u20137), Andrey Rublev \u00e9tait surpris&hellip;\n","protected":false},"author":2,"featured_media":317901,"comment_status":"","ping_status":"","sticky":false,"template":"","format":"standard","meta":{"footnotes":""},"categories":[1415],"tags":[1744,1011,27,60,1467],"class_list":{"0":"post-319561","1":"post","2":"type-post","3":"status-publish","4":"format-standard","5":"has-post-thumbnail","7":"category-tennis","8":"tag-alcaraz","9":"tag-fr","10":"tag-france","11":"tag-sports","12":"tag-tennis"},"share_on_mastodon":{"url":"https:\/\/pubeurope.com\/@fr\/115029493865705239","error":""},"_links":{"self":[{"href":"https:\/\/www.europesays.com\/fr\/wp-json\/wp\/v2\/posts\/319561","targetHints":{"allow":["GET"]}}],"collection":[{"href":"https:\/\/www.europesays.com\/fr\/wp-json\/wp\/v2\/posts"}],"about":[{"href":"https:\/\/www.europesays.com\/fr\/wp-json\/wp\/v2\/types\/post"}],"author":[{"embeddable":true,"href":"https:\/\/www.europesays.com\/fr\/wp-json\/wp\/v2\/users\/2"}],"replies":[{"embeddable":true,"href":"https:\/\/www.europesays.com\/fr\/wp-json\/wp\/v2\/comments?post=319561"}],"version-history":[{"count":0,"href":"https:\/\/www.europesays.com\/fr\/wp-json\/wp\/v2\/posts\/319561\/revisions"}],"wp:featuredmedia":[{"embeddable":true,"href":"https:\/\/www.europesays.com\/fr\/wp-json\/wp\/v2\/media\/317901"}],"wp:attachment":[{"href":"https:\/\/www.europesays.com\/fr\/wp-json\/wp\/v2\/media?parent=319561"}],"wp:term":[{"taxonomy":"category","embeddable":true,"href":"https:\/\/www.europesays.com\/fr\/wp-json\/wp\/v2\/categories?post=319561"},{"taxonomy":"post_tag","embeddable":true,"href":"https:\/\/www.europesays.com\/fr\/wp-json\/wp\/v2\/tags?post=319561"}],"curies":[{"name":"wp","href":"https:\/\/api.w.org\/{rel}","templated":true}]}}