{"id":319564,"date":"2025-08-14T22:34:20","date_gmt":"2025-08-14T22:34:20","guid":{"rendered":"https:\/\/www.europesays.com\/fr\/319564\/"},"modified":"2025-08-14T22:34:20","modified_gmt":"2025-08-14T22:34:20","slug":"le-gardien-turc-berke-ozer-signe-a-lille-pour-remplacer-lucas-chevalier","status":"publish","type":"post","link":"https:\/\/www.europesays.com\/fr\/319564\/","title":{"rendered":"le gardien turc Berke \u00d6zer signe \u00e0 Lille pour remplacer Lucas Chevalier"},"content":{"rendered":"<p class=\"fig-paragraph\">Quelques jours apr\u00e8s avoir vendu son gardien Lucas Chevalier \u00e0 Paris, Lille a annonc\u00e9 jeudi le recrutement de son rempla\u00e7ant, l&rsquo;international turc Berke \u00d6zer qui s&rsquo;est engag\u00e9 au Losc pour quatre saisons. Le joueur de 25 ans \u00e9voluait jusqu&rsquo;\u00e0 pr\u00e9sent \u00e0 Ey\u00fcpspor, club stambouliote o\u00f9 il s&rsquo;est r\u00e9v\u00e9l\u00e9 jusqu&rsquo;\u00e0 obtenir ses deux premi\u00e8res s\u00e9lections avec l&rsquo;\u00e9quipe nationale.<\/p>\n<p class=\"fig-paragraph\">Il devrait occuper le poste de gardien titulaire dans les cages des Dogues apr\u00e8s le d\u00e9part de Chevalier au Paris Saint-Germain samedi, tandis qu&rsquo;Arnaud Bodart, \u00e9galement arriv\u00e9 cet \u00e9t\u00e9, devrait \u00eatre le N.2. Lille va affronter Brest dimanche (15h00) pour la premi\u00e8re journ\u00e9e de Ligue 1. \u00d6zer rejoint un club o\u00f9 ont brill\u00e9 ses compatriotes Yusuf Yazici, Zeki \u00c7elik et Burak Yilmaz, champions de France en 2021.<\/p>\n","protected":false},"excerpt":{"rendered":"Quelques jours apr\u00e8s avoir vendu son gardien Lucas Chevalier \u00e0 Paris, Lille a annonc\u00e9 jeudi le recrutement de&hellip;\n","protected":false},"author":2,"featured_media":319565,"comment_status":"","ping_status":"","sticky":false,"template":"","format":"standard","meta":{"footnotes":""},"categories":[1412],"tags":[69,2261,1451,63,1452,1453,1454,1455,1011,27,3309,6201,453,66,446,1434,70,67,60,969,10662],"class_list":{"0":"post-319564","1":"post","2":"type-post","3":"status-publish","4":"format-standard","5":"has-post-thumbnail","7":"category-f1","8":"tag-bundesliga","9":"tag-calcio","10":"tag-f1","11":"tag-football","12":"tag-formula-1","13":"tag-formula1","14":"tag-formule-1","15":"tag-formule1","16":"tag-fr","17":"tag-france","18":"tag-l1","19":"tag-l2","20":"tag-liga","21":"tag-ligue-1","22":"tag-ligue-2","23":"tag-mercato","24":"tag-premier-league","25":"tag-serie-a","26":"tag-sports","27":"tag-transfert","28":"tag-transferts"},"share_on_mastodon":{"url":"https:\/\/pubeurope.com\/@fr\/115029505777272920","error":""},"_links":{"self":[{"href":"https:\/\/www.europesays.com\/fr\/wp-json\/wp\/v2\/posts\/319564","targetHints":{"allow":["GET"]}}],"collection":[{"href":"https:\/\/www.europesays.com\/fr\/wp-json\/wp\/v2\/posts"}],"about":[{"href":"https:\/\/www.europesays.com\/fr\/wp-json\/wp\/v2\/types\/post"}],"author":[{"embeddable":true,"href":"https:\/\/www.europesays.com\/fr\/wp-json\/wp\/v2\/users\/2"}],"replies":[{"embeddable":true,"href":"https:\/\/www.europesays.com\/fr\/wp-json\/wp\/v2\/comments?post=319564"}],"version-history":[{"count":0,"href":"https:\/\/www.europesays.com\/fr\/wp-json\/wp\/v2\/posts\/319564\/revisions"}],"wp:featuredmedia":[{"embeddable":true,"href":"https:\/\/www.europesays.com\/fr\/wp-json\/wp\/v2\/media\/319565"}],"wp:attachment":[{"href":"https:\/\/www.europesays.com\/fr\/wp-json\/wp\/v2\/media?parent=319564"}],"wp:term":[{"taxonomy":"category","embeddable":true,"href":"https:\/\/www.europesays.com\/fr\/wp-json\/wp\/v2\/categories?post=319564"},{"taxonomy":"post_tag","embeddable":true,"href":"https:\/\/www.europesays.com\/fr\/wp-json\/wp\/v2\/tags?post=319564"}],"curies":[{"name":"wp","href":"https:\/\/api.w.org\/{rel}","templated":true}]}}