{"id":319566,"date":"2025-08-14T22:35:09","date_gmt":"2025-08-14T22:35:09","guid":{"rendered":"https:\/\/www.europesays.com\/fr\/319566\/"},"modified":"2025-08-14T22:35:09","modified_gmt":"2025-08-14T22:35:09","slug":"on-connait-la-date-du-prochain-duel-entre-pogacar-et-vingegaard","status":"publish","type":"post","link":"https:\/\/www.europesays.com\/fr\/319566\/","title":{"rendered":"on connait la date du prochain duel entre Pogacar et Vingegaard"},"content":{"rendered":"<p>Si le duel a tourn\u00e9 court sur le Tour de France, Tadej Pogacar et Jonas Vingegaard se retrouveront l&rsquo;un en face de l&rsquo;autre lors des Championnats du monde organis\u00e9s \u00e0 Kigali, au Rwanda, le 28 septembre prochain. Ce sera la premi\u00e8re participation pour le Danois qui tentera de renverser le tenant du titre slov\u00e8ne.<\/p>\n<p>C&rsquo;est pour bient\u00f4t! Jonas Vingegaard et Tadej Poga\u010dar vont prochainement se retrouver sur les routes. <a href=\"https:\/\/rmcsport.bfmtv.com\/cyclisme\/tour-de-france\/tour-de-france-2025-pas-tres-amusant-ni-pour-le-spectateur-ni-pour-lui-le-directeur-sportif-d-uae-explique-la-lassitude-de-pogacar_AV-202507310343.html\" title=\"Tour de France 2025: &quot;Pas tr\u00e8s amusant, ni pour le spectateur ni pour lui&quot;, le directeur sportif d&#039;UAE explique la lassitude de Pogacar\" class=\"internal_link\" rel=\"nofollow noopener\" target=\"_blank\">Alors que le coureur de la Team UAE Emirates a \u00e9cras\u00e9 son rival de la Visma-Lease a bike sur le dernier Tour de France<\/a>, les deux hommes vont se retrouver lors des Championnats du monde, \u00e0 Kigali, au Rwanda.<\/p>\n<p>Si le Slov\u00e8ne avait d\u00e9j\u00e0 annonc\u00e9 sa participation, celle de <a href=\"https:\/\/rmcsport.bfmtv.com\/cyclisme\/jonas-vingegaard_DN-202306290628.html\" title=\"Jonas Vingegaard\" class=\"internal_link\" rel=\"nofollow noopener\" target=\"_blank\">Jonas Vingegaard<\/a> semble enfin r\u00e9ellement se profiler. Pour la premi\u00e8re fois de sa carri\u00e8re, le Danois, double vainqueur du Tour de France, s&rsquo;appr\u00eate donc \u00e0 disputer les Championnats du monde.<\/p>\n<p>\u00ab\u00a0C&rsquo;est un bon parcours pour Jonas Vingegaard\u00a0\u00bb<\/p>\n<p>C&rsquo;est l&rsquo;entra\u00eeneur du Danemark qui a confirm\u00e9 l&rsquo;information <a href=\"https:\/\/www.domestiquecycling.com\/en\/news\/vingegaard-still-on-course-for-world-championships-in-rwanda\/\" target=\"_blank\" class=\"external_link\" rel=\"nofollow noopener\">au m\u00e9dia local, Feltet<\/a>. D&rsquo;apr\u00e8s Michael Morkov, le plan de Jonas Vingegaard reste inchang\u00e9 et le Danemark pourra bien s&rsquo;appuyer sur les meilleurs grimpeurs du pays: \u00ab\u00a0C&rsquo;est comme \u00e7a depuis toujours.\u00a0\u00bb<\/p>\n<p>En mai dernier, l&rsquo;entra\u00eeneur danois avait annonc\u00e9 que le parcours pr\u00e9vu pour ces Championnats du monde correspondait aux capacit\u00e9s du coureur de la Visma-Lease a bike: \u00ab\u00a0Le parcours joue en sa faveur. Il a d\u00e9j\u00e0 d\u00e9montr\u00e9 qu&rsquo;il \u00e9tait tr\u00e8s performant en altitude gr\u00e2ce \u00e0 sa condition physique. Il y a beaucoup de mont\u00e9es, ce qui rend la course plus difficile. Je pense que c&rsquo;est un bon parcours pour Jonas.\u00a0\u00bb<\/p>\n<p>Ce sont 267 kilom\u00e8tres qui attendent le peloton avec 5.475 m\u00e8tres de d\u00e9nivel\u00e9. Sans oublier l&rsquo;altitude, comprise entre 1.400 et 1.765 m\u00e8tres.<\/p>\n<p>Vingegaard sur le Vuelta, Pogacar au repos<\/p>\n<p>Contrairement \u00e0 son rival, Tadej Pogacar, <a href=\"https:\/\/rmcsport.bfmtv.com\/cyclisme\/tour-d-espagne\/cyclisme-c-est-officiel-pogacar-zappe-la-vuelta-2025_AV-202507290373.html\" title=\"Cyclisme: c&#039;est officiel, Pogacar zappe la Vuelta 2025\" class=\"internal_link\" rel=\"nofollow noopener\" target=\"_blank\">Jonas Vingegaard participera \u00e0 la Vuelta<\/a> (23 ao\u00fbt au 14 septembre). Une id\u00e9e int\u00e9ressante selon Michael Morkov: \u00ab\u00a0Si vous participez au Tour d&rsquo;Espagne, vous n&rsquo;avez pas vraiment le temps de vous entra\u00eener en altitude avant. Mais je pense que la Vuelta sera une bonne pr\u00e9paration pour les Championnats du monde, et les coureurs comme Jonas sont bien adapt\u00e9s \u00e0 la montagne.\u00a0\u00bb<\/p>\n<p>Jonas Vingegaard se sait donc attendu. Lui qui n&rsquo;a jamais r\u00e9ellement brill\u00e9 sur les courses d&rsquo;une seule journ\u00e9e (14e et 16e sur le Tour de Lombardie). Pendant ce temps, <a href=\"https:\/\/rmcsport.bfmtv.com\/cyclisme\/tadej-pogacar_DN-202108310499.html\" title=\"Tadej Pogacar\" class=\"internal_link\" rel=\"nofollow noopener\" target=\"_blank\">Tadej Pogacar<\/a> va donc se pr\u00e9parer pour cette \u00e9ch\u00e9ance. Il n&rsquo;a aucune course au programme avant les Championnats du monde, dont il est le tenant du titre. Le Slov\u00e8ne disputera ensuite, le Tour de Lombardie (11 octobre) qui l&rsquo;esp\u00e8re remporter pour la cinqui\u00e8me fois de suite.<\/p>\n","protected":false},"excerpt":{"rendered":"Si le duel a tourn\u00e9 court sur le Tour de France, Tadej Pogacar et Jonas Vingegaard se retrouveront&hellip;\n","protected":false},"author":2,"featured_media":319567,"comment_status":"","ping_status":"","sticky":false,"template":"","format":"standard","meta":{"footnotes":""},"categories":[1411],"tags":[1154,207,1011,27,60],"class_list":{"0":"post-319566","1":"post","2":"type-post","3":"status-publish","4":"format-standard","5":"has-post-thumbnail","7":"category-cyclisme","8":"tag-cycling","9":"tag-cyclisme","10":"tag-fr","11":"tag-france","12":"tag-sports"},"share_on_mastodon":{"url":"https:\/\/pubeurope.com\/@fr\/115029509633496281","error":""},"_links":{"self":[{"href":"https:\/\/www.europesays.com\/fr\/wp-json\/wp\/v2\/posts\/319566","targetHints":{"allow":["GET"]}}],"collection":[{"href":"https:\/\/www.europesays.com\/fr\/wp-json\/wp\/v2\/posts"}],"about":[{"href":"https:\/\/www.europesays.com\/fr\/wp-json\/wp\/v2\/types\/post"}],"author":[{"embeddable":true,"href":"https:\/\/www.europesays.com\/fr\/wp-json\/wp\/v2\/users\/2"}],"replies":[{"embeddable":true,"href":"https:\/\/www.europesays.com\/fr\/wp-json\/wp\/v2\/comments?post=319566"}],"version-history":[{"count":0,"href":"https:\/\/www.europesays.com\/fr\/wp-json\/wp\/v2\/posts\/319566\/revisions"}],"wp:featuredmedia":[{"embeddable":true,"href":"https:\/\/www.europesays.com\/fr\/wp-json\/wp\/v2\/media\/319567"}],"wp:attachment":[{"href":"https:\/\/www.europesays.com\/fr\/wp-json\/wp\/v2\/media?parent=319566"}],"wp:term":[{"taxonomy":"category","embeddable":true,"href":"https:\/\/www.europesays.com\/fr\/wp-json\/wp\/v2\/categories?post=319566"},{"taxonomy":"post_tag","embeddable":true,"href":"https:\/\/www.europesays.com\/fr\/wp-json\/wp\/v2\/tags?post=319566"}],"curies":[{"name":"wp","href":"https:\/\/api.w.org\/{rel}","templated":true}]}}