{"id":31957,"date":"2025-04-17T15:25:10","date_gmt":"2025-04-17T15:25:10","guid":{"rendered":"https:\/\/www.europesays.com\/fr\/31957\/"},"modified":"2025-04-17T15:25:10","modified_gmt":"2025-04-17T15:25:10","slug":"sa-maison-idyllique-en-pleine-campagne-dans-le-pas-de-calais-entouree-danimaux","status":"publish","type":"post","link":"https:\/\/www.europesays.com\/fr\/31957\/","title":{"rendered":"sa maison idyllique en pleine campagne dans le Pas-de-Calais, entour\u00e9e d\u2019animaux"},"content":{"rendered":"<p>Au fil des ann\u00e9es, Tiphaine Auzi\u00e8re a su se distinguer par un<br \/>\nparcours professionnel solide et une implication engag\u00e9e dans la<br \/>\nvie publique. En effet, la fille de Brigitte Macron a r\u00e9ussi \u00e0<br \/>\nb\u00e2tir une carri\u00e8re remarquable dans le domaine du droit. Notamment<br \/>\nen d\u00e9fense des libert\u00e9s et des droits sociaux. Cependant, depuis<br \/>\nplusieurs semaines, cette derni\u00e8re fait parler d\u2019elle sur la toile.<br \/>\nLa raison ? <a href=\"https:\/\/www.melty.fr\/people\/cyril-hanouna-finalement-pas-en-couple-avec-tiphaine-auziere-cette-confidence-inattendue-de-lanimateur-2223720.html\" target=\"_blank\" rel=\"noopener\"><br \/>\nLes rumeurs d\u2019une relation avec Cyril Hanouna qui se r\u00e9pand comme<br \/>\nune tra\u00een\u00e9e de poudre<\/a>.<\/p>\n<p>La fille de Brigitte Macron en couple avec Cyril Hanouna ?<\/p>\n<p>Tout a commenc\u00e9 lorsque Paris Match a d\u00e9voil\u00e9 des clich\u00e9s de<br \/>\nl\u2019animateur de TPMP et Tiphaine Auzi\u00e8re ensemble. En effet, sur ces<br \/>\nimages, <strong>on pouvait voir Cyril Hanouna et la fille de<br \/>\nBrigitte Macron passer un bon moment<\/strong> autour d\u2019une table<br \/>\ndans un restaurant. Cependant, la soir\u00e9e termin\u00e9e, ces derniers<br \/>\nauraient pris des chemins s\u00e9par\u00e9s une fois hors de<br \/>\nl\u2019\u00e9tablissement.<\/p>\n<p><strong>Un comportement qui n\u2019a pas manqu\u00e9 d\u2019attirer<br \/>\nl\u2019attention<\/strong> sur la nature exacte de leur relation.<br \/>\nToutefois, il n\u2019en a pas fallu plus pour que les internautes<br \/>\nlaissent libre cours \u00e0 leur imagination. Face \u00e0 cette r\u00e9action sur<br \/>\nles r\u00e9seaux sociaux, <a href=\"https:\/\/www.melty.fr\/people\/cyril-hanouna-en-couple-avec-tiphaine-auziere-il-repond-a-la-rumeur-une-bonne-fois-pour-toute-2227854.html\" target=\"_blank\" rel=\"noopener\"><br \/>\nCyril Hanouna a d\u00e9cid\u00e9 de prendre la parole<\/a>. Mais si certains<br \/>\nne croyaient pas \u00e0 cette rumeur, l\u2019apparition de Tiphaine Auzi\u00e8re<br \/>\nsur le plateau de TPMP a de nouveau relanc\u00e9 les discussions.<\/p>\n<p>Tiphaine Auzi\u00e8re : son incroyable maison dans le<br \/>\nPas-de-Calais<\/p>\n<p>Les rumeurs d\u2019une relation entre <strong>Tiphaine Auzi\u00e8re et<br \/>\nCyril Hanouna<\/strong> font \u00e9norm\u00e9ment de bruit sur la toile. En<br \/>\nplus de cela, la fille de Brigitte Macron doit g\u00e9rer ses activit\u00e9s<br \/>\nprofessionnelles qui sont loin d\u2019\u00eatre de tout repos. Il est donc<br \/>\nnaturel que cette derni\u00e8re ait envie d\u2019aller se ressourcer loin de<br \/>\ntoute agitation. Pour le coup, <strong>rien de mieux que sa demeure<br \/>\nsitu\u00e9e \u00e0 Saint-Josse, dans le Pas-de-Calais<\/strong>. Une petite<br \/>\ncommune nich\u00e9e entre les champs de bl\u00e9 et de betteraves qui offre<br \/>\nun cadre paisible.<\/p>\n<p>En effet, <strong>Tiphaine Auzi\u00e8re a fait le choix de<br \/>\ns\u2019installer loin de la fr\u00e9n\u00e9sie de la capitale<\/strong> pour \u00e9lever<br \/>\nses enfants, Elise et Aur\u00e8le, en toute tranquillit\u00e9. Cette demeure,<br \/>\n\u00e0 la fois spacieuse et contemporaine, se distingue par son toit<br \/>\ncath\u00e9dral. Mais aussi par <strong>sa cuisine ouverte et son salon<br \/>\n\u00e9pur\u00e9 offrant une vue imprenable sur le jardin<\/strong>. Un<br \/>\nv\u00e9ritable sanctuaire de qui\u00e9tude o\u00f9 chevaux, poules, chats et<br \/>\nchiens cohabitent en harmonie. Un m\u00e9nage \u00e9questre, une cabane digne<br \/>\ndes plus beaux contes de f\u00e9es et une piscine agr\u00e9ment\u00e9e d\u2019une bou\u00e9e<br \/>\nlicorne viennent parfaire ce cadre idyllique.<\/p>\n<p>Une maison situ\u00e9e non loin de la<br \/>\nr\u00e9sidence familiale<\/p>\n<p>La maison de Tiphaine Auzi\u00e8re est situ\u00e9e \u00e0 seulement dix minutes<br \/>\ndu Toupet. Zone dans laquelle se trouve une r\u00e9sidence secondaire de<br \/>\nla famille Macron. Pour l\u2019avocat, sa maison est un point d\u2019ancrage<br \/>\nfort pour elle. \u201c<strong>La vie parisienne, ce n\u2019\u00e9tait pas<br \/>\nenvisageable. Trop de monde<\/strong>\u201d, avait-elle confi\u00e9.<\/p>\n<p>Nich\u00e9e au c\u0153ur du prestigieux triangle d\u2019or du Touquet, dans le<br \/>\nPas-de-Calais, <strong>la Villa Mon\u00e9jan constitue l\u2019unique<br \/>\npossession immobili\u00e8re du couple pr\u00e9sidentiel<\/strong>. Cette<br \/>\ndemeure de quatre \u00e9tages appartenant \u00e0 Brigitte Macron, h\u00e9ritage de<br \/>\nson p\u00e8re, symbolise <strong>son profond attachement \u00e0 ses racines<br \/>\nfamiliales<\/strong>. D\u2019ailleurs, un important programme de<br \/>\nr\u00e9novation a \u00e9t\u00e9 entrepris d\u00e8s la fin de l\u2019ann\u00e9e 2011. Des travaux<br \/>\nfinanc\u00e9s par un emprunt de 350 000 euros sur quinze ans contract\u00e9 \u00e0<br \/>\nl\u2019\u00e9poque par Emmanuel Macron.<\/p>\n","protected":false},"excerpt":{"rendered":"Au fil des ann\u00e9es, Tiphaine Auzi\u00e8re a su se distinguer par un parcours professionnel solide et une implication&hellip;\n","protected":false},"author":2,"featured_media":31958,"comment_status":"","ping_status":"","sticky":false,"template":"","format":"standard","meta":{"footnotes":""},"categories":[1359],"tags":[905,58,2518,59,1011,27,973],"class_list":{"0":"post-31957","1":"post","2":"type-post","3":"status-publish","4":"format-standard","5":"has-post-thumbnail","7":"category-people","8":"tag-a-la-une-melty","9":"tag-divertissement","10":"tag-edito","11":"tag-entertainment","12":"tag-fr","13":"tag-france","14":"tag-people"},"share_on_mastodon":{"url":"https:\/\/pubeurope.com\/@fr\/114354003850880107","error":""},"_links":{"self":[{"href":"https:\/\/www.europesays.com\/fr\/wp-json\/wp\/v2\/posts\/31957","targetHints":{"allow":["GET"]}}],"collection":[{"href":"https:\/\/www.europesays.com\/fr\/wp-json\/wp\/v2\/posts"}],"about":[{"href":"https:\/\/www.europesays.com\/fr\/wp-json\/wp\/v2\/types\/post"}],"author":[{"embeddable":true,"href":"https:\/\/www.europesays.com\/fr\/wp-json\/wp\/v2\/users\/2"}],"replies":[{"embeddable":true,"href":"https:\/\/www.europesays.com\/fr\/wp-json\/wp\/v2\/comments?post=31957"}],"version-history":[{"count":0,"href":"https:\/\/www.europesays.com\/fr\/wp-json\/wp\/v2\/posts\/31957\/revisions"}],"wp:featuredmedia":[{"embeddable":true,"href":"https:\/\/www.europesays.com\/fr\/wp-json\/wp\/v2\/media\/31958"}],"wp:attachment":[{"href":"https:\/\/www.europesays.com\/fr\/wp-json\/wp\/v2\/media?parent=31957"}],"wp:term":[{"taxonomy":"category","embeddable":true,"href":"https:\/\/www.europesays.com\/fr\/wp-json\/wp\/v2\/categories?post=31957"},{"taxonomy":"post_tag","embeddable":true,"href":"https:\/\/www.europesays.com\/fr\/wp-json\/wp\/v2\/tags?post=31957"}],"curies":[{"name":"wp","href":"https:\/\/api.w.org\/{rel}","templated":true}]}}