{"id":319573,"date":"2025-08-14T22:38:11","date_gmt":"2025-08-14T22:38:11","guid":{"rendered":"https:\/\/www.europesays.com\/fr\/319573\/"},"modified":"2025-08-14T22:38:11","modified_gmt":"2025-08-14T22:38:11","slug":"cotes-darmor-une-nouvelle-statue-celle-du-patron-des-pecheurs-inauguree-a-la-vallee-des-saints","status":"publish","type":"post","link":"https:\/\/www.europesays.com\/fr\/319573\/","title":{"rendered":"C\u00f4tes-d\u2019Armor. Une nouvelle statue, celle du patron des p\u00eacheurs, inaugur\u00e9e \u00e0 la Vall\u00e9e des Saints"},"content":{"rendered":"<p>            Par<br \/>\n        <strong><br \/>\n            <a href=\"https:\/\/actu.fr\/auteur\/journaliste-lechoarmoretargoat\" title=\"Consulter tous les articles de R\u00e9daction Guingamp\" target=\"_blank\" rel=\"noopener\">R\u00e9daction Guingamp<\/a><br \/>\n        <\/strong><\/p>\n<p>        Publi\u00e9 le<\/p>\n<p>            14 ao\u00fbt 2025 \u00e0 6h30        <\/p>\n<p>Taill\u00e9e dans du granit de Lanh\u00e9lin par Kito Antoine et son fils K\u00e9vin, la statue du Saint Patron des p\u00eacheurs, est une \u0153uvre monumentale de 4,50 m\u00e8tres de haut, tourn\u00e9e vers Paimpol (C\u00f4tes-d\u2019Armor), berceau de la famille Dalmard, dont l\u2019anc\u00eatre Armand Le Guen a cr\u00e9\u00e9 une entreprise textile en 1922 dans la cit\u00e9 des Islandais. Celle-ci, devenue Dalmard Marine, est aujourd\u2019hui dirig\u00e9e par Maxime Dalmard, repr\u00e9sentant de la 4eg\u00e9n\u00e9ration.<\/p>\n<p class=\" wall-content\">Apr\u00e8s la b\u00e9n\u00e9diction de la statue de Sant P\u00ear (Saint-Pierre en breton) par l\u2019abb\u00e9 Henri, Maxime Dalmard a racont\u00e9 comment \u00ab\u2009cette \u0153uvre, qui rend hommage au monde maritime et aux racines bretonnes de la famille Dalmard et de l\u2019entreprise Dalmard Marine, fait \u00e9cho \u00e0 l\u2019histoire de Paimpol, port d\u2019attache de la famille, et \u00e0 la m\u00e9moire des p\u00eacheurs d\u2019Islande qui, depuis le XIXe\u00a0si\u00e8cle, partaient affronter les mers du Nord pendant de longs mois\u2026\u2009\u00bb<\/p>\n<p class=\" wall-content\">La famille Dalmard compte, depuis plusieurs g\u00e9n\u00e9rations, et encore aujourd\u2019hui, de nombreux marins, notamment des marins au long cours, \u00ab\u2009dont l\u2019exp\u00e9rience de la mer forge une culture de l\u2019engagement, de la t\u00e9nacit\u00e9 et de la solidarit\u00e9. Cet h\u00e9ritage maritime profond\u00e9ment v\u00e9cu continue d\u2019inspirer Dalmard Marine, ancr\u00e9e depuis plus d\u2019un si\u00e8cle dans le patrimoine paimpolais\u2009\u00bb.<\/p>\n<p class=\" wall-content\">Le m\u00e9c\u00e8ne a conclu en pr\u00e9cisant que \u00ab\u2009cette statue de Saint-Pierre, qui porte le caban, manteau marin iconique et symbole du savoir-faire de Dalmard Marine, est d\u00e9di\u00e9e \u00e0 tous ceux qui ont fait leur vie en mer et ont toujours un morceau de la Bretagne dans leur c\u0153ur\u2009\u00bb.<\/p>\n<p>    <img   decoding=\"async\" loading=\"lazy\" class=\"size-large\" src=\"https:\/\/www.europesays.com\/fr\/wp-content\/uploads\/2025\/08\/b2c0a05899986a6c0a05899987ac0av-960x640.jpg\" alt=\"Devant la statue de Sant P\u00ear, Kito, sculpteur, raconte comment il a choisi de repr\u00e9senter le Saint Patron des p\u00eacheurs.\" width=\"960\" height=\"640\"\/><br \/>\n    Devant la statue de Sant P\u00ear, Kito, sculpteur, raconte comment il a choisi de repr\u00e9senter le Saint Patron des p\u00eacheurs. \u00a9\u00a0\u00a0Vid\u00e9os : en ce moment sur ActuUn partenariat solide<\/p>\n<p class=\" wall-content\">Depuis 2018, Dalmard Marine soutient La Vall\u00e9e des Saints. L\u2019entreprise avait notamment particip\u00e9 \u00e0 l\u2019op\u00e9ration \u00ab\u2009La Travers\u00e9e des G\u00e9ants\u2009\u00bb, pour l\u2019arriv\u00e9e du 100e g\u00e9ant, Saint-Piran, depuis les Cornouailles britanniques jusqu\u2019en Bretagne. Une heureuse co\u00efncidence a voulu que les statues de Saint-Pierre et Saint-Piran soient \u00e9rig\u00e9es \u00e0 quelques m\u00e8tres d\u2019une de l\u2019autre.<\/p>\n<p class=\" wall-content\">Apr\u00e8s Jean-Paul Pl\u00e9gades, administrateur de la Vall\u00e9e des Saints, qui a bri\u00e8vement rappel\u00e9 l\u2019histoire du site, Kito a \u00e9t\u00e9 invit\u00e9 \u00e0 prendre la parole pour d\u00e9voiler les inspirations qui l\u2019ont guid\u00e9 dans la r\u00e9alisation de la sculpture. Heureux d\u2019avoir, \u00ab\u2009pour la 5e fois\u2009\u00bb, partag\u00e9 ce chantier avec son fils K\u00e9vin, l\u2019artiste a souhait\u00e9 repr\u00e9senter l\u2019ap\u00f4tre Pierre \u00ab\u2009en marin, avec les mains dans les poches et une grande cl\u00e9 autour du cou\u2026\u2009\u00bb. Toujours aussi malicieux, Kito a bien entendu habill\u00e9 le Saint d\u2019un caban, \u00ab\u2009car je suis persuad\u00e9 que d\u00e9j\u00e0, \u00e0 l\u2019\u00e9poque, Dalmard Marine habillait Saint-Pierre\u2009!\u2009\u00bb<\/p>\n<p class=\" wall-content\">L\u2019inauguration s\u2019est termin\u00e9e en chanson, avec un trio vocal compos\u00e9 de Maxime Dalmard, son fr\u00e8re Julien et sa belle-s\u0153ur Solenn, qui ont magnifiquement interpr\u00e9t\u00e9 Mond davedoc\u2019h, version bretonne d\u2019Amazing grace \u00ab.<\/p>\n<p class=\" wall-content\">Suivez toute l\u2019actualit\u00e9 de vos villes et m\u00e9dias favoris en vous inscrivant \u00e0 <a href=\"https:\/\/moncompte.actu.fr\" title=\"D\u00e9couvez Mon Actu\" rel=\"nofollow noopener\" data-trk=\"{&quot;cta&quot;:{&quot;action&quot;:&quot;https:\\\/\\\/moncompte.actu.fr&quot;,&quot;category&quot;:&quot;mon compte&quot;,&quot;from&quot;:&quot;article footer&quot;,&quot;name&quot;:&quot;Mon actu&quot;,&quot;type&quot;:&quot;cta&quot;}}\" target=\"_blank\">Mon Actu<\/a>.<\/p>\n","protected":false},"excerpt":{"rendered":"Par R\u00e9daction Guingamp Publi\u00e9 le 14 ao\u00fbt 2025 \u00e0 6h30 Taill\u00e9e dans du granit de Lanh\u00e9lin par Kito&hellip;\n","protected":false},"author":2,"featured_media":319574,"comment_status":"","ping_status":"","sticky":false,"template":"","format":"standard","meta":{"footnotes":""},"categories":[1358],"tags":[1477,1348,1384,1385,1386,58,59,652,1011,27,1652],"class_list":{"0":"post-319573","1":"post","2":"type-post","3":"status-publish","4":"format-standard","5":"has-post-thumbnail","7":"category-arts-et-design","8":"tag-artisanat","9":"tag-arts","10":"tag-arts-and-design","11":"tag-arts-et-design","12":"tag-design","13":"tag-divertissement","14":"tag-entertainment","15":"tag-famille","16":"tag-fr","17":"tag-france","18":"tag-loisirs-culture"},"share_on_mastodon":{"url":"https:\/\/pubeurope.com\/@fr\/115029521497229355","error":""},"_links":{"self":[{"href":"https:\/\/www.europesays.com\/fr\/wp-json\/wp\/v2\/posts\/319573","targetHints":{"allow":["GET"]}}],"collection":[{"href":"https:\/\/www.europesays.com\/fr\/wp-json\/wp\/v2\/posts"}],"about":[{"href":"https:\/\/www.europesays.com\/fr\/wp-json\/wp\/v2\/types\/post"}],"author":[{"embeddable":true,"href":"https:\/\/www.europesays.com\/fr\/wp-json\/wp\/v2\/users\/2"}],"replies":[{"embeddable":true,"href":"https:\/\/www.europesays.com\/fr\/wp-json\/wp\/v2\/comments?post=319573"}],"version-history":[{"count":0,"href":"https:\/\/www.europesays.com\/fr\/wp-json\/wp\/v2\/posts\/319573\/revisions"}],"wp:featuredmedia":[{"embeddable":true,"href":"https:\/\/www.europesays.com\/fr\/wp-json\/wp\/v2\/media\/319574"}],"wp:attachment":[{"href":"https:\/\/www.europesays.com\/fr\/wp-json\/wp\/v2\/media?parent=319573"}],"wp:term":[{"taxonomy":"category","embeddable":true,"href":"https:\/\/www.europesays.com\/fr\/wp-json\/wp\/v2\/categories?post=319573"},{"taxonomy":"post_tag","embeddable":true,"href":"https:\/\/www.europesays.com\/fr\/wp-json\/wp\/v2\/tags?post=319573"}],"curies":[{"name":"wp","href":"https:\/\/api.w.org\/{rel}","templated":true}]}}