{"id":319575,"date":"2025-08-14T22:39:19","date_gmt":"2025-08-14T22:39:19","guid":{"rendered":"https:\/\/www.europesays.com\/fr\/319575\/"},"modified":"2025-08-14T22:39:19","modified_gmt":"2025-08-14T22:39:19","slug":"peau-dourse-par-gregory-le-floch-lhistoire-de-nina-mont-perdu-reine-animale","status":"publish","type":"post","link":"https:\/\/www.europesays.com\/fr\/319575\/","title":{"rendered":"\u201cPeau d\u2019ourse\u201d, par Gr\u00e9gory Le Floch, l\u2019histoire de Nina-Mont Perdu, reine animale"},"content":{"rendered":"<p>      <img fetchpriority=\"high\" decoding=\"async\" class=\"mx-auto\" src=\"data:image\/svg+xml,%3Csvg%20xmlns%3D%27http%3A%2F%2Fwww.w3.org%2F2000%2Fsvg%27%20fill%3D%22%23e4e4e4%22%20viewBox%3D%270%200%20510%20340%27%20width%3D%22510%22%20height%3D%22340%22%3E%3Cpath%20d%3D%27M0%200h510v340H0z%27%2F%3E%3C%2Fsvg%3E\"  loading=\"eager\" width=\"510\" height=\"340\" data-oncrawl-image-size=\"510x340\" alt=\"Un roman qui lorgne aussi du c\u00f4t\u00e9 des histoires de super-h\u00e9ros.\"\/>      <\/p>\n<p class=\"latino-100m text-grey-600\">\n            Un roman qui lorgne aussi du c\u00f4t\u00e9 des histoires de super-h\u00e9ros.\u00a0ADRIANA DUDULEANU \/ GETTY IMAGES        <\/p>\n<p>        Lire\u00a0plus\u00a0tard      <\/p>\n<p><a aria-label=\"Nous suivre sur Google News\" href=\"https:\/\/news.google.com\/publications\/CAAqBwgKMJe4nQkw3dFs?hl=fr&amp;gl=FR&amp;ceid=FR%3Afr\" target=\"_blank\" data-piano=\"Page_Article,Sous_date_publi,Nous_suivre_sur_google_news,1er_clic,action\" class=\"btn btn--small btn--tertiary btn--icon-only\" rel=\"noopener\"><\/p>\n<p>      Google Actualit\u00e9s<br \/>\n  <\/a><\/p>\n<p>  Partager<\/p>\n<p>        Facebook<\/p>\n<p>        Bluesky<\/p>\n<p>        E-mail<\/p>\n<p>        Copier le lien<\/p>\n<p>      Envoyer<\/p>\n<p>      S\u2019abonner pour lire    <\/p>\n<p class=\"node__paragraphe antonia-750r text-grey-800 pb-24 pb-md-30\">\nL\u2019h\u00e9ro\u00efne de \u00ab\u00a0Peau d\u2019ourse\u00a0\u00bb n\u2019a pas le physique gracile de Catherine Deneuve dans \u00ab\u00a0Peau d\u2019\u00e2ne\u00a0\u00bb. Mais l\u2019\u00e9crivain Gr\u00e9gory Le Floch pourrait \u00eatre l\u2019h\u00e9ritier gothique de Jacques Demy. Lui ne s\u2019empare pas d\u2019un conte de Perrault, mais d\u2019une l\u00e9gende des Pyr\u00e9n\u00e9es, qu\u2019il modernise et r\u00e9enchante \u00e0 sa mani\u00e8re, queer et guerri\u00e8re. Pas de f\u00e9e en h\u00e9lico ici, mais une adolescente harcel\u00e9e dans un village paum\u00e9. A 16\u00a0ans, Nina d\u00e9passe d\u00e9j\u00e0 son p\u00e8re d\u2019une t\u00eate, porte des joggings 5XL et des chaussures pour hommes taille 48, si bien que dans son village, on ne l\u2019appelle plus Nina, mais \u00ab\u00a0Mont Perdu\u00a0\u00bb, comme \u00ab\u00a0le mont le plus moche des Pyr\u00e9n\u00e9es\u00a0\u00bb. <\/p>\n<p class=\"node__paragraphe antonia-750r text-grey-800 pb-8\">\nPour ne rien arranger, des poils noirs et drus commencent \u00e0 lui couvrir le corps. Dire qu\u2019elle n\u2019a pas la cote au lyc\u00e9e rel\u00e8ve de l\u2019euph\u00e9misme. Et les choses s\u2019aggravent encore quand un soir d\u2019insomnie entretenue \u00e0 haute dose de Red Bull, Mont Perdu envoie un message sur Instagram \u00e0 Kelly, la fille \u2026<\/p>\n<p>  <img loading=\"lazy\" decoding=\"async\" class=\"floating-img\" src=\"https:\/\/www.europesays.com\/fr\/wp-content\/uploads\/2025\/07\/img-paywall@2x.png\" width=\"142\" height=\"91\" alt=\"\"\/><\/p>\n<p class=\"latino-100m text-blue-400\">Article r\u00e9serv\u00e9 aux abonn\u00e9s.<\/p>\n<p>          Se connecter<\/p>\n<p class=\"pb-16 text-center antonia-1850c\">Offre d\u2019\u00e9t\u00e9\u00a0:<br \/>1\u20ac\/mois pendant 6\u00a0mois<\/p>\n<p>\n        S&rsquo;abonner\n      <\/p>\n<p>          D\u00e9couvrir toutes nos offres<\/p>\n","protected":false},"excerpt":{"rendered":"Un roman qui lorgne aussi du c\u00f4t\u00e9 des histoires de super-h\u00e9ros.\u00a0ADRIANA DUDULEANU \/ GETTY IMAGES Lire\u00a0plus\u00a0tard Google Actualit\u00e9s&hellip;\n","protected":false},"author":2,"featured_media":319576,"comment_status":"","ping_status":"","sticky":false,"template":"","format":"standard","meta":{"footnotes":""},"categories":[1357],"tags":[17,6473,1379,8082,58,59,45769,1011,27,1988,937,1380,40392,45770,45768,9854],"class_list":{"0":"post-319575","1":"post","2":"type-post","3":"status-publish","4":"format-standard","5":"has-post-thumbnail","7":"category-livres","8":"tag-17","9":"tag-bibliobs","10":"tag-books","11":"tag-critiques-de-livres","12":"tag-divertissement","13":"tag-entertainment","14":"tag-floch","15":"tag-fr","16":"tag-france","17":"tag-gregory","18":"tag-histoire","19":"tag-livres","20":"tag-mont","21":"tag-nina","22":"tag-ourse","23":"tag-peau"},"share_on_mastodon":{"url":"https:\/\/pubeurope.com\/@fr\/115029525418258014","error":""},"_links":{"self":[{"href":"https:\/\/www.europesays.com\/fr\/wp-json\/wp\/v2\/posts\/319575","targetHints":{"allow":["GET"]}}],"collection":[{"href":"https:\/\/www.europesays.com\/fr\/wp-json\/wp\/v2\/posts"}],"about":[{"href":"https:\/\/www.europesays.com\/fr\/wp-json\/wp\/v2\/types\/post"}],"author":[{"embeddable":true,"href":"https:\/\/www.europesays.com\/fr\/wp-json\/wp\/v2\/users\/2"}],"replies":[{"embeddable":true,"href":"https:\/\/www.europesays.com\/fr\/wp-json\/wp\/v2\/comments?post=319575"}],"version-history":[{"count":0,"href":"https:\/\/www.europesays.com\/fr\/wp-json\/wp\/v2\/posts\/319575\/revisions"}],"wp:featuredmedia":[{"embeddable":true,"href":"https:\/\/www.europesays.com\/fr\/wp-json\/wp\/v2\/media\/319576"}],"wp:attachment":[{"href":"https:\/\/www.europesays.com\/fr\/wp-json\/wp\/v2\/media?parent=319575"}],"wp:term":[{"taxonomy":"category","embeddable":true,"href":"https:\/\/www.europesays.com\/fr\/wp-json\/wp\/v2\/categories?post=319575"},{"taxonomy":"post_tag","embeddable":true,"href":"https:\/\/www.europesays.com\/fr\/wp-json\/wp\/v2\/tags?post=319575"}],"curies":[{"name":"wp","href":"https:\/\/api.w.org\/{rel}","templated":true}]}}