{"id":319579,"date":"2025-08-14T22:41:11","date_gmt":"2025-08-14T22:41:11","guid":{"rendered":"https:\/\/www.europesays.com\/fr\/319579\/"},"modified":"2025-08-14T22:41:11","modified_gmt":"2025-08-14T22:41:11","slug":"lana-del-rey-regle-ses-comptes-avec-cette-chanteuse-phenomene","status":"publish","type":"post","link":"https:\/\/www.europesays.com\/fr\/319579\/","title":{"rendered":"Lana Del Rey r\u00e8gle ses comptes avec cette chanteuse ph\u00e9nom\u00e8ne"},"content":{"rendered":"<p><img decoding=\"async\" src=\"https:\/\/www.europesays.com\/fr\/wp-content\/uploads\/2025\/08\/photo_1755177460.jpg\" class=\"textcenter img-content\" loading=\"lazy\"\/>Bestimage<br \/>\n<br \/>\nElle est, depuis quelques ann\u00e9es, la nouvelle coqueluche de la sc\u00e8ne indie rock am\u00e9ricaine. \u00c0 seulement 27 ans, Ethel Cain a bluff\u00e9 son monde et gagn\u00e9 l&rsquo;adh\u00e9sion de la presse musicale avec son premier album \u00ab\u00a0Preacher&rsquo;s Daughter\u00a0\u00bb (2022), port\u00e9 par le superbe morceau \u00ab\u00a0American Teenager\u00a0\u00bb. Si l&rsquo;univers de l&rsquo;artiste, n\u00e9e dans une famille baptiste, convie l&rsquo;imagerie de l&rsquo;americana, elle a \u00e9t\u00e9 tr\u00e8s r\u00e9guli\u00e8rement compar\u00e9e \u00e0 Lana Del Rey. Et cela a d\u00e9sormais des cons\u00e9quences imm\u00e9diates. Si elle n&rsquo;a cess\u00e9 de clamer son amour pour Lana Del Rey, Ethel Cain se serait rapidement lass\u00e9e des rapprochements, \u00e0 tel point qu&rsquo;elle aurait fait supprimer de sa fiche Wikipedia toute allusion \u00e0 l&rsquo;interpr\u00e8te de \u00ab\u00a0Born to Die\u00a0\u00bb. Et le clash a pris une nouvelle tournure ce jeudi. Ainsi, c&rsquo;est Lana Del Rey qui a mis le feu aux poudres sur Instagram. <\/p>\n<p>Le player Dailymotion est en train de se charger&#8230;<\/p>\n<p>\u00ab\u00a0Ethel Cain a d\u00e9test\u00e9 mon post sur Instagram\u00a0\u00bb<br \/>\nDans une vid\u00e9o, la star am\u00e9ricaine partage un extrait d&rsquo;un titre in\u00e9dit, visiblement sign\u00e9 Jack Antonoff, dans laquelle on l&rsquo;entend chanter \u00ab Ethel Cain a d\u00e9test\u00e9 mon post sur Instagram, elle pense que c&rsquo;est mignon de recr\u00e9er ma pose de Chicago \u00bb. Une r\u00e9f\u00e9rence \u00e0 une photo similaire que les deux auraient prises chacune avec le musicien Jack Donoghue. Lana Del Rey y cite \u00e9galement \u00ab The most famous girl at the Waffle House \u00bb, un article du New York Times sur Ethel Cain r\u00e9dig\u00e9 en 2022&#8230; sachant que Lana Del Rey a elle aussi travaill\u00e9 dans cette cha\u00eene de restaurants sp\u00e9cialis\u00e9e dans les gaufres. <\/p>\n<blockquote class=\"instagram-media\" data-instgrm-permalink=\"https:\/\/www.instagram.com\/reel\/DNUcpEyxaut\/?utm_source=ig_embed&amp;utm_campaign=loading\" data-instgrm-version=\"14\" style=\" background:#FFF; border:0; border-radius:3px; box-shadow:0 0 1px 0 rgba(0,0,0,0.5),0 1px 10px 0 rgba(0,0,0,0.15); margin: 1px; max-width:540px; min-width:326px; padding:0; width:99.375%; width:-webkit-calc(100% - 2px); width:calc(100% - 2px);\"\/><p>\u00ab\u00a0Des commentaires sur mon poids\u00a0\u00bb<br \/>\nEn cons\u00e9quence, Lana Del Rey a d\u00e9cid\u00e9 de bloquer Ethel Cain sur Instagram, comme cette derni\u00e8re l&rsquo;a fait savoir en story. Toutefois, l&rsquo;interpr\u00e8te de <a href=\"https:\/\/www.chartsinfrance.net\/actualite\/news-125701.html\" target=\"_blank\" class=\"spip_out\" rel=\"nofollow noopener\">\u00ab\u00a0Summertime Sadness\u00a0\u00bb<\/a> a d\u00e9cid\u00e9 de s&rsquo;expliquer en commentaire d&rsquo;une publication du compte Pop Base. Elle assure ne pas savoir qui \u00e9tait Ethel Cain \u00ab jusqu&rsquo;\u00e0 il y a quelques ann\u00e9es \u00bb. Selon elle, la chanteuse de 27 ans a pris l&rsquo;habitude de partager des \u00ab photos d\u00e9rangeantes et explicites qu&rsquo;elle affichait souvent c\u00f4te \u00e0 c\u00f4te, me montrant \u00e0 c\u00f4t\u00e9 de cr\u00e9atures peu flatteuses et de personnages de dessins anim\u00e9s \u00bb et qu&rsquo;elle faisait \u00ab constamment des commentaires sur [son] poids \u00bb.<\/p>\n<blockquote class=\"twitter-tweet\">\n<p lang=\"en\" dir=\"ltr\">Lana Del Rey elaborates on her lyrics about Ethel Cain, stating that the singer used to body-shame her:\u201cI didn\u2019t know who Ethel was until a few years ago \u2014 when someone brought to my attention the disturbing and graphic side-by-side images she would often put up of me next to\u2026 <a href=\"https:\/\/t.co\/I6uV9UO6qU\" rel=\"nofollow\">pic.twitter.com\/I6uV9UO6qU<\/a><\/p>\n<p>\u2014 Pop Base (@PopBase) <a href=\"https:\/\/twitter.com\/PopBase\/status\/1955948678235218425?ref_src=twsrc%5Etfw\" rel=\"nofollow noopener\" target=\"_blank\">August 14, 2025<\/a><\/p><\/blockquote>\n<p>\u00ab Perplexe \u00bb, Lana Del Rey s&rsquo;est sentie \u00ab vraiment perturb\u00e9e \u00bb lorsqu&rsquo;elle a appris \u00ab ce qu'[Ethel Cain] disait en priv\u00e9 \u00e0 des amis communs \u00bb et qu&rsquo;elle a \u00ab commenc\u00e9 \u00e0 s&rsquo;immiscer dans [sa] vie priv\u00e9e \u00bb. Ethel Cain, actuellement en tourn\u00e9e am\u00e9ricaine, ne s&rsquo;est pas encore d\u00e9fendue, mais sa soeur Delilah est mont\u00e9e au cr\u00e9neau : \u00ab J&rsquo;ai h\u00e2te de voir ton hologramme chanter le morceau tandis que tu vapotes en coulisses \u00bb. De son c\u00f4t\u00e9, les fans de Lana Del Rey attendent toujours la sortie de son nouvel album <a href=\"https:\/\/www.chartsinfrance.net\/Lana-Del-Rey\/news-130776.html\" target=\"_blank\" class=\"spip_out\" rel=\"nofollow noopener\">\u00ab\u00a0The Right Person Will Stay\u00a0\u00bb<\/a>, attendu en mai dernier puis <a href=\"https:\/\/www.chartsinfrance.net\/actualite\/news-132251.html\" target=\"_blank\" class=\"spip_out\" rel=\"nofollow noopener\">repouss\u00e9 \u00e0 une date ult\u00e9rieure<\/a>. Les titres <a href=\"https:\/\/www.chartsinfrance.net\/actualite\/news-132205.html\" target=\"_blank\" class=\"spip_out\" rel=\"nofollow noopener\">\u00ab\u00a0Henry, Come On\u00a0\u00bb<\/a> et \u00ab\u00a0Bluebird\u00a0\u00bb ont d\u00e9j\u00e0 \u00e9t\u00e9 d\u00e9voil\u00e9s au public.<\/p>\n<p><script async src=\"https:\/\/platform.twitter.com\/widgets.js\" charset=\"utf-8\"><\/script><script async src=\"\/\/www.instagram.com\/embed.js\"><\/script><\/p>\n","protected":false},"excerpt":{"rendered":"Bestimage Elle est, depuis quelques ann\u00e9es, la nouvelle coqueluche de la sc\u00e8ne indie rock am\u00e9ricaine. \u00c0 seulement 27&hellip;\n","protected":false},"author":2,"featured_media":319580,"comment_status":"","ping_status":"","sticky":false,"template":"","format":"standard","meta":{"footnotes":""},"categories":[1355],"tags":[58,59,1011,27,1361,873],"class_list":{"0":"post-319579","1":"post","2":"type-post","3":"status-publish","4":"format-standard","5":"has-post-thumbnail","7":"category-musique","8":"tag-divertissement","9":"tag-entertainment","10":"tag-fr","11":"tag-france","12":"tag-music","13":"tag-musique"},"share_on_mastodon":{"url":"https:\/\/pubeurope.com\/@fr\/115029533366180028","error":""},"_links":{"self":[{"href":"https:\/\/www.europesays.com\/fr\/wp-json\/wp\/v2\/posts\/319579","targetHints":{"allow":["GET"]}}],"collection":[{"href":"https:\/\/www.europesays.com\/fr\/wp-json\/wp\/v2\/posts"}],"about":[{"href":"https:\/\/www.europesays.com\/fr\/wp-json\/wp\/v2\/types\/post"}],"author":[{"embeddable":true,"href":"https:\/\/www.europesays.com\/fr\/wp-json\/wp\/v2\/users\/2"}],"replies":[{"embeddable":true,"href":"https:\/\/www.europesays.com\/fr\/wp-json\/wp\/v2\/comments?post=319579"}],"version-history":[{"count":0,"href":"https:\/\/www.europesays.com\/fr\/wp-json\/wp\/v2\/posts\/319579\/revisions"}],"wp:featuredmedia":[{"embeddable":true,"href":"https:\/\/www.europesays.com\/fr\/wp-json\/wp\/v2\/media\/319580"}],"wp:attachment":[{"href":"https:\/\/www.europesays.com\/fr\/wp-json\/wp\/v2\/media?parent=319579"}],"wp:term":[{"taxonomy":"category","embeddable":true,"href":"https:\/\/www.europesays.com\/fr\/wp-json\/wp\/v2\/categories?post=319579"},{"taxonomy":"post_tag","embeddable":true,"href":"https:\/\/www.europesays.com\/fr\/wp-json\/wp\/v2\/tags?post=319579"}],"curies":[{"name":"wp","href":"https:\/\/api.w.org\/{rel}","templated":true}]}}