{"id":319581,"date":"2025-08-14T22:42:13","date_gmt":"2025-08-14T22:42:13","guid":{"rendered":"https:\/\/www.europesays.com\/fr\/319581\/"},"modified":"2025-08-14T22:42:13","modified_gmt":"2025-08-14T22:42:13","slug":"la-fin-a-failli-etre-plus-terrifiante-et-le-realisateur-explique-ce-petit-changement","status":"publish","type":"post","link":"https:\/\/www.europesays.com\/fr\/319581\/","title":{"rendered":"la fin a failli \u00eatre plus terrifiante, et le r\u00e9alisateur explique ce petit changement"},"content":{"rendered":"<p><strong>Si <a href=\"https:\/\/www.ecranlarge.com\/films\/1465033-weapons\" data-type=\"films\" data-id=\"795491\" target=\"_blank\" rel=\"noopener\">\u00c9vanouis<\/a> a de quoi terrifier son public, le film d\u2019horreur devait, au d\u00e9part, s\u2019achever de fa\u00e7on encore plus sombre. Si bien que <a href=\"https:\/\/www.ecranlarge.com\/personnalite\/725082-zach-cregger\" data-type=\"people\" data-id=\"188109\" target=\"_blank\" rel=\"noopener\">Zach Cregger<\/a> a d\u00fb modifier la fin de son histoire pour rassurer les spectateurs.<\/strong> <strong>ATTENTION, SPOILERS !<\/strong><\/p>\n<p>Avec <strong><a href=\"https:\/\/www.ecranlarge.com\/films\/together\" data-type=\"films\" data-id=\"1298315\" target=\"_blank\" rel=\"noopener\">Together<\/a><\/strong> et <strong><a href=\"https:\/\/www.ecranlarge.com\/films\/bring-her-back\" data-type=\"films\" data-id=\"1290432\" target=\"_blank\" rel=\"noopener\">Substitution<\/a><\/strong>, <strong>\u00c9vanouis<\/strong> \u00e9tait <strong>l\u2019un des films d\u2019horreur ind\u00e9pendants les plus attendus de l\u2019\u00e9t\u00e9 2025<\/strong>. Sorti le 6 ao\u00fbt en France, il a marqu\u00e9 le retour au sc\u00e9nario et \u00e0 la mise en sc\u00e8ne de Zach Cregger trois ans apr\u00e8s <strong><a href=\"https:\/\/www.ecranlarge.com\/films\/1437810-barbarian\" data-type=\"films\" data-id=\"692571\" target=\"_blank\" rel=\"noopener\">Barbare<\/a><\/strong>. Dans ce long-m\u00e9trage chapitr\u00e9 qui raconte un drame au travers de diff\u00e9rents points de vue, <a href=\"https:\/\/www.ecranlarge.com\/personnalite\/767295-julia-garner\" data-type=\"people\" data-id=\"406555\" target=\"_blank\" rel=\"noopener\">Julia Garner<\/a> incarne <strong>une institutrice dont (presque) tous les \u00e9l\u00e8ves ont disparu sans laisser de traces<\/strong>, et <a href=\"https:\/\/www.ecranlarge.com\/personnalite\/657842-josh-brolin\" data-type=\"people\" data-id=\"309516\" target=\"_blank\" rel=\"noopener\">Josh Brolin<\/a> tient le r\u00f4le du p\u00e8re de l\u2019un des enfants.<\/p>\n<p>                    <img decoding=\"async\" alt=\"\" class=\"wp-image-518375\" style=\"object-fit:cover;width:25px;height:25px\" src=\"https:\/\/www.ecranlarge.com\/content\/uploads\/2023\/09\/arrow-right-circle.svg\"\/><\/p>\n<p>La fin du film, qui montre les enfants retrouv\u00e9s massacrer comme des b\u00eates sauvages la sorci\u00e8re qui les avait enlev\u00e9s, offre aux spectateurs<strong> une conclusion am\u00e8re et peu r\u00e9confortante<\/strong>. Une voix off y explique, en effet, que les parents du petit Alex ne retrouveront jamais leurs facult\u00e9s, et que seuls certains des enfants ensorcel\u00e9s se remettront \u00e0 parler au bout de quelques ann\u00e9es. Pourtant,<strong> Zach Cregger souhaitait, en premier lieu, que l\u2019histoire s\u2019ach\u00e8ve de fa\u00e7on encore plus sombre<\/strong>. Si sombre que le r\u00e9alisateur a d\u00fb revoir sa copie pour satisfaire le public.<\/p>\n<p><a href=\"https:\/\/www.ecranlarge.com\/content\/uploads\/2025\/08\/rev-1-wpn-t1-0006_high_res_jpeg.jpeg\" target=\"_blank\" rel=\"noopener\"><\/p>\n<p><img loading=\"lazy\" decoding=\"async\" alt=\"\u00c9vanouis\" src=\"https:\/\/www.europesays.com\/fr\/wp-content\/uploads\/2025\/08\/rev-1-wpn-t1-0006_high_res_jpeg-1260x528.jpeg\" width=\"1260\" height=\"528\"  \/><\/p>\n<p><\/a>Vivement la rentr\u00e9e ?\u00c9vanouis pass\u00e9 au contr\u00f4le technique<\/p>\n<p>Ah, les projections-tests, ce couperet impos\u00e9 aux films naissants qui peut tout changer \u00e0 leur forme finale ! Lors de ces fameuses projections qui ont lieu aupr\u00e8s d\u2019un public restreint, les films sont montr\u00e9s dans une certaine version de montage, destin\u00e9e \u00e0 \u00eatre<strong> conserv\u00e9e ou modifi\u00e9e en fonction des retours de ces premiers spectateurs<\/strong>. Parfois, il arrive que les retours soient si catastrophiques que le film n\u00e9cessite des reshoots.<\/p>\n<p>Si l\u2019\u00e9tape de la projection-test peut-\u00eatre tr\u00e8s utile (quoique faillible) pour <strong>prendre du recul et tirer l\u2019\u0153uvre vers sa forme la plus susceptible de convaincre les foules<\/strong>, c\u2019est un proc\u00e9d\u00e9 qui ne donne pas toujours la priorit\u00e9 \u00e0 la vision artistique de l\u2019auteur. C\u2019est ce qu\u2019il s\u2019est pass\u00e9 pour <strong>\u00c9vanouis<\/strong>, qui a \u00e9t\u00e9 montr\u00e9 en projection-test dans une version dont la fin \u00e9tait diff\u00e9rente du montage d\u00e9finitif. Si le sens \u00e9tait globalement le m\u00eame, il \u00e9tait beaucoup moins explicite et la narration en \u00e9tait beaucoup plus abrupte, <strong>rendant la conclusion encore bien plus sombre<\/strong>.<\/p>\n<p><a href=\"https:\/\/www.ecranlarge.com\/content\/uploads\/2025\/08\/675c4d9fffd67fc2f07029c62c52a692.jpg\" target=\"_blank\" rel=\"noopener\"><\/p>\n<p><img loading=\"lazy\" decoding=\"async\" alt=\"\u00c9vanouis\" src=\"https:\/\/www.europesays.com\/fr\/wp-content\/uploads\/2025\/08\/675c4d9fffd67fc2f07029c62c52a692-1260x528.jpg\" width=\"1260\" height=\"528\"  \/><\/p>\n<p><\/a>Julia Garner dans le r\u00f4le de Justine Gandy<\/p>\n<p>Aupr\u00e8s de du m\u00e9dia Inverse, Cregger a expliqu\u00e9 que le film devait initialement se terminer sur le regard vide de Matthew, le fils du personnage de Josh Brolin, ce qui n\u2019a pas franchement s\u00e9duit les foules en projection-test :<\/p>\n<blockquote class=\"wp-block-quote is-layout-flow wp-block-quote-is-layout-flow\">\n<p><strong>\u201cAu d\u00e9part, la voix off de la fin n\u2019existait m\u00eame pas. Cette id\u00e9e ne me tentait pas vraiment. Je voulais que \u00e7a se termine sur le regard [de Matthew], mais les gens n\u2019\u00e9taient pas tr\u00e8s fan.\u00a0[\u2026]\u00a0Il n\u2019y avait pas de voix off, et \u00e7a se terminait sur le visage du gamin. Quand les lumi\u00e8res se sont rallum\u00e9es et que la mention \u2018\u00c9crit et r\u00e9alis\u00e9 par Zach Cregger\u2019 est apparue, une femme dans le public s\u2019est exclam\u00e9e \u2018C\u2019est quoi, ce bordel ?&rsquo;\u00a0\u00bb<\/strong><\/p>\n<\/blockquote>\n<p>Autant dire que le message \u00e9tait clair. Jouer du myst\u00e8re et de la suggestion, c\u2019est bien, mais \u00e7a peut en laisser plus d\u2019un sur le carreau, surtout en conclusion d\u2019une histoire aussi \u00e9prouvante vis-\u00e0-vis de ce que vivent les enfants et leurs parents.<strong> La voix off (et peut-\u00eatre quelques plans ?) finalement ajout\u00e9e permet d\u2019arrondir certains angles<\/strong> : elle assure que les enfants ont retrouv\u00e9 leur famille, et donne une lueur d\u2019espoir quant \u00e0 leur possible gu\u00e9rison.<\/p>\n<p><a href=\"https:\/\/www.ecranlarge.com\/content\/uploads\/2025\/08\/47e5fce149bcf4f732691a0c4b98d867-1.jpg\" target=\"_blank\" rel=\"noopener\"><\/p>\n<p><img loading=\"lazy\" decoding=\"async\" alt=\"Josh Brolin \u00c9vanouis\" src=\"https:\/\/www.europesays.com\/fr\/wp-content\/uploads\/2025\/08\/47e5fce149bcf4f732691a0c4b98d867-1-1260x840.jpg\" width=\"1260\" height=\"840\"  \/><\/p>\n<p><\/a>\u00ab\u00a0C\u2019est quoi, ce bordel ?\u00a0\u00bb<\/p>\n<p>Elle informe aussi le spectateur que, malheureusement, les parents d\u2019Alex ne redeviendront jamais comme avant, ce qui n\u2019emp\u00eachera pas le petit gar\u00e7on de pouvoir se reconstruire une vie. <strong>La cruaut\u00e9 et la s\u00e8cheresse de la conclusion initiale ont donc \u00e9t\u00e9 adoucies<\/strong>, sans pour autant d\u00e9naturer l\u2019amertume de l\u2019\u0153uvre. Un compromis que tous les cin\u00e9astes n\u2019ont pas forc\u00e9ment la chance d\u2019obtenir, mais qui reste une forme d\u2019ing\u00e9rence.<\/p>\n<p>                    <img decoding=\"async\" alt=\"\" class=\"wp-image-518375\" style=\"object-fit:cover;width:25px;height:25px\" src=\"https:\/\/www.ecranlarge.com\/content\/uploads\/2023\/09\/arrow-right-circle.svg\"\/><\/p>\n<p><strong>\u00c9vanouis<\/strong> aurait-il \u00e9t\u00e9 meilleur si la vision de Zach Cregger avait \u00e9t\u00e9 laiss\u00e9e intacte, ou a-t-il eu raison de suivre les conseils du public pour permettre \u00e0 son film de mieux toucher son audience ? Chacun se fera son avis. L\u2019exp\u00e9rience ne semble, en tout cas, pas avoir refroidi le r\u00e9alisateur, qui parle d\u00e9j\u00e0 d\u2019un potentiel prequel centr\u00e9 sur le personnage de la sorci\u00e8re. Par ailleurs, <a href=\"https:\/\/www.ecranlarge.com\/films\/news\/reisdent-evil-details-film-zach-cregger\" data-type=\"post\" data-id=\"1329743\" target=\"_blank\" rel=\"noopener\">Cregger pr\u00e9pare aussi le futur reboot de <strong>Resident Evil<\/strong><\/a>, dont les r\u00eanes lui ont \u00e9t\u00e9 confi\u00e9es. <strong>\u00c9vanouis<\/strong> <strong>est \u00e0 d\u00e9couvrir en salles depuis le 6 ao\u00fbt 2025.<\/strong><\/p>\n","protected":false},"excerpt":{"rendered":"Si \u00c9vanouis a de quoi terrifier son public, le film d\u2019horreur devait, au d\u00e9part, s\u2019achever de fa\u00e7on encore&hellip;\n","protected":false},"author":2,"featured_media":319582,"comment_status":"","ping_status":"","sticky":false,"template":"","format":"standard","meta":{"footnotes":""},"categories":[1354],"tags":[58,59,1346,1011,27,1360],"class_list":{"0":"post-319581","1":"post","2":"type-post","3":"status-publish","4":"format-standard","5":"has-post-thumbnail","7":"category-films","8":"tag-divertissement","9":"tag-entertainment","10":"tag-films","11":"tag-fr","12":"tag-france","13":"tag-movies"},"share_on_mastodon":{"url":"https:\/\/pubeurope.com\/@fr\/115029537336998034","error":""},"_links":{"self":[{"href":"https:\/\/www.europesays.com\/fr\/wp-json\/wp\/v2\/posts\/319581","targetHints":{"allow":["GET"]}}],"collection":[{"href":"https:\/\/www.europesays.com\/fr\/wp-json\/wp\/v2\/posts"}],"about":[{"href":"https:\/\/www.europesays.com\/fr\/wp-json\/wp\/v2\/types\/post"}],"author":[{"embeddable":true,"href":"https:\/\/www.europesays.com\/fr\/wp-json\/wp\/v2\/users\/2"}],"replies":[{"embeddable":true,"href":"https:\/\/www.europesays.com\/fr\/wp-json\/wp\/v2\/comments?post=319581"}],"version-history":[{"count":0,"href":"https:\/\/www.europesays.com\/fr\/wp-json\/wp\/v2\/posts\/319581\/revisions"}],"wp:featuredmedia":[{"embeddable":true,"href":"https:\/\/www.europesays.com\/fr\/wp-json\/wp\/v2\/media\/319582"}],"wp:attachment":[{"href":"https:\/\/www.europesays.com\/fr\/wp-json\/wp\/v2\/media?parent=319581"}],"wp:term":[{"taxonomy":"category","embeddable":true,"href":"https:\/\/www.europesays.com\/fr\/wp-json\/wp\/v2\/categories?post=319581"},{"taxonomy":"post_tag","embeddable":true,"href":"https:\/\/www.europesays.com\/fr\/wp-json\/wp\/v2\/tags?post=319581"}],"curies":[{"name":"wp","href":"https:\/\/api.w.org\/{rel}","templated":true}]}}