{"id":319583,"date":"2025-08-14T22:43:10","date_gmt":"2025-08-14T22:43:10","guid":{"rendered":"https:\/\/www.europesays.com\/fr\/319583\/"},"modified":"2025-08-14T22:43:10","modified_gmt":"2025-08-14T22:43:10","slug":"deux-cas-de-chikungunya-detectes-a-frejus-une-enquete-epidemiologique-va-etre-menee-annonce-la-ville","status":"publish","type":"post","link":"https:\/\/www.europesays.com\/fr\/319583\/","title":{"rendered":"Deux cas de chikungunya d\u00e9tect\u00e9s \u00e0 Fr\u00e9jus, une enqu\u00eate \u00e9pid\u00e9miologique va \u00eatre men\u00e9e, annonce la Ville"},"content":{"rendered":"<p>Les services de la commune pr\u00e9cisent que \u00ab\u2005les recommandations li\u00e9es au traitement adulticide sont donn\u00e9es aux habitants en main propre ou dans leur bo\u00eete aux lettres par l\u2019Entente Interd\u00e9partementale de D\u00e9moustication\u2005\u00bb.<\/p>\n<p>En outre, la commune annonce qu\u2019\u00a0\u00bbune enqu\u00eate \u00e9pid\u00e9miologique en porte-\u00e0-porte sera organis\u00e9e mercredi 20 ao\u00fbt apr\u00e8s-midi et jeudi 21 au matin dans le domaine du Castellas. Elle sera r\u00e9alis\u00e9e par une \u00e9quipe compos\u00e9e de membres de Sant\u00e9 Publique France et de l\u2019ARS Paca\u00a0\u00bb.<\/p>\n","protected":false},"excerpt":{"rendered":"Les services de la commune pr\u00e9cisent que \u00ab\u2005les recommandations li\u00e9es au traitement adulticide sont donn\u00e9es aux habitants en&hellip;\n","protected":false},"author":2,"featured_media":319584,"comment_status":"","ping_status":"","sticky":false,"template":"","format":"standard","meta":{"footnotes":""},"categories":[10],"tags":[1011,27,72,71,3366],"class_list":{"0":"post-319583","1":"post","2":"type-post","3":"status-publish","4":"format-standard","5":"has-post-thumbnail","7":"category-sante","8":"tag-fr","9":"tag-france","10":"tag-health","11":"tag-sante","12":"tag-vie-locale"},"share_on_mastodon":{"url":"https:\/\/pubeurope.com\/@fr\/115029541148530592","error":""},"_links":{"self":[{"href":"https:\/\/www.europesays.com\/fr\/wp-json\/wp\/v2\/posts\/319583","targetHints":{"allow":["GET"]}}],"collection":[{"href":"https:\/\/www.europesays.com\/fr\/wp-json\/wp\/v2\/posts"}],"about":[{"href":"https:\/\/www.europesays.com\/fr\/wp-json\/wp\/v2\/types\/post"}],"author":[{"embeddable":true,"href":"https:\/\/www.europesays.com\/fr\/wp-json\/wp\/v2\/users\/2"}],"replies":[{"embeddable":true,"href":"https:\/\/www.europesays.com\/fr\/wp-json\/wp\/v2\/comments?post=319583"}],"version-history":[{"count":0,"href":"https:\/\/www.europesays.com\/fr\/wp-json\/wp\/v2\/posts\/319583\/revisions"}],"wp:featuredmedia":[{"embeddable":true,"href":"https:\/\/www.europesays.com\/fr\/wp-json\/wp\/v2\/media\/319584"}],"wp:attachment":[{"href":"https:\/\/www.europesays.com\/fr\/wp-json\/wp\/v2\/media?parent=319583"}],"wp:term":[{"taxonomy":"category","embeddable":true,"href":"https:\/\/www.europesays.com\/fr\/wp-json\/wp\/v2\/categories?post=319583"},{"taxonomy":"post_tag","embeddable":true,"href":"https:\/\/www.europesays.com\/fr\/wp-json\/wp\/v2\/tags?post=319583"}],"curies":[{"name":"wp","href":"https:\/\/api.w.org\/{rel}","templated":true}]}}