{"id":319589,"date":"2025-08-14T22:46:19","date_gmt":"2025-08-14T22:46:19","guid":{"rendered":"https:\/\/www.europesays.com\/fr\/319589\/"},"modified":"2025-08-14T22:46:19","modified_gmt":"2025-08-14T22:46:19","slug":"avec-windows-12-microsoft-aimerait-chambouler-lexperience-utilisateur-a-grand-renfort-dia","status":"publish","type":"post","link":"https:\/\/www.europesays.com\/fr\/319589\/","title":{"rendered":"Avec Windows 12, Microsoft aimerait chambouler l&rsquo;exp\u00e9rience utilisateur, \u00e0 grand renfort d&rsquo;IA"},"content":{"rendered":"<p>Pour Pavan Davuluri, directeur de Windows, l\u2019IA occupera une place centrale sur la prochaine version de Windows. Un usage qui pourrait changer la mani\u00e8re d\u2019utiliser nos ordinateurs.<\/p>\n<p><a target=\"_blank\" href=\"https:\/\/images.frandroid.com\/wp-content\/uploads\/2024\/01\/introducing-a-new-copilot-key-for-windows-11-pcs-0-7-screenshot.jpg\" class=\"article-content__figure\" rel=\"noopener\"><img fetchpriority=\"high\" decoding=\"async\" loading=\"eager\" width=\"1200\" height=\"675\" src=\"https:\/\/www.europesays.com\/fr\/wp-content\/uploads\/2025\/08\/introducing-a-new-copilot-key-for-windows-11-pcs-0-7-screenshot.jpg\" alt=\"\" class=\"wp-image-1901621 wp-image wp-image\"  \/><\/a>Le logo de Copilot \/\/ Source : Microsoft<\/p>\n<p>L\u2019intelligence artificielle continue d\u2019occuper une place centrale dans les discussions chez Microsoft. En trois ans, la firme a op\u00e9r\u00e9 un virage technologique complet autour de l\u2019IA, investissant plus de <strong>80 milliards de dollars dans cette technologie<\/strong>, sur l\u2019ann\u00e9e fiscale 2025. Un virage qui semble lui donner raison d\u2019un point de vue \u00e9conomique. La firme a gagn\u00e9 <a href=\"https:\/\/www.frandroid.com\/marques\/microsoft\/2718139_microsoft-licencie-9000-personnes-apres-avoir-realise-26-milliards-de-dollars-de-benefice\" target=\"_blank\" rel=\"noopener\">200 milliards de dollars de b\u00e9n\u00e9fice net ces deux derni\u00e8res ann\u00e9es<\/a> et est valoris\u00e9e \u00e0 plus de 3000 milliards de dollars en bourse. <\/p>\n<p>C\u2019est dans ce contexte financier prosp\u00e8re pour l\u2019entreprise qu\u2019on apprend de la part de Pavan Davuluri, vice-pr\u00e9sident ex\u00e9cutif de Microsoft et directeur de Windows, que la prochaine version du syst\u00e8me d\u2019exploitation pourrait \u00eatre centr\u00e9e sur une exp\u00e9rience IA.  <\/p>\n<p class=\"shortcode-container see-more\">\n    Pour aller plus loin<br \/><a href=\"https:\/\/www.frandroid.com\/marques\/microsoft\/2722413_tout-a-change-comment-microsoft-sest-egare-en-seulement-trois-ans\" target=\"_blank\" rel=\"noopener\">\u00ab Tout a chang\u00e9 \u00bb : comment Microsoft s\u2019est \u00e9gar\u00e9 en seulement trois ans<\/a>\n            <\/p>\n<p>Un syst\u00e8me tourn\u00e9 autour de l\u2019IA <\/p>\n<p>Dans une r\u00e9cente vid\u00e9o, Davuluri a confirm\u00e9 que l\u2019exp\u00e9rience Windows pourrait profond\u00e9ment \u00e9voluer, rapporte <a target=\"_blank\" href=\"https:\/\/www.windowscentral.com\/microsoft\/windows-11\/microsoft-teases-windows-12-next-version-os-agentic-ai-ambient-computing-copilot\" rel=\"noopener\">Windows Central<\/a>. Le syst\u00e8me d\u2019exploitation pourrait par exemple se tourner vers <strong>un contr\u00f4le \u00e0 la voix<\/strong>. Selon Davuluri, un utilisateur devrait pouvoir \u00eatre en mesure d\u2019interagir avec un ordinateur tout en parlant avec une autre personne. L\u2019ordinateur \u00ab devrait pouvoir comprendre s\u00e9mantiquement votre intention d\u2019interagir avec lui.\u00a0\u00bb, rapporte le directeur de Windows. <\/p>\n<p>Pour assurer et faciliter cette compr\u00e9hension, le syst\u00e8me d\u2019exploitation de Microsoft pourrait \u00eatre truff\u00e9 d\u2019<strong>agents IA<\/strong>. Les capacit\u00e9s multimodales offertes par les nouveaux LLM permettant par exemple d\u2019<a href=\"https:\/\/www.frandroid.com\/marques\/microsoft\/2577103_lia-de-windows-pourra-vous-apprendre-a-vous-servir-de-vos-logiciels-compliques\" target=\"_blank\" rel=\"noopener\">aider les utilisateurs \u00e0 mieux comprendre leurs applications<\/a>. Pour fonctionner, cette nouvelle architecture reposera de plus en plus sur une combinaison de fonctions locales et d\u2019autres reposants sur le cloud. <\/p>\n<p class=\"shortcode-container see-more\">\n    Pour aller plus loin<br \/><a href=\"https:\/\/www.frandroid.com\/culture-tech\/intelligence-artificielle\/1852573_cest-quoi-un-llm-comment-fonctionnent-les-moteurs-de-chatgpt-google-bard-et-autres\" target=\"_blank\" rel=\"noopener\">C\u2019est quoi un LLM\u2009? Comment fonctionnent les moteurs de ChatGPT, Gemini et autres\u2009?<\/a>\n            <\/p>\n<p>Prot\u00e9ger les utilisateurs<\/p>\n<p>Avec des changements aussi profonds, il reste maintenant \u00e0 voir comment Microsoft compte prot\u00e9ger les donn\u00e9es de ses utilisateurs. Ses premi\u00e8res exp\u00e9rimentations pouss\u00e9es en mati\u00e8re d\u2019intelligence artificielle ayant d\u00e9j\u00e0 suscit\u00e9 la controverse, notamment avec <a href=\"https:\/\/www.frandroid.com\/marques\/microsoft\/2578903_la-fonctionnalite-controversee-recall-de-windows-11-arrive-pour-de-vrai-cette-fois\" target=\"_blank\" rel=\"noopener\">la fonctionnalit\u00e9 Recall<\/a>. Pens\u00e9e pour aider les utilisateurs au quotidien en enregistrant leurs \u00e9crans, elle a d\u00e9j\u00e0 montr\u00e9 ses limites en enregistrant des donn\u00e9es sensibles comme les donn\u00e9es bancaires des utilisateurs. <\/p>\n<p class=\"shortcode-container see-more\">\n    Pour aller plus loin<br \/><a href=\"https:\/\/www.frandroid.com\/culture-tech\/intelligence-artificielle\/openai-chatgpt\/2737413_chatgpt-agent-cette-ia-dopenai-controle-votre-pc-et-les-premiers-bugs-font-peur\" target=\"_blank\" rel=\"noopener\">Voici ChatGPT Agent : cette IA d\u2019OpenAI contr\u00f4le tout votre PC (et les premiers bugs font peur)<\/a>\n            <\/p>\n<p>Cette \u00e9volution n\u2019\u00e9tant \u00e0 priori pr\u00e9vue que dans les cinq prochaines ann\u00e9es, Microsoft dispose encore d\u2019une marge de progression pour convaincre les utilisateurs de la fiabilit\u00e9 et la s\u00e9curit\u00e9 de ses outils actuels et futurs. <\/p>\n","protected":false},"excerpt":{"rendered":"Pour Pavan Davuluri, directeur de Windows, l\u2019IA occupera une place centrale sur la prochaine version de Windows. Un&hellip;\n","protected":false},"author":2,"featured_media":319590,"comment_status":"","ping_status":"","sticky":false,"template":"","format":"standard","meta":{"footnotes":""},"categories":[7],"tags":[1011,27,295,43,40,41,39,42,44],"class_list":{"0":"post-319589","1":"post","2":"type-post","3":"status-publish","4":"format-standard","5":"has-post-thumbnail","7":"category-sciences-et-technologies","8":"tag-fr","9":"tag-france","10":"tag-microsoft-windows-11","11":"tag-science","12":"tag-science-and-technology","13":"tag-sciences","14":"tag-sciences-et-technologies","15":"tag-technologies","16":"tag-technology"},"share_on_mastodon":{"url":"https:\/\/pubeurope.com\/@fr\/115029553013233953","error":""},"_links":{"self":[{"href":"https:\/\/www.europesays.com\/fr\/wp-json\/wp\/v2\/posts\/319589","targetHints":{"allow":["GET"]}}],"collection":[{"href":"https:\/\/www.europesays.com\/fr\/wp-json\/wp\/v2\/posts"}],"about":[{"href":"https:\/\/www.europesays.com\/fr\/wp-json\/wp\/v2\/types\/post"}],"author":[{"embeddable":true,"href":"https:\/\/www.europesays.com\/fr\/wp-json\/wp\/v2\/users\/2"}],"replies":[{"embeddable":true,"href":"https:\/\/www.europesays.com\/fr\/wp-json\/wp\/v2\/comments?post=319589"}],"version-history":[{"count":0,"href":"https:\/\/www.europesays.com\/fr\/wp-json\/wp\/v2\/posts\/319589\/revisions"}],"wp:featuredmedia":[{"embeddable":true,"href":"https:\/\/www.europesays.com\/fr\/wp-json\/wp\/v2\/media\/319590"}],"wp:attachment":[{"href":"https:\/\/www.europesays.com\/fr\/wp-json\/wp\/v2\/media?parent=319589"}],"wp:term":[{"taxonomy":"category","embeddable":true,"href":"https:\/\/www.europesays.com\/fr\/wp-json\/wp\/v2\/categories?post=319589"},{"taxonomy":"post_tag","embeddable":true,"href":"https:\/\/www.europesays.com\/fr\/wp-json\/wp\/v2\/tags?post=319589"}],"curies":[{"name":"wp","href":"https:\/\/api.w.org\/{rel}","templated":true}]}}