{"id":31959,"date":"2025-04-17T15:27:15","date_gmt":"2025-04-17T15:27:15","guid":{"rendered":"https:\/\/www.europesays.com\/fr\/31959\/"},"modified":"2025-04-17T15:27:15","modified_gmt":"2025-04-17T15:27:15","slug":"rencontre-avec-lautrice-lauren-elkin-simone-de-beauvoir-a-franchi-beaucoup-dinterdits-dans-ses-livres-moins-dans-sa-vie","status":"publish","type":"post","link":"https:\/\/www.europesays.com\/fr\/31959\/","title":{"rendered":"Rencontre avec l&rsquo;autrice Lauren Elkin : \u201cSimone de Beauvoir a franchi beaucoup d&rsquo;interdits dans ses livres, moins dans sa vie\u201d"},"content":{"rendered":"<p><strong>Il y a d\u2019ailleurs eu une version am\u00e9ricaine, \u00e0 laquelle la v\u00f4tre a \u00e9t\u00e9 compar\u00e9e dans un texte universitaire.<\/strong><\/p>\n<p>Ce travail me tenait tant \u00e0 c\u0153ur que je n\u2019ai pas eu le courage d\u2019aller lire ce que l\u2019autre traductrice a pu faire. Pourtant, je d\u00e9fends tout \u00e0 fait l\u2019id\u00e9e que plusieurs femmes puissent produire des ouvrages similaires, \u00e0 rebours d\u2019une logique capitaliste et patriarcale qui voudrait nous monter les unes contre les autres. Ce qui est dr\u00f4le, c\u2019est que ma version a \u00e9t\u00e9 jug\u00e9e comme tr\u00e8s britannique, alors que je suis am\u00e9ricaine\u2026 J\u2019imagine que mes \u00e9tudes, qui portaient sur la litt\u00e9rature anglaise du XIV\u00e8me si\u00e8cle, ont fait de moi la candidate id\u00e9ale pour les \u00e9ditions anglaises.<\/p>\n<p><strong>\u00c0 ce propos, un mot qui est beaucoup revenu au cours de la discussion du club litt\u00e9raire organis\u00e9 par Miu Miu est \u201cgirlhood\u201d, qui n\u2019a pas de traduction en fran\u00e7ais.<\/strong><\/p>\n<p>C\u2019est vrai\u2026 On pourrait parler de l\u2019\u00e9tat d\u2019\u00eatre une fille. Une p\u00e9riode de vie. Un \u00e9tat d\u2019\u00eatre !<\/p>\n<p><strong>\u00c0 la publication des Ins\u00e9parables, le philosophe Paul B. Preciado a \u00e9crit un article dans Lib\u00e9ration, intitul\u00e9 \u201cLa deuxi\u00e8me sexualit\u00e9 de Simone de Beauvoir\u201d. Il y pr\u00e9sente la relation d\u2019Andr\u00e9e et Sylvie comme une relation lesbienne. Vous pr\u00e9f\u00e9rez le mot queer.<\/strong><\/p>\n<p>En effet ! C\u2019est depuis devenu un ami, mais \u00e0 l\u2019\u00e9poque, on ne se connaissait pas encore. On n\u2019a donc jamais \u00e9chang\u00e9 sur ce texte. Il a \u00e9videmment des raisons politiques de tenir ces constats. Il n&rsquo;a pas tort, m\u00eame s\u2019il l\u2019exprime d\u2019une mani\u00e8re plus forte que je n\u2019aurais os\u00e9 le faire. Mais il a tous les droits de le faire : il a v\u00e9cu des relations lesbiennes. Il est bien plus impliqu\u00e9 que moi, qui suis dans une relation h\u00e9t\u00e9rosexuelle.<\/p>\n<p><strong>Lors de sa sortie, Les Ins\u00e9parables rouvre une discussion sur la fronti\u00e8re poreuse entre la r\u00e9alit\u00e9 et la fiction. L\u2019ouvrage, dans certaines \u00e9ditions, a \u00e9t\u00e9 publi\u00e9 avec des lettres et des photographies de Simone de Beauvoir et \u00c9lisabeth Lacoin \u2013 \u00e0 l\u2019encontre de la volont\u00e9 de l\u2019autrice qui pr\u00e9sentait ce texte comme pure fiction. Qu\u2019en pensez-vous ?<\/strong><\/p>\n<p>\u00c0 vrai dire, \u00e7a ne me pose pas de probl\u00e8me particulier. Je pense que c\u2019est int\u00e9ressant d&rsquo;avoir ces \u00e9l\u00e9ments, d&rsquo;un point de vue documentaire. Et puis, difficile de nier que Les Ins\u00e9parables porte sur sa vie ! Ce n\u2019est pas la seule fois qu\u2019elle met en sc\u00e8ne sa relation avec Zaza. Je pense \u00e0 M\u00e9moires d\u2019une jeune fille rang\u00e9e, o\u00f9 elle le fait sous la forme autographique. C\u2019est d\u2019ailleurs int\u00e9ressant de comparer le traitement de cette amiti\u00e9 entre les deux <a href=\"https:\/\/www.vogue.fr\/dossier\/livres\" isautogenerated=\"true\" target=\"_blank\" rel=\"noopener\">livres<\/a>. Il y a des passages entiers qui sont identiques ! Pas seulement similaires, identiques ! \u00c0 mon avis, pour <a href=\"https:\/\/www.vogue.fr\/article\/simone-de-beauvoir-livres-a-lire-deuxieme-sexe\" target=\"_blank\" rel=\"noopener\"><strong>Simone de Beauvoir<\/strong><\/a>, leur relation allait au-del\u00e0 des toutes les conventions. D\u2019ailleurs, j\u2019aime qu\u2019en France la fronti\u00e8re soit si floue entre la fiction et la non-fiction. Je pense notamment \u00e0 <a href=\"https:\/\/www.vogue.fr\/article\/neige-sinno-lire-la-realidad-critique-avis\" target=\"_blank\" rel=\"noopener\"><strong>Neige Sinno<\/strong><\/a>, que j\u2019ai rencontr\u00e9e r\u00e9cemment et qui raconte dans Triste Tigre ce qui lui est arriv\u00e9 entre 7 et 14 ans. Et elle a gagn\u00e9 le prix Femina ! J\u2019appr\u00e9cie qu\u2019en France on dise que l\u2019on publie des livres, plus que la fiction ou autre. \u00c7a m\u2019a beaucoup influenc\u00e9e dans mon \u00e9criture. Moi non plus, je n\u2019aime pas trancher entre les genres. C\u2019est plus int\u00e9ressant que de les envisager comme un tout, un continuum.<\/p>\n<p id=\"upc_6735e7d3d9987f781bca0c1a\" type=\"embed\" class=\"BaseWrap-sc-gjQpdd BaseText-ewhhUZ UnifiedProductCardName-jnQGSN iUEiRd qICFz vJQvI\">Neige Sinno &#8211; Triste Tigre<\/p>\n<p><strong>En parlant de continuum\u2026 peut-on envisager la relation entre Andr\u00e9e et Sylvie sous l\u2019aune du continuum lesbien, th\u00e9oris\u00e9 par Adrienne Rich dans La contrainte \u00e0 l\u2019h\u00e9t\u00e9rosexualit\u00e9 ?<\/strong><\/p>\n","protected":false},"excerpt":{"rendered":"Il y a d\u2019ailleurs eu une version am\u00e9ricaine, \u00e0 laquelle la v\u00f4tre a \u00e9t\u00e9 compar\u00e9e dans un texte&hellip;\n","protected":false},"author":2,"featured_media":31960,"comment_status":"","ping_status":"","sticky":false,"template":"","format":"standard","meta":{"footnotes":""},"categories":[1357],"tags":[11,1379,58,59,6757,1011,27,2173,1380],"class_list":{"0":"post-31959","1":"post","2":"type-post","3":"status-publish","4":"format-standard","5":"has-post-thumbnail","7":"category-livres","8":"tag-actualites","9":"tag-books","10":"tag-divertissement","11":"tag-entertainment","12":"tag-feminisme","13":"tag-fr","14":"tag-france","15":"tag-interview","16":"tag-livres"},"share_on_mastodon":{"url":"https:\/\/pubeurope.com\/@fr\/114354011821332561","error":""},"_links":{"self":[{"href":"https:\/\/www.europesays.com\/fr\/wp-json\/wp\/v2\/posts\/31959","targetHints":{"allow":["GET"]}}],"collection":[{"href":"https:\/\/www.europesays.com\/fr\/wp-json\/wp\/v2\/posts"}],"about":[{"href":"https:\/\/www.europesays.com\/fr\/wp-json\/wp\/v2\/types\/post"}],"author":[{"embeddable":true,"href":"https:\/\/www.europesays.com\/fr\/wp-json\/wp\/v2\/users\/2"}],"replies":[{"embeddable":true,"href":"https:\/\/www.europesays.com\/fr\/wp-json\/wp\/v2\/comments?post=31959"}],"version-history":[{"count":0,"href":"https:\/\/www.europesays.com\/fr\/wp-json\/wp\/v2\/posts\/31959\/revisions"}],"wp:featuredmedia":[{"embeddable":true,"href":"https:\/\/www.europesays.com\/fr\/wp-json\/wp\/v2\/media\/31960"}],"wp:attachment":[{"href":"https:\/\/www.europesays.com\/fr\/wp-json\/wp\/v2\/media?parent=31959"}],"wp:term":[{"taxonomy":"category","embeddable":true,"href":"https:\/\/www.europesays.com\/fr\/wp-json\/wp\/v2\/categories?post=31959"},{"taxonomy":"post_tag","embeddable":true,"href":"https:\/\/www.europesays.com\/fr\/wp-json\/wp\/v2\/tags?post=31959"}],"curies":[{"name":"wp","href":"https:\/\/api.w.org\/{rel}","templated":true}]}}