{"id":319593,"date":"2025-08-14T22:48:13","date_gmt":"2025-08-14T22:48:13","guid":{"rendered":"https:\/\/www.europesays.com\/fr\/319593\/"},"modified":"2025-08-14T22:48:13","modified_gmt":"2025-08-14T22:48:13","slug":"la-pologne-confirme-la-modernisation-de-ses-48-avions-de-combat-f-16-pour-325-milliards-deuros","status":"publish","type":"post","link":"https:\/\/www.europesays.com\/fr\/319593\/","title":{"rendered":"La Pologne confirme la modernisation de ses 48 avions de combat F-16 pour 3,25 milliards d&rsquo;euros"},"content":{"rendered":"<p><img fetchpriority=\"high\" decoding=\"async\" src=\"https:\/\/www.europesays.com\/fr\/wp-content\/uploads\/2025\/08\/f16-pologne-20250814.jpg\" alt=\"\" width=\"600\" height=\"336\" class=\"alignnone size-full wp-image-83407\"  \/><\/p>\n<p>Quand, en octobre dernier, elle a recommand\u00e9 au Congr\u00e8s d\u2019autoriser la modernisation des quarante-huit chasseurs-bombardiers F-16 de la force a\u00e9rienne polonaise, la Defense Security Cooperation Agency [DSCA], charg\u00e9e des ventes d\u2019\u00e9quipements militaires am\u00e9ricains \u00e0 l\u2019\u00e9tranger [FMS], avait eu la main lourde, en pr\u00e9sentant un devis s\u2019\u00e9levant \u00e0 7,3 milliards de dollars [soit pr\u00e8s de 6,5 milliards d\u2019euros]. <\/p>\n<p>Cependant, la Pologne avait demand\u00e9 plus d\u2019\u00e9quipements qu\u2019il n\u2019en fallait pour porter ses F-16 au standard Block 70\/72 \u00ab\u00a0Viper\u00a0\u00bb. Par exemple, elle voulait acqu\u00e9rir 58 radars AN\/APG-83 SABR [Scalable Agile Beam Radar] \u00e0 antenne active ou encore 73 syst\u00e8mes de guerre \u00e9lectronique AN\/ALQ-254(V)1 Viper Shield. <\/p>\n<p>Finalement, les n\u00e9gociations contractuelles men\u00e9es apr\u00e8s la publication de l\u2019avis de la DSCA ont permis de r\u00e9duire significativement le montant de la facture. En effet, le 13 ao\u00fbt, le ministre polonais de la D\u00e9fense, W\u0142adys\u0142aw Kosiniak-Kamysz, a officiellement approuv\u00e9 un accord avec les \u00c9tats-Unis pour moderniser l\u2019ensemble des F-16 C\/D Block 52+. La valeur du contrat s\u2019\u00e9l\u00e8ve \u00e0 3,25 milliards d\u2019euros. <\/p>\n<p>Dans le d\u00e9tail, les travaux pour porter ces chasseurs-bombardiers au standard Block 70\/72 \u00ab\u00a0Viper\u00a0\u00bb seront r\u00e9alis\u00e9s par WZL 2 [Wojskowe Zak\u0142ady Lotnicze Nr 2 \/ Usine d\u2019aviation n\u00b0 2], \u00e0 Bydgoszcz. Ils d\u00e9buteront en 2028 et s\u2019\u00e9taleront jusqu\u2019en 2038.<\/p>\n<blockquote class=\"twitter-tweet\">\n<p lang=\"pl\" dir=\"ltr\">Wicepremier W. <a href=\"https:\/\/twitter.com\/KosiniakKamysz?ref_src=twsrc%5Etfw\" target=\"_blank\" rel=\"noopener\">@KosiniakKamysz<\/a>: to jest wielki i dobry dzie\u0144 dla <a href=\"https:\/\/twitter.com\/hashtag\/WojskoPolskie?src=hash&amp;ref_src=twsrc%5Etfw\" target=\"_blank\" rel=\"noopener\">#WojskoPolskie<\/a> i dla Polski. Rok temu wsp\u00f3lnie z wiceministrem <a href=\"https:\/\/twitter.com\/pawelbejda?ref_src=twsrc%5Etfw\" target=\"_blank\" rel=\"noopener\">@pawelbejda<\/a> podpisywali\u015bmy kontrakt na \u015bmig\u0142owce <a href=\"https:\/\/twitter.com\/hashtag\/Apache?src=hash&amp;ref_src=twsrc%5Etfw\" target=\"_blank\" rel=\"noopener\">#Apache<\/a>. Dzi\u015b podpisujemy r\u00f3wnie wa\u017cny kontrakt na modernizacj\u0119 samolot\u00f3w F16. (\u2026) to wielki kontrakt\u2026 <a href=\"https:\/\/t.co\/gOuel2r5G4\">pic.twitter.com\/gOuel2r5G4<\/a><\/p>\n<p>\u2014 Ministerstwo Obrony Narodowej \ud83c\uddf5\ud83c\uddf1 (@MON_GOV_PL) <a href=\"https:\/\/twitter.com\/MON_GOV_PL\/status\/1955608842802249947?ref_src=twsrc%5Etfw\" target=\"_blank\" rel=\"noopener\">August 13, 2025<\/a><\/p>\n<\/blockquote>\n<p>\u00ab\u00a0La modernisation des 48 F-16 sera r\u00e9alis\u00e9e dans des installations polonaises. Cela signifie des emplois stables et le d\u00e9veloppement des comp\u00e9tences. Elle portera non seulement sur les avions eux-m\u00eames, mais aussi sur les radars, les communications, les syst\u00e8mes de reconnaissance ami-ennemi, les infrastructures au sol et les simulateurs. Il s\u2019agit d\u2019un investissement majeur, r\u00e9alis\u00e9 dans le respect des finances de l\u2019\u00c9tat\u00a0\u00bb, a fait valoir M. Kosiniak-Kamysz. <\/p>\n<p>Pour rappel, en d\u00e9cembre 2002, alors qu\u2019elle \u00e9tait sur le point d\u2019int\u00e9grer l\u2019Union europ\u00e9enne [UE] et qu\u2019elle venait de rejoindre l\u2019Otan, la Pologne fit savoir qu\u2019elle commanderait quarante-huit F-16 aupr\u00e8s de Lockheed Martin pour 3,5 milliards de dollars afin de remplacer ses MiG-21 de conception sovi\u00e9tique. Et cela aux d\u00e9pens du Mirage 2000-5 et du JAS-39 Gripen su\u00e9dois. Ce qui, \u00e0 l\u2019\u00e9poque, suscita une vive pol\u00e9mique, le pr\u00e9sident Chirac ayant critiqu\u00e9 en des termes peu diplomatiques l\u2019alignement de Varsovie sur Washington, \u00e0 un moment o\u00f9 Paris s\u2019opposait \u00e0 une nouvelle intervention militaire am\u00e9ricaine en Irak. <\/p>\n<p>\u00ab\u00a0Nous avons opt\u00e9 pour le F-16 et ce fut une excellente d\u00e9cision\u00a0\u00bb, a comment\u00e9  M. Kosiniak-Kamysz, pr\u00e8s de vingt-trois ans plus tard. Cependant, a-t-il ajout\u00e9, \u00ab\u00a0les capacit\u00e9s actuelles du F-16 version C\/D sont bonnes mais elles sont maintenant insuffisantes pour faire face aux menaces. Nous devons am\u00e9liorer les capacit\u00e9s de reconnaissance, les communications, l\u2019int\u00e9gration avec les [32 chasseurs-bombardiers] F-35, les [chars] Abrams et les [h\u00e9licopt\u00e8res d\u2019attaque] Apache ainsi que la capacit\u00e9 \u00e0 op\u00e9rer dans n\u2019importe quel domaine\u00a0\u00bb. <\/p>\n<p>Photo : Minist\u00e8re polonais de la D\u00e9fense<\/p>\n<p>\t\t\t\t\t\t\t\t\t\t\t\t\t<script async src=\"https:\/\/platform.twitter.com\/widgets.js\" charset=\"utf-8\"><\/script><\/p>\n","protected":false},"excerpt":{"rendered":"Quand, en octobre dernier, elle a recommand\u00e9 au Congr\u00e8s d\u2019autoriser la modernisation des quarante-huit chasseurs-bombardiers F-16 de la&hellip;\n","protected":false},"author":2,"featured_media":319594,"comment_status":"","ping_status":"","sticky":false,"template":"","format":"standard","meta":{"footnotes":""},"categories":[5],"tags":[11,17593,45771,45772,45773,1011,27,14,1332,24702,12,2437,1334,28],"class_list":{"0":"post-319593","1":"post","2":"type-post","3":"status-publish","4":"format-standard","5":"has-post-thumbnail","7":"category-international","8":"tag-actualites","9":"tag-f-16","10":"tag-f-16-block-70-72","11":"tag-f-16-viper","12":"tag-force-aerienne-polonaise","13":"tag-fr","14":"tag-france","15":"tag-international","16":"tag-lockheed-martin","17":"tag-modernisation","18":"tag-news","19":"tag-pologne","20":"tag-viper","21":"tag-world"},"share_on_mastodon":{"url":"https:\/\/pubeurope.com\/@fr\/115029560997780183","error":""},"_links":{"self":[{"href":"https:\/\/www.europesays.com\/fr\/wp-json\/wp\/v2\/posts\/319593","targetHints":{"allow":["GET"]}}],"collection":[{"href":"https:\/\/www.europesays.com\/fr\/wp-json\/wp\/v2\/posts"}],"about":[{"href":"https:\/\/www.europesays.com\/fr\/wp-json\/wp\/v2\/types\/post"}],"author":[{"embeddable":true,"href":"https:\/\/www.europesays.com\/fr\/wp-json\/wp\/v2\/users\/2"}],"replies":[{"embeddable":true,"href":"https:\/\/www.europesays.com\/fr\/wp-json\/wp\/v2\/comments?post=319593"}],"version-history":[{"count":0,"href":"https:\/\/www.europesays.com\/fr\/wp-json\/wp\/v2\/posts\/319593\/revisions"}],"wp:featuredmedia":[{"embeddable":true,"href":"https:\/\/www.europesays.com\/fr\/wp-json\/wp\/v2\/media\/319594"}],"wp:attachment":[{"href":"https:\/\/www.europesays.com\/fr\/wp-json\/wp\/v2\/media?parent=319593"}],"wp:term":[{"taxonomy":"category","embeddable":true,"href":"https:\/\/www.europesays.com\/fr\/wp-json\/wp\/v2\/categories?post=319593"},{"taxonomy":"post_tag","embeddable":true,"href":"https:\/\/www.europesays.com\/fr\/wp-json\/wp\/v2\/tags?post=319593"}],"curies":[{"name":"wp","href":"https:\/\/api.w.org\/{rel}","templated":true}]}}