{"id":319595,"date":"2025-08-14T22:49:12","date_gmt":"2025-08-14T22:49:12","guid":{"rendered":"https:\/\/www.europesays.com\/fr\/319595\/"},"modified":"2025-08-14T22:49:12","modified_gmt":"2025-08-14T22:49:12","slug":"aude-monts-darree-pourquoi-les-auteurs-dincendie-dampleur-peuvent-encourir-la-prison-a-perpetuite","status":"publish","type":"post","link":"https:\/\/www.europesays.com\/fr\/319595\/","title":{"rendered":"Aude, monts d\u2019Arr\u00e9e\u2026 Pourquoi les auteurs d\u2019incendie d\u2019ampleur peuvent encourir la prison \u00e0 perp\u00e9tuit\u00e9"},"content":{"rendered":"<p>Peines rehauss\u00e9es<\/p>\n<p>\u00ab\u00a0En cas d\u2019un incendie involontaire, les peines s\u2019\u00e9l\u00e8vent \u00e0 un an d\u2019emprisonnement et 15\u00a0000 euros d\u2019amende. Elles peuvent \u00eatre doubl\u00e9es en cas de manquement d\u00e9lib\u00e9r\u00e9 \u00e0 une obligation de s\u00e9curit\u00e9 ou de prudence, impos\u00e9e par la loi ou le r\u00e8glement\u00a0\u00bb, r\u00e9sume l\u2019avocate parisienne Erika Thiel.<\/p>\n<p>Dans le cas d\u2019un incendie volontairement d\u00e9clench\u00e9, le l\u00e9gislateur a largement augment\u00e9 le quantum. \u00ab\u00a0Les peines sans circonstance aggravante sont de dix ans d\u2019emprisonnement et de 150\u00a0000 euros d\u2019amende, alors que les peines avec circonstances aggravantes sont port\u00e9es \u00e0 15 ans et peuvent aller jusqu\u2019\u00e0 la r\u00e9clusion criminelle \u00e0 perp\u00e9tuit\u00e9. L\u2019infraction prend une qualification criminelle et non plus d\u00e9lictuelle s\u2019il y a mise en danger d\u2019autrui, personnes bless\u00e9es ou d\u00e9c\u00e9d\u00e9es dans l\u2019incendie\u00a0\u00bb. C\u2019est le cas, en ce mois d\u2019ao\u00fbt, du m\u00e9ga-incendie de l\u2019Aude puisqu\u2019<a href=\"https:\/\/www.letelegramme.fr\/france\/un-violent-incendie-sevit-dans-laude-au-moins-1-000-hectares-partis-en-fumee-et-un-camping-evacue-6867392.php\" target=\"_blank\" rel=\"noopener\">une femme de 65 ans a trouv\u00e9 la mort sur son lieu d\u2019habitation<\/a>. D\u2019apr\u00e8s les premiers \u00e9l\u00e9ments de l\u2019enqu\u00eate, tout porte \u00e0 croire qu\u2019il s\u2019agit d\u2019<a href=\"https:\/\/www.letelegramme.fr\/france\/lincendie-de-laude-pourrait-avoir-une-cause-criminelle-selon-le-procureur-de-montpellier-6870959.php\" target=\"_blank\" rel=\"noopener\">un d\u00e9part de feu volontaire<\/a>. Et malgr\u00e9 les moyens d\u00e9ploy\u00e9s, l\u2019auteur de cet incendie n\u2019a toujours pas \u00e9t\u00e9 retrouv\u00e9.<\/p>\n<p>\u00c0 Brasparts, l\u2019enqu\u00eate se poursuit<\/p>\n<p>Ce n\u2019est jamais une mince affaire de retrouver les auteurs, \u00e0 l\u2019image de l\u2019incendie qui a ravag\u00e9 en Bretagne les abords de la chapelle de Brasparts (29), dans les Monts d\u2019Arr\u00e9e, le 18 juillet 2022. L\u2019un de ces deux feux (voire les deux) \u00e9tait \u00ab\u00a0manifestement criminel\u00a0\u00bb, d\u2019apr\u00e8s le parquet de Quimper, qui a laiss\u00e9 la main au procureur brestois. \u00ab\u00a0Une instruction est toujours en cours\u00a0\u00bb, confirme sobrement Isabelle Johanny, vice-procureur \u00e0 Brest.<\/p>\n<p><img decoding=\"async\" src=\"https:\/\/www.europesays.com\/fr\/wp-content\/uploads\/2025\/08\/689e1a016901e2029b0520b2.1.jpeg\" width=\"480\" height=\"300\" class=\"web_golden_m\" loading=\"lazy\" alt=\"Le mont Saint-Michel de Brasparts, le mercredi 3\u00a0ao\u00fbt 2022, apr\u00e8s l\u2019incendie qui a ravag\u00e9 les Monts d\u2019Arr\u00e9e.\"\/>Le mont Saint-Michel de Brasparts, le mercredi 3\u00a0ao\u00fbt 2022, apr\u00e8s l\u2019incendie qui a ravag\u00e9 les Monts d\u2019Arr\u00e9e. (Nicolas Cr\u00e9ach\/Le T\u00e9l\u00e9gramme)<\/p>\n<p>Des moyens importants ont \u00e9t\u00e9 d\u00e9ploy\u00e9s pour ma\u00eetriser le sinistre et effectuer la remise en \u00e9tat et la r\u00e9ouverture du site aux randonneurs. Le pr\u00e9sident du d\u00e9partement du Finist\u00e8re, Ma\u00ebl de Calan, confirme l\u2019effort financier important (entre quatre et cinq millions d\u2019euros) mais avoue \u00ab\u00a0ne pas \u00eatre inform\u00e9 de l\u2019avanc\u00e9e de l\u2019enqu\u00eate\u00a0\u00bb.<\/p>\n<p>Six ans de prison ferme en juillet \u00e0 Perpignan<\/p>\n<p>Certaines d\u00e9cisions de justice sont actuellement un signe fort envoy\u00e9 aux pyromanes. En juillet dernier, le tribunal de Perpignan a prononc\u00e9 une peine de six ans de prison ferme \u00e0 l\u2019encontre d\u2019<a href=\"https:\/\/www.20minutes.fr\/justice\/4162333-20250707-perpignan-condamnation-exemplaire-auteur-feu-foret-geant\" target=\"_blank\" rel=\"noopener\">un homme de 53 ans, \u00e0 l\u2019origine de 32 incendies d\u00e9clench\u00e9s dans la r\u00e9gion<\/a>. Mais d\u2019autres condamnations restent tr\u00e8s \u00e9loign\u00e9es des peines maximums encourues, \u00e0 l\u2019image de celle prononc\u00e9e, <a href=\"https:\/\/www.franceinfo.fr\/faits-divers\/justice-proces\/reportage-je-ne-pouvais-plus-m-arreter-a-montpellier-un-incendiaire-condamne-a-deux-ans-de-prison-avec-sursis-pour-avoir-allume-des-dizaines-de-feux_7430410.html\" target=\"_blank\" rel=\"noopener\">lundi dernier, au tribunal de Montpellier<\/a>. Apr\u00e8s avoir reconnu \u00eatre \u00e0 l\u2019origine d\u2019une dizaine d\u2019incendies depuis sa voiture, \u00e0 l\u2019aide d\u2019un briquet, un homme de 30 ans a \u00e9cop\u00e9 de deux ans de prison, enti\u00e8rement assortis d\u2019un sursis probatoire.<\/p>\n","protected":false},"excerpt":{"rendered":"Peines rehauss\u00e9es \u00ab\u00a0En cas d\u2019un incendie involontaire, les peines s\u2019\u00e9l\u00e8vent \u00e0 un an d\u2019emprisonnement et 15\u00a0000 euros d\u2019amende.&hellip;\n","protected":false},"author":2,"featured_media":319596,"comment_status":"","ping_status":"","sticky":false,"template":"","format":"standard","meta":{"footnotes":""},"categories":[4],"tags":[11,1011,27,5383,303,12,25],"class_list":{"0":"post-319595","1":"post","2":"type-post","3":"status-publish","4":"format-standard","5":"has-post-thumbnail","7":"category-france","8":"tag-actualites","9":"tag-fr","10":"tag-france","11":"tag-incendies","12":"tag-justice","13":"tag-news","14":"tag-republique-francaise"},"share_on_mastodon":{"url":"https:\/\/pubeurope.com\/@fr\/115029564921886755","error":""},"_links":{"self":[{"href":"https:\/\/www.europesays.com\/fr\/wp-json\/wp\/v2\/posts\/319595","targetHints":{"allow":["GET"]}}],"collection":[{"href":"https:\/\/www.europesays.com\/fr\/wp-json\/wp\/v2\/posts"}],"about":[{"href":"https:\/\/www.europesays.com\/fr\/wp-json\/wp\/v2\/types\/post"}],"author":[{"embeddable":true,"href":"https:\/\/www.europesays.com\/fr\/wp-json\/wp\/v2\/users\/2"}],"replies":[{"embeddable":true,"href":"https:\/\/www.europesays.com\/fr\/wp-json\/wp\/v2\/comments?post=319595"}],"version-history":[{"count":0,"href":"https:\/\/www.europesays.com\/fr\/wp-json\/wp\/v2\/posts\/319595\/revisions"}],"wp:featuredmedia":[{"embeddable":true,"href":"https:\/\/www.europesays.com\/fr\/wp-json\/wp\/v2\/media\/319596"}],"wp:attachment":[{"href":"https:\/\/www.europesays.com\/fr\/wp-json\/wp\/v2\/media?parent=319595"}],"wp:term":[{"taxonomy":"category","embeddable":true,"href":"https:\/\/www.europesays.com\/fr\/wp-json\/wp\/v2\/categories?post=319595"},{"taxonomy":"post_tag","embeddable":true,"href":"https:\/\/www.europesays.com\/fr\/wp-json\/wp\/v2\/tags?post=319595"}],"curies":[{"name":"wp","href":"https:\/\/api.w.org\/{rel}","templated":true}]}}