{"id":319597,"date":"2025-08-14T22:50:16","date_gmt":"2025-08-14T22:50:16","guid":{"rendered":"https:\/\/www.europesays.com\/fr\/319597\/"},"modified":"2025-08-14T22:50:16","modified_gmt":"2025-08-14T22:50:16","slug":"ce-que-lon-sait-de-la-decouverte-de-quatre-corps-dans-la-seine","status":"publish","type":"post","link":"https:\/\/www.europesays.com\/fr\/319597\/","title":{"rendered":"ce que l\u2019on sait de la d\u00e9couverte de quatre corps dans la Seine"},"content":{"rendered":"<p>        <img decoding=\"async\" loading=\"lazy\" src=\"https:\/\/www.europesays.com\/fr\/wp-content\/uploads\/2025\/08\/c04abb4_upload-1-5mhmvri49mbk-000-69hv6f4.jpg\"  width=\"728\" height=\"409\" alt=\"Cette photo prise \u00e0 Choisy-le-Roi, en banlieue parisienne, le 14\u00a0ao\u00fbt 2025, montre la Seine o\u00f9 les pompiers ont \u00e9t\u00e9 appel\u00e9s pour rep\u00eacher les corps de quatre hommes.\"\/>  <\/p>\n<p>BERTRAND GUAY \/ AFP<\/p>\n<p>Cette photo prise \u00e0 Choisy-le-Roi, en banlieue parisienne, le 14\u00a0ao\u00fbt 2025, montre la Seine o\u00f9 les pompiers ont \u00e9t\u00e9 appel\u00e9s pour rep\u00eacher les corps de quatre hommes.<\/p>\n<p class=\"asset asset-text\">FAITS DIVERS &#8211; Les enqu\u00eateurs avancent sur la piste d\u2019un seul meurtre. Quatre <a href=\"https:\/\/www.huffingtonpost.fr\/faits-divers\/article\/pres-de-bordeaux-le-corps-d-une-femme-de-90-ans-retrouve-momifie-une-enquete-ouverte_227480.html\" target=\"_blank\" rel=\"noopener\">corps<\/a> d\u2019hommes ont \u00e9t\u00e9 rep\u00each\u00e9s mercredi 13\u00a0ao\u00fbt dans la Seine \u00e0\u00a0Choisy-le-Roi, dans le <a href=\"https:\/\/www.huffingtonpost.fr\/politique\/article\/louis-boyard-elu-lfi-a-villeneuve-saint-georges-ne-siegera-meme-pas-avec-ses-propres-troupes_247566.html\" target=\"_blank\" rel=\"noopener\">Val-de-Marne<\/a>, d\u00e9partement qui borde Paris au sud-est.<\/p>\n<p class=\"asset asset-text\">Une enqu\u00eate a \u00e9t\u00e9 ouverte en recherche des causes de la mort, a indiqu\u00e9 ce jeudi le parquet de Cr\u00e9teil \u00e0 l\u2019AFP, confirmant une information de source polici\u00e8re.<\/p>\n<p class=\"asset asset-text\">Le HuffPost fait le point sur ce que l\u2019on sait de cette macabre d\u00e9couverte.<\/p>\n<p>    Autopsie en cours, de premiers \u00e9l\u00e9ments    <\/p>\n<p class=\"asset asset-text\">D\u2019apr\u00e8s une source polici\u00e8re, les corps, retrouv\u00e9s v\u00eatus, sont ceux de quatre hommes majeurs, trois de \u00ab\u00a0type africain\u00a0\u00bb et un de \u00ab\u00a0type nord-africain\u00a0\u00bb, tandis que le parquet incite \u00e0 la prudence \u00ab\u00a0compte tenu de l\u2019\u00e9tat de d\u00e9gradation des corps\u00a0\u00bb.<\/p>\n<p class=\"asset asset-text\">Un seul des quatre d\u00e9funts a \u00e9t\u00e9 victime d\u2019un homicide, rapporte <a href=\"https:\/\/www.leparisien.fr\/faits-divers\/quatre-cadavres-repeches-a-choisy-le-roi-lune-des-victimes-est-morte-etranglee-14-08-2025-GJ4TUCOKAFA4JFFPX5YPJJ73EE.php?at_variant=link&amp;at_creation=Le%20Parisien&amp;at_campaign=Partage%20Twitter%20CM&amp;at_medium=Social%20media\" target=\"_blank\" rel=\"noopener\" title=\"Nouvelle fen\u00eatre\">Le Parisien<\/a>, qui tient cette information d\u2019une source proche du dossier. \u00ab\u00a0L\u2019autopsie pratiqu\u00e9e \u00e0 l\u2019Institut m\u00e9dico-l\u00e9gal de Paris r\u00e9v\u00e8le un \u00e9tranglement\u00a0\u00bb, a affirm\u00e9 cette source \u00e0 nos confr\u00e8res.<\/p>\n<p class=\"asset asset-text\">Les trois autres victimes, dont les corps sont tr\u00e8s ab\u00eem\u00e9s, seraient d\u00e9c\u00e9d\u00e9es d\u2019une \u00ab\u00a0cause naturelle\u00a0\u00bb. Toujours d\u2019apr\u00e8s la source du Parisien, l\u2019hypoth\u00e8se privil\u00e9gi\u00e9e par les enqu\u00eateurs est la suivante\u00a0: \u00ab\u00a0le ou les meurtriers ont jet\u00e9 \u00e0 l\u2019eau leur victime sans se douter qu\u2019elle se retrouverait \u00e0 proximit\u00e9 d\u2019autres cadavres.\u00a0\u00bb En d\u2019autres termes, les quatre corps retrouv\u00e9s ne sont pas forc\u00e9ment li\u00e9s.<\/p>\n<p>    Aucun lien \u00e9tabli pour l\u2019heure entre les corps    <\/p>\n<p class=\"asset asset-text\">Si aucun lien n\u2019a pu \u00eatre \u00e9tabli, \u00ab\u00a0c\u2019est parce que la configuration du fleuve \u00e0 cet endroit pouvait expliquer leur pr\u00e9sence simultan\u00e9e\u00a0\u00bb, d\u00e9taille le parquet, cit\u00e9 par <a href=\"https:\/\/www.bfmtv.com\/police-justice\/quatre-corps-retrouves-dans-la-seine-dans-le-val-de-marne-aucun-lien-entre-eux-etabli-a-ce-stade_AN-202508140302.html\" target=\"_blank\" rel=\"noopener\" title=\"Nouvelle fen\u00eatre\">BFMTV<\/a>. Les corps auraient pu d\u00e9river et se trouver au m\u00eame endroit, d\u2019apr\u00e8s\u00a0Bertrand Guillerm, le directeur de cabinet du maire, interrog\u00e9 par le m\u00eame m\u00e9dia.<\/p>\n<p class=\"asset asset-text\">Les sapeurs-pompiers de Paris sont intervenus aux alentours de 13\u00a0h\u00a030 \u00e0 proximit\u00e9 de la rue Fauler, non loin du Pont de\u00a0Choisy\u00a0qui relie cette ville de banlieue sud parisienne \u00e0 Cr\u00e9teil, ont-ils indiqu\u00e9 \u00e0 l\u2019AFP. L\u2019alerte avait \u00e9t\u00e9 donn\u00e9e peu avant par un passager voyageant dans le RER C, qui disait avoir aper\u00e7u un corps flottant dans la Seine, selon la source polici\u00e8re.<\/p>\n<p class=\"asset asset-text\">Prenant le relais des pompiers, les policiers locaux puis ceux de la brigade fluviale ont d\u00e9couvert les corps dans le fleuve\u00a0: un immerg\u00e9, un flottant en bordure de quai, un troisi\u00e8me coinc\u00e9 dans des branchages et un dernier emport\u00e9 par le courant, d\u00e9taille cette source.<\/p>\n<p class=\"asset asset-text\">Ils ont vraisemblablement \u00e9t\u00e9 immerg\u00e9s pendant plusieurs jours avant d\u2019\u00eatre d\u00e9couverts, selon la police, qui pr\u00e9cise que le commissariat de\u00a0Choisy-le-Roi a \u00e9t\u00e9 saisi de l\u2019enqu\u00eate.<\/p>\n","protected":false},"excerpt":{"rendered":"BERTRAND GUAY \/ AFP Cette photo prise \u00e0 Choisy-le-Roi, en banlieue parisienne, le 14\u00a0ao\u00fbt 2025, montre la Seine&hellip;\n","protected":false},"author":2,"featured_media":319598,"comment_status":"","ping_status":"","sticky":false,"template":"","format":"standard","meta":{"footnotes":""},"categories":[2],"tags":[11,118,1011,27,12,626,13527,1125],"class_list":{"0":"post-319597","1":"post","2":"type-post","3":"status-publish","4":"format-standard","5":"has-post-thumbnail","7":"category-actualites","8":"tag-actualites","9":"tag-faits-divers","10":"tag-fr","11":"tag-france","12":"tag-news","13":"tag-paris","14":"tag-seine","15":"tag-val-de-marne"},"share_on_mastodon":{"url":"https:\/\/pubeurope.com\/@fr\/115029568739665305","error":""},"_links":{"self":[{"href":"https:\/\/www.europesays.com\/fr\/wp-json\/wp\/v2\/posts\/319597","targetHints":{"allow":["GET"]}}],"collection":[{"href":"https:\/\/www.europesays.com\/fr\/wp-json\/wp\/v2\/posts"}],"about":[{"href":"https:\/\/www.europesays.com\/fr\/wp-json\/wp\/v2\/types\/post"}],"author":[{"embeddable":true,"href":"https:\/\/www.europesays.com\/fr\/wp-json\/wp\/v2\/users\/2"}],"replies":[{"embeddable":true,"href":"https:\/\/www.europesays.com\/fr\/wp-json\/wp\/v2\/comments?post=319597"}],"version-history":[{"count":0,"href":"https:\/\/www.europesays.com\/fr\/wp-json\/wp\/v2\/posts\/319597\/revisions"}],"wp:featuredmedia":[{"embeddable":true,"href":"https:\/\/www.europesays.com\/fr\/wp-json\/wp\/v2\/media\/319598"}],"wp:attachment":[{"href":"https:\/\/www.europesays.com\/fr\/wp-json\/wp\/v2\/media?parent=319597"}],"wp:term":[{"taxonomy":"category","embeddable":true,"href":"https:\/\/www.europesays.com\/fr\/wp-json\/wp\/v2\/categories?post=319597"},{"taxonomy":"post_tag","embeddable":true,"href":"https:\/\/www.europesays.com\/fr\/wp-json\/wp\/v2\/tags?post=319597"}],"curies":[{"name":"wp","href":"https:\/\/api.w.org\/{rel}","templated":true}]}}