{"id":319599,"date":"2025-08-14T22:51:27","date_gmt":"2025-08-14T22:51:27","guid":{"rendered":"https:\/\/www.europesays.com\/fr\/319599\/"},"modified":"2025-08-14T22:51:27","modified_gmt":"2025-08-14T22:51:27","slug":"loire-apres-une-semaine-dinterdiction-la-baignade-est-de-nouveau-autorisee-a-saint-victor-sur-loire","status":"publish","type":"post","link":"https:\/\/www.europesays.com\/fr\/319599\/","title":{"rendered":"Loire. Apr\u00e8s une semaine d\u2019interdiction, la baignade est de nouveau autoris\u00e9e \u00e0 Saint-Victor-sur-Loire"},"content":{"rendered":"<p>Une des semaines les plus chaudes de l\u2019\u00e9t\u00e9, et une baignade interdite\u2026 jusqu\u2019\u00e0 aujourd\u2019hui. Ce sc\u00e9nario difficile \u00e0 imaginer pour les vacanciers souffrant de la chaleur qui, alors m\u00eame que l\u2019interdiction venait d\u2019\u00eatre prononc\u00e9e, <a href=\"https:\/\/www.leprogres.fr\/environnement\/2025\/08\/09\/ils-se-baignent-malgre-l-interdiction-tout-le-monde-le-fait-donc-on-ne-va-pas-se-gener\" target=\"_blank\" rel=\"noopener\">continuaient \u00e0 faire trempette aux abords de la plage<\/a>, est termin\u00e9.<\/p>\n<p>D\u00e9sormais et jusqu\u2019\u00e0 vendredi prochain, ils pourront enfin profiter de l\u2019eau librement, la qualit\u00e9 de l\u2019eau ayant \u00e9t\u00e9 valid\u00e9e par l\u2019ARS. Le risque sanitaire, en cas d\u2019ingestion d\u2019eau contamin\u00e9e ou lors d\u2019une immersion prolong\u00e9e, est donc \u00e9cart\u00e9.<\/p>\n<p>Les analyses de l\u2019eau sont faites tous les lundis, pour un r\u00e9sultat obtenu en fin de semaine, permettant d\u2019autoriser (ou non) la baignade pour une semaine.\u00a0La zone de baignade surveill\u00e9e conserve les m\u00eames horaires d\u2019ouverture, entre 12 et 18 heures, tous les jours.<\/p>\n","protected":false},"excerpt":{"rendered":"Une des semaines les plus chaudes de l\u2019\u00e9t\u00e9, et une baignade interdite\u2026 jusqu\u2019\u00e0 aujourd\u2019hui. Ce sc\u00e9nario difficile \u00e0&hellip;\n","protected":false},"author":2,"featured_media":319600,"comment_status":"","ping_status":"","sticky":false,"template":"","format":"standard","meta":{"footnotes":""},"categories":[9653],"tags":[1111,11,2430,6698,7539,436,1777,674,107,1011,27,3367,12,1800,25,4001,29878],"class_list":{"0":"post-319599","1":"post","2":"type-post","3":"status-publish","4":"format-standard","5":"has-post-thumbnail","7":"category-saint-etienne","8":"tag-actu","9":"tag-actualites","10":"tag-auvergne-rhone-alpes","11":"tag-canicule","12":"tag-edition-loire-sud","13":"tag-environnement","14":"tag-eu","15":"tag-europe","16":"tag-fil-info","17":"tag-fr","18":"tag-france","19":"tag-loire","20":"tag-news","21":"tag-pollution","22":"tag-republique-francaise","23":"tag-saint-etienne","24":"tag-saint-victor-sur-loire"},"share_on_mastodon":{"url":"https:\/\/pubeurope.com\/@fr\/115029572582760227","error":""},"_links":{"self":[{"href":"https:\/\/www.europesays.com\/fr\/wp-json\/wp\/v2\/posts\/319599","targetHints":{"allow":["GET"]}}],"collection":[{"href":"https:\/\/www.europesays.com\/fr\/wp-json\/wp\/v2\/posts"}],"about":[{"href":"https:\/\/www.europesays.com\/fr\/wp-json\/wp\/v2\/types\/post"}],"author":[{"embeddable":true,"href":"https:\/\/www.europesays.com\/fr\/wp-json\/wp\/v2\/users\/2"}],"replies":[{"embeddable":true,"href":"https:\/\/www.europesays.com\/fr\/wp-json\/wp\/v2\/comments?post=319599"}],"version-history":[{"count":0,"href":"https:\/\/www.europesays.com\/fr\/wp-json\/wp\/v2\/posts\/319599\/revisions"}],"wp:featuredmedia":[{"embeddable":true,"href":"https:\/\/www.europesays.com\/fr\/wp-json\/wp\/v2\/media\/319600"}],"wp:attachment":[{"href":"https:\/\/www.europesays.com\/fr\/wp-json\/wp\/v2\/media?parent=319599"}],"wp:term":[{"taxonomy":"category","embeddable":true,"href":"https:\/\/www.europesays.com\/fr\/wp-json\/wp\/v2\/categories?post=319599"},{"taxonomy":"post_tag","embeddable":true,"href":"https:\/\/www.europesays.com\/fr\/wp-json\/wp\/v2\/tags?post=319599"}],"curies":[{"name":"wp","href":"https:\/\/api.w.org\/{rel}","templated":true}]}}