{"id":319605,"date":"2025-08-14T22:56:11","date_gmt":"2025-08-14T22:56:11","guid":{"rendered":"https:\/\/www.europesays.com\/fr\/319605\/"},"modified":"2025-08-14T22:56:11","modified_gmt":"2025-08-14T22:56:11","slug":"une-recrue-varoise-savoure-petit-jai-vu-gagner-toulon-a-la-television-avec-une-equipe-qui-faisait-rever-chaque-passionne","status":"publish","type":"post","link":"https:\/\/www.europesays.com\/fr\/319605\/","title":{"rendered":"Une recrue Varoise savoure : \u00ab\u00a0Petit, j\u2019ai vu gagner Toulon \u00e0 la t\u00e9l\u00e9vision avec une \u00e9quipe qui faisait r\u00eaver chaque passionn\u00e9\u00a0\u00bb"},"content":{"rendered":"<p>Arriv\u00e9 cet \u00e9t\u00e9 sur la Rade, <strong>Mat\u00e9o Garcia<\/strong> savoure d\u00e9j\u00e0 ses premi\u00e8res semaines sous le maillot toulonnais.<\/p>\n<p>L\u2019ancien ouvreur de l\u2019UBB, interrog\u00e9 par Rugbyrama, s\u2019est dit pleinement satisfait de son int\u00e9gration.<\/p>\n<p>\u00ab Je suis agr\u00e9ablement surpris par le cadre, et j\u2019ai \u00e9t\u00e9 tr\u00e8s bien accueilli par l\u2019ensemble du club. Sur le terrain, je me sens bien. J\u2019ai eu deux semaines de vacances en plus pour bien me remettre de ma blessure \u00e0 une cuisse. On a fait le point, et les sensations sont bonnes depuis la reprise. <\/p>\n<p>J\u2019en suis \u00e0 quatre semaines de travail, et je suis plut\u00f4t satisfait. Je prends beaucoup de plaisir \u00e0 d\u00e9couvrir le club, la r\u00e9gion, et les personnes du club. Les voyants sont au vert \u00bb, confie-t-il.<\/p>\n<p>S\u2019il a choisi de s\u2019engager assez t\u00f4t la saison pass\u00e9e, c\u2019est pour aborder sereinement la fin de son aventure \u00e0 Bordeaux.<\/p>\n<p>\u00ab C\u2019\u00e9tait un souhait de prendre ma d\u00e9cision assez t\u00f4t. J\u2019avais envie d\u2019avoir l\u2019esprit libre et \u00eatre \u00e0 100 % dans ma t\u00eate sur le projet de Bordeaux-B\u00e8gles. La d\u00e9cision de venir ici a \u00e9t\u00e9 plut\u00f4t facile \u00bb, explique-t-il.<\/p>\n<p><strong>Garcia garde en m\u00e9moire ses r\u00eaves d\u2019enfant, nourris par le grand RCT des ann\u00e9es fastes :<\/strong><\/p>\n<p>\u00ab Petit, j\u2019ai vu gagner Toulon \u00e0 la t\u00e9l\u00e9vision avec une \u00e9quipe qui faisait r\u00eaver chaque passionn\u00e9. Wilkinson, Giteau\u2026 Ce sont des joueurs qui m\u2019ont fait r\u00eaver ! Quand j\u2019ai eu cette opportunit\u00e9, j\u2019ai eu envie d\u2019aller voir comment \u00e7a se passe ici. C\u2019est un club qui a gagn\u00e9, et qui sait gagner. Puis, Toulon, c\u2019est aussi Mayol, un stade mythique dans lequel j\u2019ai d\u00e9j\u00e0 des bons souvenirs. Pour moi, c\u2019\u00e9tait le meilleur choix \u00e0 ce stade de ma carri\u00e8re \u00bb.<\/p>\n","protected":false},"excerpt":{"rendered":"Arriv\u00e9 cet \u00e9t\u00e9 sur la Rade, Mat\u00e9o Garcia savoure d\u00e9j\u00e0 ses premi\u00e8res semaines sous le maillot toulonnais. L\u2019ancien&hellip;\n","protected":false},"author":2,"featured_media":232086,"comment_status":"","ping_status":"","sticky":false,"template":"","format":"standard","meta":{"footnotes":""},"categories":[9619],"tags":[1111,11,1777,674,1011,27,12,882,25,2310],"class_list":{"0":"post-319605","1":"post","2":"type-post","3":"status-publish","4":"format-standard","5":"has-post-thumbnail","7":"category-toulon","8":"tag-actu","9":"tag-actualites","10":"tag-eu","11":"tag-europe","12":"tag-fr","13":"tag-france","14":"tag-news","15":"tag-provence-alpes-cote-dazur","16":"tag-republique-francaise","17":"tag-toulon"},"share_on_mastodon":{"url":"https:\/\/pubeurope.com\/@fr\/115029592216575374","error":""},"_links":{"self":[{"href":"https:\/\/www.europesays.com\/fr\/wp-json\/wp\/v2\/posts\/319605","targetHints":{"allow":["GET"]}}],"collection":[{"href":"https:\/\/www.europesays.com\/fr\/wp-json\/wp\/v2\/posts"}],"about":[{"href":"https:\/\/www.europesays.com\/fr\/wp-json\/wp\/v2\/types\/post"}],"author":[{"embeddable":true,"href":"https:\/\/www.europesays.com\/fr\/wp-json\/wp\/v2\/users\/2"}],"replies":[{"embeddable":true,"href":"https:\/\/www.europesays.com\/fr\/wp-json\/wp\/v2\/comments?post=319605"}],"version-history":[{"count":0,"href":"https:\/\/www.europesays.com\/fr\/wp-json\/wp\/v2\/posts\/319605\/revisions"}],"wp:featuredmedia":[{"embeddable":true,"href":"https:\/\/www.europesays.com\/fr\/wp-json\/wp\/v2\/media\/232086"}],"wp:attachment":[{"href":"https:\/\/www.europesays.com\/fr\/wp-json\/wp\/v2\/media?parent=319605"}],"wp:term":[{"taxonomy":"category","embeddable":true,"href":"https:\/\/www.europesays.com\/fr\/wp-json\/wp\/v2\/categories?post=319605"},{"taxonomy":"post_tag","embeddable":true,"href":"https:\/\/www.europesays.com\/fr\/wp-json\/wp\/v2\/tags?post=319605"}],"curies":[{"name":"wp","href":"https:\/\/api.w.org\/{rel}","templated":true}]}}