{"id":319606,"date":"2025-08-14T22:57:14","date_gmt":"2025-08-14T22:57:14","guid":{"rendered":"https:\/\/www.europesays.com\/fr\/319606\/"},"modified":"2025-08-14T22:57:14","modified_gmt":"2025-08-14T22:57:14","slug":"lassistante-decole-maternelle-soupconnee-de-viols-remise-en-liberte-sous-controle-judiciaire-a-montpellier","status":"publish","type":"post","link":"https:\/\/www.europesays.com\/fr\/319606\/","title":{"rendered":"L\u2019assistante d\u2019\u00e9cole maternelle soup\u00e7onn\u00e9e de viols remise en libert\u00e9 sous contr\u00f4le judiciaire \u00e0 Montpellier"},"content":{"rendered":"<p>L\u2019assistante d\u2019\u00e9cole maternelle <a href=\"https:\/\/www.laprovence.com\/article\/faits-divers-justice\/30256726736600\/une-surveillante-dune-institution-catholique-privee-soupconnee-de-viol-enquete-ouverte-a-tours\" target=\"_blank\" rel=\"noopener\">soup\u00e7onn\u00e9e de viols <\/a>sera remise en libert\u00e9 sous contr\u00f4le judiciaire en libert\u00e9 sous contr\u00f4le judiciaire, a ordonn\u00e9 ce jeudi 14\u00a0ao\u00fbt la cour d\u2019appel de Montpellier. La femme est accus\u00e9e de viols et agressions sexuelles sur neuf enfants de trois \u00e0 quatre ans, a indiqu\u00e9 un avocat des parties civiles.<\/p>\n<p>Parmi les obligations de ce contr\u00f4le judiciaire figurent \u00ab\u00a0notamment celles de ne pas \u00eatre en contact avec les enfants et de ne plus r\u00e9sider dans l\u2019H\u00e9rault\u00a0\u00bb, a d\u00e9clar\u00e9 Me Marc Gallix \u00e0 l\u2019issue d\u2019une courte audience \u00e0 huis clos.<\/p>\n<p>Les parents des enfants\u00a0\u00ab\u00a0vont \u00eatre abasourdis en apprenant cette d\u00e9cision, je ne sais pas comment ils vont r\u00e9agir\u00a0\u00bb, a estim\u00e9 Me Gallix, en soulignant qu\u2019ils sont\u00a0\u00ab\u00a0\u00e0 pr\u00e9sent oblig\u00e9s d\u2019attendre la suite des investigations\u00a0\u00bb\u00a0ordonn\u00e9es par le juge d\u2019instruction.<\/p>\n<p>L\u2019accus\u00e9e clame son innocence<\/p>\n<p>Clamant son innocence, cette femme de 59\u00a0ans, qui travaillait depuis octobre\u00a02024 comme agent territorial d\u2019une \u00e9cole maternelle (Atsem) de Vic-La-Gardiole (H\u00e9rault), avait demand\u00e9 sa remise en libert\u00e9 mardi devant la cour d\u2019appel, deux semaines apr\u00e8s avoir \u00e9t\u00e9 mise en examen et plac\u00e9e en d\u00e9tention provisoire.<\/p>\n<p>Mardi, devant la cour d\u2019appel, les parties civiles et le parquet avaient r\u00e9clam\u00e9 son maintien en d\u00e9tention. De son c\u00f4t\u00e9, l\u2019assistante maternelle avait d\u00e9nonc\u00e9 un\u00a0\u00ab\u00a0complot\u00a0\u00bb. Son avocate n\u2019\u00e9tait pas imm\u00e9diatement joignable pour commenter la d\u00e9cision de la cour d\u2019appel.<\/p>\n<p>L\u2019enqu\u00eate a d\u00e9but\u00e9 \u00e0 la suite de la plainte d\u00e9pos\u00e9e par les familles de deux enfants d\u00e9but juillet, ce qui a entra\u00een\u00e9 le 3\u00a0juillet la suspension administrative \u00e0 titre conservatoire de l\u2019assistante maternelle par son employeur, la mairie de Vic-la-Gardiole, commune situ\u00e9e entre Montpellier et S\u00e8te.<\/p>\n<p>5 plaintes en cours<\/p>\n<p>Une information judiciaire a ensuite \u00e9t\u00e9 ouverte le 29\u00a0juillet pour des faits de viols sur mineurs de 15\u00a0ans et agression sexuelle sur mineurs de 15\u00a0ans par personne ayant autorit\u00e9. Pr\u00e9sent\u00e9e \u00e0 un juge d\u2019instruction, la suspecte avait \u00e9t\u00e9 mise en examen et \u00e9crou\u00e9e.<\/p>\n<p>\u00ab\u00a0Les faits vis\u00e9s concernent des actes de p\u00e9n\u00e9tration digitale et de masturbation susceptibles d\u2019avoir \u00e9t\u00e9 commis\u00a0\u00bb sur neuf enfants \u00e2g\u00e9s de trois \u00e0 quatre ans, avait pr\u00e9cis\u00e9 le 31\u00a0juillet dans un communiqu\u00e9 le procureur de la R\u00e9publique de Montpellier.\u00a0Selon Me Gallix, qui repr\u00e9sente les parents d\u2019une petite fille, outre les neuf parties civiles d\u00e9j\u00e0 constitu\u00e9es, il y a \u00ab\u00a0cinq plaintes en cours\u00a0\u00bb, ce qui ferait \u00ab\u00a0environ une quinzaine d\u2019enfants\u00a0\u00bb concern\u00e9s.<\/p>\n","protected":false},"excerpt":{"rendered":"L\u2019assistante d\u2019\u00e9cole maternelle soup\u00e7onn\u00e9e de viols sera remise en libert\u00e9 sous contr\u00f4le judiciaire en libert\u00e9 sous contr\u00f4le judiciaire,&hellip;\n","protected":false},"author":2,"featured_media":319607,"comment_status":"","ping_status":"","sticky":false,"template":"","format":"standard","meta":{"footnotes":""},"categories":[9599],"tags":[17,1111,11,45226,1777,674,274,1011,27,45774,27870,5758,2208,12,2680,19807,25,45775,14122],"class_list":{"0":"post-319606","1":"post","2":"type-post","3":"status-publish","4":"format-standard","5":"has-post-thumbnail","7":"category-montpellier","8":"tag-17","9":"tag-actu","10":"tag-actualites","11":"tag-decole","12":"tag-eu","13":"tag-europe","14":"tag-faits-divers-justice","15":"tag-fr","16":"tag-france","17":"tag-lassistante","18":"tag-liberte","19":"tag-maternelle","20":"tag-montpellier","21":"tag-news","22":"tag-occitanie","23":"tag-remise","24":"tag-republique-francaise","25":"tag-soupconnee","26":"tag-viols"},"share_on_mastodon":{"url":"https:\/\/pubeurope.com\/@fr\/115029596160940964","error":""},"_links":{"self":[{"href":"https:\/\/www.europesays.com\/fr\/wp-json\/wp\/v2\/posts\/319606","targetHints":{"allow":["GET"]}}],"collection":[{"href":"https:\/\/www.europesays.com\/fr\/wp-json\/wp\/v2\/posts"}],"about":[{"href":"https:\/\/www.europesays.com\/fr\/wp-json\/wp\/v2\/types\/post"}],"author":[{"embeddable":true,"href":"https:\/\/www.europesays.com\/fr\/wp-json\/wp\/v2\/users\/2"}],"replies":[{"embeddable":true,"href":"https:\/\/www.europesays.com\/fr\/wp-json\/wp\/v2\/comments?post=319606"}],"version-history":[{"count":0,"href":"https:\/\/www.europesays.com\/fr\/wp-json\/wp\/v2\/posts\/319606\/revisions"}],"wp:featuredmedia":[{"embeddable":true,"href":"https:\/\/www.europesays.com\/fr\/wp-json\/wp\/v2\/media\/319607"}],"wp:attachment":[{"href":"https:\/\/www.europesays.com\/fr\/wp-json\/wp\/v2\/media?parent=319606"}],"wp:term":[{"taxonomy":"category","embeddable":true,"href":"https:\/\/www.europesays.com\/fr\/wp-json\/wp\/v2\/categories?post=319606"},{"taxonomy":"post_tag","embeddable":true,"href":"https:\/\/www.europesays.com\/fr\/wp-json\/wp\/v2\/tags?post=319606"}],"curies":[{"name":"wp","href":"https:\/\/api.w.org\/{rel}","templated":true}]}}