{"id":319608,"date":"2025-08-14T22:58:17","date_gmt":"2025-08-14T22:58:17","guid":{"rendered":"https:\/\/www.europesays.com\/fr\/319608\/"},"modified":"2025-08-14T22:58:17","modified_gmt":"2025-08-14T22:58:17","slug":"le-temoignage-choc-dun-riverain","status":"publish","type":"post","link":"https:\/\/www.europesays.com\/fr\/319608\/","title":{"rendered":"le t\u00e9moignage choc d&rsquo;un riverain"},"content":{"rendered":"<p>            Par<br \/>\n        <strong><br \/>\n            <a href=\"https:\/\/actu.fr\/auteur\/jm-aubert\" title=\"Consulter tous les articles de Jean-Marc Aubert\" rel=\"nofollow noopener\" target=\"_blank\">Jean-Marc Aubert<\/a><br \/>\n        <\/strong><\/p>\n<p>        Publi\u00e9 le<\/p>\n<p>            14 ao\u00fbt 2025 \u00e0 16h35<br \/>\n        ; mis \u00e0 jour le 14 ao\u00fbt 2025 \u00e0 19h50    <\/p>\n<p>\/ INFO M\u00c9TROPOLITAIN \/<\/p>\n<p class=\" wall-content\">C\u2019est <strong>un t\u00e9moignage choc<\/strong>, celui d\u2019un riverain de la rue de la Loge, dans l\u2019\u00c9cusson, \u00e0 <strong>Montpellier<\/strong> : il a assist\u00e9 \u00e0 la violente agression d\u2019un Grenoblois en vacances \u00e2g\u00e9 de 20 ans, lard\u00e9 de six \u00e0 sept coups de couteau, frapp\u00e9 \u00e0 coups de pied \u00e0 la t\u00eate, alors qu\u2019il \u00e9tait inanim\u00e9, dans la nuit de mercredi 13 \u00e0 ce jeudi 14 ao\u00fbt 2025. Alex a \u00e9t\u00e9 r\u00e9veill\u00e9 en sursaut par ce qui se d\u00e9roulait sous ses fen\u00eatres.<\/p>\n<p>    <a href=\"https:\/\/www.google.com\/maps\/embed?pb=!1m18!1m12!1m3!1d3707.655394048573!2d3.8759826308169587!3d43.609164481093586!2m3!1f0!2f0!3f0!3m2!1i1024!2i768!4f13.1!3m3!1m2!1s0x12b6afa77531a143%3A0xf7c47fa1d57037bb!2sRue%20de%20la%20Loge%2C%2034000%20Montpellier!5e0!3m2!1sfr!2sfr!4v1755181613505!5m2!1sfr!2sfr\" title=\"Ouvrie le lien\" rel=\"nofollow noopener\" target=\"_blank\">Cliquez ici pour visualiser le contenu<\/a><\/p>\n<p class=\" wall-content\">C\u2019est lui qui a imm\u00e9diatement appel\u00e9 les sapeurs-pompiers du <strong>Sdis 34<\/strong> et <strong>police secours<\/strong> via le 17 vers 2h30, en d\u00e9couvrant \u00ab\u00a0une sc\u00e8ne terrifiante, inou\u00efe, une agression ultra-violente commise par un gar\u00e7on \u00e0 peu pr\u00e8s du m\u00eame \u00e2ge que la victime. Cet agresseur, petit et ch\u00e9tif d\u2019\u00e0 peine 50kg s\u2019est litt\u00e9ralement acharn\u00e9 sur celui qui \u00e9tait plus grand et baraqu\u00e9, frapp\u00e9 avec une arme blanche, et qui a re\u00e7u de nombreux coups de pied \u00e0 la t\u00eate. Avant l\u2019arriv\u00e9e des secours, j\u2019ai descendu plusieurs serviettes pour les placer sur la victime, inconsciente, qui saignait beaucoup. J\u2019ai \u00e9pong\u00e9 les traces de sang. Et j\u2019ai vu le couteau abandonn\u00e9 sur place\u00a0\u00bb. Alex ajoute que l\u2019arriv\u00e9e des pompiers et du Smur-Samu \u00ab\u00a0m\u2019a paru une \u00e9ternit\u00e9\u00a0\u00bb.<\/p>\n<p class=\" wall-content\">\u00c0 cette heure-l\u00e0, il n\u2019y avait pas grand monde dans une rue de la Loge, tr\u00e8s fr\u00e9quent\u00e9e en journ\u00e9e et jusqu\u2019\u00e0 la fermeture des bars, \u00e0 1h. \u00ab\u00a0\u00c0 50 m\u00e8tres, vers la place de la Com\u00e9die, des SDF avec leurs chiens \u00e9taient t assis, quasiment indiff\u00e9rents.\u00a0<\/p>\n<p class=\" wall-content\">C\u2019est sur cette art\u00e8re que les policiers nationaux assist\u00e9s des policiers municipaux ont interpell\u00e9 les quatre auteurs, dont celui identifi\u00e9 comme ayant tr\u00e8s gri\u00e8vement bless\u00e9 le vingtenaire. C\u2019est gr\u00e2ce \u00e0 la vid\u00e9o et aux photos r\u00e9alis\u00e9s par ce t\u00e9moin capital que les patrouilles et les enqu\u00eateurs du<strong> Service local de police judiciaire<\/strong> -Slpj- ont r\u00e9ussi \u00e0 les localiser et les interpeller, et non gr\u00e2ce aux cam\u00e9ras de vid\u00e9o-protection de la Ville de Montpellier, qui vont \u00eatre toutefois saisies rapidement et exploiter \u00e9galement. <strong>M\u00e9tropolitain<\/strong> a d\u00e9cid\u00e9 de ne pas diffuser cette vid\u00e9o. On y voit notamment les deux amis du vingtenaire allong\u00e9 au sol et en sang tenter de le prot\u00e9ger et de calmer le porteur du couteau, en vain.<\/p>\n<p>Vid\u00e9os : en ce moment sur ActuL\u2019agresseur vole le v\u00e9lo de la victime<\/p>\n<p class=\" wall-content\">\u00ab\u00a0Je pense que celui qui a lynch\u00e9 la victime avait inhal\u00e9 du protoxyde d\u2019azote qui procure un gaz hilarant tr\u00e8s dangereux pour la sant\u00e9, ou d\u2019autres substances, peut-\u00eatre que l\u2019enqu\u00eate le dira\u00a0\u00bb, analyse ce riverain, traumatis\u00e9 par la sc\u00e8ne \u00e0 laquelle a assist\u00e9. Avec ce d\u00e9tail impensable : apr\u00e8s avoir laiss\u00e9 la victime dans un \u00e9tat tr\u00e8s grave, l\u2019auteur des coups a, de plus, d\u00e9rob\u00e9 le v\u00e9lo utilis\u00e9 par la victime pour s\u2019enfuir avec ses trois coll\u00e8gues, indiff\u00e9rents \u00e0 la sauvagerie de l\u2019agression.<\/p>\n<p class=\" wall-content\">La victime et deux amis se d\u00e9pla\u00e7aient \u00e0 v\u00e9lo, en effet. Ils remontaient la rue de la Loge vers la pr\u00e9fecture et ont assist\u00e9 \u00e0 une embrouille entre quatre jeunes de leur \u00e2ge environ, une dispute entre eux. Mais le trio a, semble t-il voulu venir les calmer, pour tenter de les s\u00e9parer et tout a alors d\u00e9g\u00e9n\u00e9r\u00e9, avec les coups de couteau aux jambes et aux bras et de pieds dans la t\u00eate.<\/p>\n<p class=\" wall-content\">C\u2019est ce sc\u00e9nario effrayant qui semble se dessiner. La police technique et scientifique a saisi le couteau macul\u00e9 de sang pour pr\u00e9lever des traces ADN et autres. La garde \u00e0 vue des suspects \u00e2g\u00e9s de 17, 20, 21 et 26 ans qui se poursuit activement va durer 48h. Il serait \u00e9tabli que la victime, ses deux amis et les quatre agresseurs qui r\u00e9sident dans la banlieue de Grenoble ne se connaissaient pas. L\u2019enqu\u00eate pr\u00e9liminaire viserait une<strong> tentative de meurtre aggrav\u00e9e<\/strong>\u00a0et vol.<\/p>\n<p class=\" wall-content\">Suivez toute l\u2019actualit\u00e9 de vos villes et m\u00e9dias favoris en vous inscrivant \u00e0 <a href=\"https:\/\/moncompte.actu.fr\" title=\"D\u00e9couvez Mon Actu\" rel=\"nofollow noopener\" data-trk=\"{&quot;cta&quot;:{&quot;action&quot;:&quot;https:\\\/\\\/moncompte.actu.fr&quot;,&quot;category&quot;:&quot;mon compte&quot;,&quot;from&quot;:&quot;article footer&quot;,&quot;name&quot;:&quot;Mon actu&quot;,&quot;type&quot;:&quot;cta&quot;}}\" target=\"_blank\">Mon Actu<\/a>.<\/p>\n","protected":false},"excerpt":{"rendered":"Par Jean-Marc Aubert Publi\u00e9 le 14 ao\u00fbt 2025 \u00e0 16h35 ; mis \u00e0 jour le 14 ao\u00fbt 2025&hellip;\n","protected":false},"author":2,"featured_media":319609,"comment_status":"","ping_status":"","sticky":false,"template":"","format":"standard","meta":{"footnotes":""},"categories":[9599],"tags":[1111,11,1777,674,118,1011,27,303,2208,12,2680,1072,1311,25],"class_list":{"0":"post-319608","1":"post","2":"type-post","3":"status-publish","4":"format-standard","5":"has-post-thumbnail","7":"category-montpellier","8":"tag-actu","9":"tag-actualites","10":"tag-eu","11":"tag-europe","12":"tag-faits-divers","13":"tag-fr","14":"tag-france","15":"tag-justice","16":"tag-montpellier","17":"tag-news","18":"tag-occitanie","19":"tag-police","20":"tag-pompiers","21":"tag-republique-francaise"},"share_on_mastodon":{"url":"https:\/\/pubeurope.com\/@fr\/115029600044313086","error":""},"_links":{"self":[{"href":"https:\/\/www.europesays.com\/fr\/wp-json\/wp\/v2\/posts\/319608","targetHints":{"allow":["GET"]}}],"collection":[{"href":"https:\/\/www.europesays.com\/fr\/wp-json\/wp\/v2\/posts"}],"about":[{"href":"https:\/\/www.europesays.com\/fr\/wp-json\/wp\/v2\/types\/post"}],"author":[{"embeddable":true,"href":"https:\/\/www.europesays.com\/fr\/wp-json\/wp\/v2\/users\/2"}],"replies":[{"embeddable":true,"href":"https:\/\/www.europesays.com\/fr\/wp-json\/wp\/v2\/comments?post=319608"}],"version-history":[{"count":0,"href":"https:\/\/www.europesays.com\/fr\/wp-json\/wp\/v2\/posts\/319608\/revisions"}],"wp:featuredmedia":[{"embeddable":true,"href":"https:\/\/www.europesays.com\/fr\/wp-json\/wp\/v2\/media\/319609"}],"wp:attachment":[{"href":"https:\/\/www.europesays.com\/fr\/wp-json\/wp\/v2\/media?parent=319608"}],"wp:term":[{"taxonomy":"category","embeddable":true,"href":"https:\/\/www.europesays.com\/fr\/wp-json\/wp\/v2\/categories?post=319608"},{"taxonomy":"post_tag","embeddable":true,"href":"https:\/\/www.europesays.com\/fr\/wp-json\/wp\/v2\/tags?post=319608"}],"curies":[{"name":"wp","href":"https:\/\/api.w.org\/{rel}","templated":true}]}}